{"id":1001,"date":"2012-11-07T09:20:09","date_gmt":"2012-11-07T07:20:09","guid":{"rendered":"https:\/\/baraka.cc\/?p=1001"},"modified":"2014-01-03T09:20:37","modified_gmt":"2014-01-03T07:20:37","slug":"sol-anahtari-lefkosa-icin-ses-veriyoruz-etkinligine-katildi","status":"publish","type":"post","link":"https:\/\/baraka.cc\/?p=1001","title":{"rendered":"Sol Anahtar\u0131 \u201cLefko\u015fa \u0130\u00e7in Ses Veriyoruz\u201d Etkinli\u011fine Kat\u0131ld\u0131"},"content":{"rendered":"<p><!--[if gte mso 9]><xml>  <w:WordDocument>   <w:View>Normal<\/w:View>   <w:Zoom>0<\/w:Zoom>   <w:HyphenationZone>21<\/w:HyphenationZone>   <w:PunctuationKerning\/>   <w:ValidateAgainstSchemas\/>   <w:SaveIfXMLInvalid>false<\/w:SaveIfXMLInvalid>   <w:IgnoreMixedContent>false<\/w:IgnoreMixedContent>   <w:AlwaysShowPlaceholderText>false<\/w:AlwaysShowPlaceholderText>   <w:Compatibility>    <w:BreakWrappedTables\/>    <w:SnapToGridInCell\/>    <w:WrapTextWithPunct\/>    <w:UseAsianBreakRules\/>    <w:DontGrowAutofit\/>   <\/w:Compatibility>   <w:BrowserLevel>MicrosoftInternetExplorer4<\/w:BrowserLevel>  <\/w:WordDocument> <\/xml><![endif]--><\/p>\n<p class=\"NoSpacing\" style=\"text-align: justify; line-height: 200%;\">\n<p class=\"NoSpacing\" style=\"text-align: justify; line-height: 200%;\"><a href=\"https:\/\/www.baraka.cc\/images\/stories\/ktamskonser_2012_1.jpg\" target=\"_blank\"><img decoding=\"async\" loading=\"lazy\" alt=\" \" src=\"https:\/\/www.baraka.cc\/images\/stories\/ktamskonser_2012_1.jpg\" width=\"200\" height=\"149\" align=\"left\" border=\"2\" \/><\/a> <span style=\"font-size: 11.5pt; line-height: 200%; font-family: Verdana;\">K\u0131br\u0131s T\u00fcrk Amme Memurlar\u0131 Sendikas\u0131, Lefko\u015faya sahip \u00e7\u0131kmak ve Lefko\u015fa T\u00fcrk Belediyesi emek\u00e7ilerinin hakl\u0131 direni\u015fine destek vermek ama\u00e7l\u0131 bir etkinlik d\u00fczenledi. Sol Anahtar\u0131, 7 Kas\u0131m\u2019da sendika lokalinin \u00f6n\u00fcnde ger\u00e7ekle\u015fen bu etkinlikte Arda G\u00fcnd\u00fcz ile ayn\u0131 sahneyi payla\u015ft\u0131. Devrici \u015fark\u0131lar yine sokaktayd\u0131\u2026<\/span><\/p>\n<p class=\"NoSpacing\" style=\"text-align: justify; line-height: 200%;\">\n<p class=\"NoSpacing\" style=\"text-align: justify; line-height: 200%;\">\n<p class=\"NoSpacing\" style=\"text-align: justify; line-height: 200%;\"><a href=\"https:\/\/www.baraka.cc\/images\/stories\/ktamskonser_2012_2.jpg\" target=\"_blank\"><img decoding=\"async\" alt=\" \" src=\"https:\/\/www.baraka.cc\/images\/stories\/ktamskonser_2012_2.jpg\" width=\"200\" border=\"2\" \/><\/a><\/p>\n<p><!--[if gte mso 9]><xml>  <w:LatentStyles DefLockedState=\"false\" LatentStyleCount=\"156\">  <\/w:LatentStyles> <\/xml><![endif]--><!--[if gte mso 10]>\n\n\n<style>  \/* Style Definitions *\/  table.MsoNormalTable \t{mso-style-name:\"Table Normal\"; \tmso-tstyle-rowband-size:0; \tmso-tstyle-colband-size:0; \tmso-style-noshow:yes; \tmso-style-parent:\"\"; \tmso-padding-alt:0cm 5.4pt 0cm 5.4pt; \tmso-para-margin:0cm; \tmso-para-margin-bottom:.0001pt; \tmso-pagination:widow-orphan; \tfont-size:10.0pt; \tfont-family:\"Times New Roman\"; \tmso-ansi-language:#0400; \tmso-fareast-language:#0400; \tmso-bidi-language:#0400;} <\/style>\n\n <![endif]--><\/p>\n","protected":false},"excerpt":{"rendered":"<p>K\u0131br\u0131s T\u00fcrk Amme Memurlar\u0131 Sendikas\u0131, Lefko\u015faya sahip \u00e7\u0131kmak ve Lefko\u015fa T\u00fcrk Belediyesi emek\u00e7ilerinin hakl\u0131 direni\u015fine destek vermek ama\u00e7l\u0131 bir etkinlik d\u00fczenledi. Sol Anahtar\u0131, 7 Kas\u0131m\u2019da<\/p>\n","protected":false},"author":1,"featured_media":0,"comment_status":"open","ping_status":"open","sticky":false,"template":"","format":"standard","meta":{"jetpack_post_was_ever_published":false,"_jetpack_newsletter_access":"","_jetpack_newsletter_tier_id":0,"jetpack_publicize_message":"","jetpack_is_tweetstorm":false,"jetpack_publicize_feature_enabled":true,"jetpack_social_post_already_shared":false,"jetpack_social_options":{"image_generator_settings":{"template":"highway","enabled":false}}},"categories":[24],"tags":[],"jetpack_publicize_connections":[],"jetpack_featured_media_url":"","jetpack_shortlink":"https:\/\/wp.me\/p4eHWX-g9","jetpack_sharing_enabled":true,"_links":{"self":[{"href":"https:\/\/baraka.cc\/index.php?rest_route=\/wp\/v2\/posts\/1001"}],"collection":[{"href":"https:\/\/baraka.cc\/index.php?rest_route=\/wp\/v2\/posts"}],"about":[{"href":"https:\/\/baraka.cc\/index.php?rest_route=\/wp\/v2\/types\/post"}],"author":[{"embeddable":true,"href":"https:\/\/baraka.cc\/index.php?rest_route=\/wp\/v2\/users\/1"}],"replies":[{"embeddable":true,"href":"https:\/\/baraka.cc\/index.php?rest_route=%2Fwp%2Fv2%2Fcomments&post=1001"}],"version-history":[{"count":0,"href":"https:\/\/baraka.cc\/index.php?rest_route=\/wp\/v2\/posts\/1001\/revisions"}],"wp:attachment":[{"href":"https:\/\/baraka.cc\/index.php?rest_route=%2Fwp%2Fv2%2Fmedia&parent=1001"}],"wp:term":[{"taxonomy":"category","embeddable":true,"href":"https:\/\/baraka.cc\/index.php?rest_route=%2Fwp%2Fv2%2Fcategories&post=1001"},{"taxonomy":"post_tag","embeddable":true,"href":"https:\/\/baraka.cc\/index.php?rest_route=%2Fwp%2Fv2%2Ftags&post=1001"}],"curies":[{"name":"wp","href":"https:\/\/api.w.org\/{rel}","templated":true}]}}