{"id":10108,"date":"2024-01-22T14:13:15","date_gmt":"2024-01-22T12:13:15","guid":{"rendered":"https:\/\/baraka.cc\/?p=10108"},"modified":"2024-01-22T14:13:20","modified_gmt":"2024-01-22T12:13:20","slug":"yeryuzu-askin-yuzu-oluncaya-dek-onur-butuner","status":"publish","type":"post","link":"https:\/\/baraka.cc\/?p=10108","title":{"rendered":"Yery\u00fcz\u00fc A\u015fk\u0131n Y\u00fcz\u00fc Oluncaya Dek &#8211; Onur B\u00fct\u00fcner"},"content":{"rendered":"\n<p><\/p>\n\n\n\n<p>Dergimizin bas\u0131ma verildi\u011fi bu aylarda yeni bir y\u0131la do\u011fru yava\u015f yava\u015f ilerlerken son \u00fc\u00e7 ay\u0131m\u0131z, \u015fairin \u201cyaprak d\u00f6ker bir yan\u0131m\u0131z, bir yan\u0131m\u0131z bahar bah\u00e7e\u201d dizelerindeki gibi ge\u00e7ti. Bir yandan \u00fclkemizin hemen yan\u0131 ba\u015f\u0131nda bir sava\u015f s\u00fcrerken, bir yandan da \u00fclkeyi y\u00f6netti\u011fini sananlar, k\u00f6t\u00fcl\u00fc\u011f\u00fc ilmek ilmek \u00f6rmeye devam etmekte. Tabii bunlar\u0131n yan\u0131nda \u00fclkemizde bir yerlerde, \u00f6rg\u00fctl\u00fc k\u00f6t\u00fcl\u00fc\u011fe dur demek i\u00e7in u\u011fra\u015fan, karanl\u0131\u011fa kar\u015f\u0131 dimdik duran, m\u00fccadele eden, sokaklarda olan ayd\u0131nlar, devrimciler, demokratik kitle \u00f6rg\u00fctleri hep vard\u0131. O g\u00fczel g\u00fcnler i\u00e7in m\u00fccadele etmeye de devam edecekler\/edece\u011fiz.<\/p>\n\n\n\n<p>\u201cYaprak d\u00f6ker\u201d demi\u015fken, ne mi ya\u015fand\u0131 son \u00fc\u00e7 ay\u0131m\u0131zda? Belki de hepsini yazmak bu g\u00fcndem yaz\u0131s\u0131na s\u0131\u011fmayacakt\u0131r ama en az\u0131ndan birka\u00e7\u0131na de\u011finelim&#8230;<\/p>\n\n\n\n<p><strong>Dayan\u0131\u015fma halklar\u0131n zarafetidir<\/strong><\/p>\n\n\n\n<p>\u00dclkemizde ya\u015fananlara gelmeden \u00f6nce; hemen yak\u0131n co\u011frafyam\u0131zda bir sava\u015f tekrardan hortlad\u0131. Daha Ukrayna-Rusya aras\u0131ndaki sava\u015f\u0131n buhran\u0131n\u0131 atlatmam\u0131\u015fken Filistin ile \u0130srail sava\u015f\u0131n\u0131n tekrardan ba\u015flad\u0131\u011f\u0131n\u0131 g\u00f6rd\u00fck. \u0130srail egemenlerinin Filistin topraklar\u0131n\u0131 i\u015fgal etmek i\u00e7in a\u00e7t\u0131\u011f\u0131 bu sava\u015fta kim hakl\u0131 kim haks\u0131z\u0131 ararken, kaybetti\u011fimiz \u00e7ocuklar\u0131m\u0131z, emek\u00e7i insanlar\u0131m\u0131z oldu. T\u00fcm bu ya\u015fananlar, Ortado\u011fu\u2019daki \u00e7\u0131karlar\u0131n\u0131 d\u00fc\u015f\u00fcnen emperyalist devletler taraf\u0131ndan sadece seyredildi. Hatta seyredilmesini b\u0131rak\u0131n, bir\u00e7ok devlet, masum Filistin halk\u0131n\u0131n \u00fczerine bombalar atan \u0130srail devletini destekledi. D\u00fcnyan\u0131n farkl\u0131 \u00fclkelerindeki halklar ise Filistin halk\u0131n\u0131n yan\u0131nda yer alarak \u0130srail egemenlerini lanetleyen eylemler yapt\u0131. Bir tarafta kurumsal temsiliyet hakk\u0131na sahip emperyalist bir devlet (\u0130srail), di\u011fer tarafta ise t\u00fcm Filistini temsil etmeyen, hatta belki de i\u015fgale bahane bulmak i\u00e7in yarat\u0131lm\u0131\u015f bir \u00f6rg\u00fct varken (Hamas), her iki taraf\u0131 e\u015fitleyen, tarafs\u0131z bir bar\u0131\u015f s\u00f6ylemi yerine, ezilenin yan\u0131nda durmak bizlerin g\u00f6revi, dayan\u0131\u015fma halklar\u0131n zarafetidir. &nbsp;&nbsp;<\/p>\n\n\n\n<p><strong>E\u011fitim \u015fart! Ama nas\u0131l?<\/strong><\/p>\n\n\n\n<p>\u00dclkemizde ise g\u00fcndemin b\u00fcy\u00fck bir k\u0131sm\u0131n\u0131, okullar\u0131n a\u00e7\u0131lmas\u0131 ile birlikte E\u011fitim Bakanl\u0131\u011f\u0131\u2019n\u0131n emek\u00e7i ve \u00f6\u011fretmen d\u00fc\u015fman\u0131 kararlar\u0131 i\u015fgal etti. \u0130lk \u00f6nce, okullarda hi\u00e7bir altyap\u0131 planlamas\u0131 yap\u0131lmadan, deprem y\u00f6netmenli\u011fine uymayan okullar ile ilgili tedbirler al\u0131nmadan, Ankara\u2019dan gelen emre uymak i\u00e7in haftan\u0131n iki g\u00fcn\u00fc tam g\u00fcn e\u011fitim karar\u0131 al\u0131nd\u0131. \u00c7ocuklar\u0131n \u00f6\u011flen aralar\u0131ndaki ula\u015f\u0131m, yemek, g\u00fcvenlik gibi sorunlar\u0131 \u00e7\u00f6z\u00fclememi\u015fken, h\u0131zl\u0131 bir kararla tam g\u00fcn e\u011fitime ge\u00e7mek e\u011fitimi tam bir kaosa s\u00fcr\u00fckledi. Bu durum hem okullarda e\u011fitim yapan \u00f6\u011fretmenleri hem de aileleri ciddi zora soktu.<\/p>\n\n\n\n<p>Bu ke\u015fmeke\u015fin i\u00e7inde, okul kitaplar\u0131, kitap komisyonundaki akademisyenlerimizin g\u00f6r\u00fc\u015f\u00fc ve izni al\u0131nmadan, T\u00fcrkiye\u2019de de\u011fi\u015ftirildi ve apar topar bas\u0131ma verildi. Hem de kitaplarda pedogajik olarak bir\u00e7ok eksiklik ve hata olmas\u0131na ra\u011fmen&#8230; T\u00fcrkiye\u2019deki AKP iktidar\u0131n\u0131n \u00fclkemize yaymaya \u00e7al\u0131\u015ft\u0131\u011f\u0131 muhafazakarla\u015ft\u0131rma politikalar\u0131n\u0131, daha \u00f6nce Kuran kurslar\u0131 ile yaparken \u015fimdi de kitaplarla okullar\u0131n i\u00e7ine sokmaya \u00e7al\u0131\u015ft\u0131\u011f\u0131n\u0131 g\u00f6rd\u00fck. T\u00fcm bunlara kar\u015f\u0131 duran, sokakta m\u00fccadele eden \u00f6\u011fretmenler ise s\u00f6zde \u201cpolisi darp\u201d k\u0131l\u0131f\u0131 ile mahkemelerde s\u00fcr\u00fcnd\u00fcr\u00fclmeye ve y\u0131ld\u0131r\u0131lmaya \u00e7al\u0131\u015f\u0131l\u0131yor. Oysa bir okulun \u00f6n\u00fc, bir \u015fehrin meydan\u0131, bir sendikan\u0131n toplant\u0131 salonu nas\u0131l ki eylem alan\u0131 olabiliyorsa, mahkeme koridorlar\u0131 da bizler i\u00e7in bir eylem alan\u0131d\u0131r. Laik ve demokratik e\u011fitim m\u00fccadelesi, \u00f6rg\u00fctlenen veli hareketinin de deste\u011fi ile s\u00fcrecektir. &nbsp;&nbsp;&nbsp;<\/p>\n\n\n\n<p><strong>Asgari \u00fccret en d\u00fc\u015f\u00fck kamu maa\u015f\u0131na e\u015fitlenmeli<\/strong><\/p>\n\n\n\n<p>E\u011fitimde ya\u015fananlar\u0131n yan\u0131nda h\u00fckmetin emek\u00e7i d\u00fc\u015fman\u0131, sermaye dostu icraatlar\u0131 da h\u0131z kesmedi. H\u00fck\u00fcmet olup iktidar olamayanlar, sermayeyi zengin edip emek\u00e7ileri yoksulla\u015ft\u0131ran&nbsp; hayat pahal\u0131l\u0131\u011f\u0131na dur diyemezken, asgari \u00fccreti yerinde sayd\u0131r\u0131yor. Emek\u00e7ilerin temsil bile edilmedi\u011fi, art\u0131k miad\u0131n\u0131 dolduran Asgari \u00dccret Tespit Komisyonu\u2019nu la\u011fvederek asgari \u00fccreti en d\u00fc\u015f\u00fck kamu maa\u015f\u0131na e\u015fitlemek ak\u0131llar\u0131ndan bile ge\u00e7miyor. Ama bu talep, muhalif kesimler aras\u0131nda yay\u0131l\u0131p halkta kar\u015f\u0131l\u0131k buluyor.<\/p>\n\n\n\n<p>\u00d6te yandan, gelmi\u015f ge\u00e7mi\u015f b\u00fct\u00fcn h\u00fck\u00fcmetlerin s\u0131rt\u0131n\u0131 s\u0131vazlad\u0131\u011f\u0131 AKSA\u2019y\u0131 daha da palazland\u0131rmak i\u00e7in yap\u0131lan s\u00f6zle\u015fme ile hem d\u0131\u015fa ba\u011f\u0131ml\u0131l\u0131\u011f\u0131m\u0131z hem de elektrik zamlar\u0131 artarak devam edece\u011fe benziyor.<\/p>\n\n\n\n<p><strong>Bahar bah\u00e7e ellerimizde<\/strong><\/p>\n\n\n\n<p>Yaz\u0131 buraya kadar i\u00e7 karart\u0131c\u0131 olabilir. Ancak biraz da \u201cbahar bah\u00e7e\u201d k\u0131s\u0131mlar\u0131m\u0131za de\u011finelim. \u00dclkemizde t\u00fcm bunlara ra\u011fmen g\u00fczelden, emekten, sanattan, bar\u0131\u015ftan yana i\u015fler de son \u00fc\u00e7 ay\u0131m\u0131zda artarak ya\u015fanmaya devam etti.<\/p>\n\n\n\n<p>Filistin\u2019deki kirli sava\u015fa kar\u015f\u0131 devletimiz ses \u00e7\u0131karamazken bizim de par\u00e7as\u0131 oldu\u011fumuz bir eylem d\u00fczenlendi. Ba\u011f\u0131mz\u0131l\u0131k Yolu, Anonim Gen\u00e7lik ve Baraka olarak ABD Temsilcili\u011fi \u00f6n\u00fcnde yapt\u0131\u011f\u0131m\u0131z bas\u0131n a\u00e7\u0131klamas\u0131yla \u0130srail i\u015fgaline kar\u015f\u0131 sesin y\u00fckselmesi i\u00e7in m\u00fccadele ettik.<\/p>\n\n\n\n<p>Malum e\u011fitim k\u0131sm\u0131 son \u00fc\u00e7 ay\u0131m\u0131z\u0131 ciddi \u015fekilde me\u015fgul etmi\u015fti. Bir sebebi de e\u011fitimde yarat\u0131lan kaosa kar\u015f\u0131 ailelerin, \u00f6\u011fretmenlerin ve bizler gibi emekten, soldan yana m\u00fccadele eden demokratik kitle \u00f6rg\u00fctlerinin sessiz kalmamas\u0131 ve gerekli m\u00fccadeleyi s\u00fcrd\u00fcrme \u00e7abas\u0131yd\u0131. Sendikalar, demokratik kitle \u00f6rg\u00fctleri ve \u00f6rg\u00fctlenen velilerin yapt\u0131\u011f\u0131 bask\u0131lar sonucu, dayatma, \u00e7a\u011f d\u0131\u015f\u0131 kitaplar\u0131n okullarda aktif bir \u015fekilde kullan\u0131lmas\u0131 engellenmi\u015f oldu. Tam g\u00fcn e\u011fitimdeki kaos ve okullardaki yetersizlikler ile ilgili m\u00fccadele de \u00f6zellikle aileler ve sendikalar ile demokratik kitle \u00f6rg\u00fctleri taraf\u0131ndan h\u00e2l\u00e2 devam etmekte. \u00d6\u011fretmenleri dizginlemek ve sindirmek i\u00e7in ba\u015flat\u0131lan mahkeme s\u00fcrecinde de \u00f6\u011fretmenleri korkutaca\u011f\u0131n\u0131 zannedenler, \u00f6\u011fretmenlerin y\u0131lmad\u0131\u011f\u0131n\u0131 ve m\u00fccadeleyi b\u00fcy\u00fctmek i\u00e7in saflar\u0131 daha da s\u0131kla\u015ft\u0131rd\u0131\u011f\u0131n\u0131 g\u00f6rmektedir.<\/p>\n\n\n\n<p>Emek\u00e7i d\u00fc\u015fman\u0131, sermaye dostu icraatlara kar\u015f\u0131 da \u00f6zellikle emekten yana siyaset y\u00fcr\u00fcten devrimci hareket, m\u00fccadeleyi her platfromda b\u00fcy\u00fctmeye devam ediyor. Yeri gelir AKSA \u00f6n\u00fcnde, yeri gelir bakanl\u0131kta, yeri gelir bir meydanda bildiri da\u011f\u0131tarak, yazarak, \u015fark\u0131 s\u00f6ylerek, dans\u0131yla, tiyatrosuyla direni\u015fi yaymaya, sokaklarla bulu\u015fturmaya devam ediyor. \u00c7\u00fcnk\u00fc biliyoruz; \u00f6rg\u00fctlenip sokaklar\u0131 doldurduk\u00e7a, bizleri karanl\u0131\u011fa s\u00fcr\u00fcklemeye \u00e7al\u0131\u015fanlara kar\u015f\u0131 dur dedik\u00e7e kazanaca\u011f\u0131z.<\/p>\n\n\n\n<p>Yaz\u0131y\u0131 \u015fiir ile a\u00e7m\u0131\u015ft\u0131k ba\u015fka bir \u015fairin \u015fiiri ile bitirelim&#8230; \u201cBitmedi daha, s\u00fcr\u00fcyor o kavga ve s\u00fcrecek, yery\u00fcz\u00fc a\u015fk\u0131n y\u00fcz\u00fc oluncaya dek!\u201d<\/p>\n\n\n\n<figure class=\"wp-block-image\"><img decoding=\"async\" loading=\"lazy\" width=\"880\" height=\"440\" src=\"https:\/\/baraka.cc\/wp-content\/uploads\/2024\/01\/gundem.jpg\" alt=\"\" class=\"wp-image-10109\" srcset=\"https:\/\/baraka.cc\/wp-content\/uploads\/2024\/01\/gundem.jpg 880w, https:\/\/baraka.cc\/wp-content\/uploads\/2024\/01\/gundem-300x150.jpg 300w, https:\/\/baraka.cc\/wp-content\/uploads\/2024\/01\/gundem-768x384.jpg 768w\" sizes=\"(max-width: 880px) 100vw, 880px\" \/><\/figure>\n","protected":false},"excerpt":{"rendered":"<p>Dergimizin bas\u0131ma verildi\u011fi bu aylarda yeni bir y\u0131la do\u011fru yava\u015f yava\u015f ilerlerken son \u00fc\u00e7 ay\u0131m\u0131z, \u015fairin \u201cyaprak d\u00f6ker bir yan\u0131m\u0131z, bir yan\u0131m\u0131z bahar bah\u00e7e\u201d dizelerindeki<\/p>\n","protected":false},"author":16,"featured_media":10109,"comment_status":"open","ping_status":"open","sticky":false,"template":"","format":"standard","meta":{"jetpack_post_was_ever_published":false,"_jetpack_newsletter_access":"","_jetpack_newsletter_tier_id":0,"jetpack_publicize_message":"","jetpack_is_tweetstorm":false,"jetpack_publicize_feature_enabled":true,"jetpack_social_post_already_shared":true,"jetpack_social_options":{"image_generator_settings":{"template":"highway","enabled":false}}},"categories":[40,67,44,38,9,42,1,39],"tags":[],"jetpack_publicize_connections":[],"jetpack_featured_media_url":"https:\/\/baraka.cc\/wp-content\/uploads\/2024\/01\/gundem.jpg","jetpack_shortlink":"https:\/\/wp.me\/p4eHWX-2D2","jetpack_sharing_enabled":true,"_links":{"self":[{"href":"https:\/\/baraka.cc\/index.php?rest_route=\/wp\/v2\/posts\/10108"}],"collection":[{"href":"https:\/\/baraka.cc\/index.php?rest_route=\/wp\/v2\/posts"}],"about":[{"href":"https:\/\/baraka.cc\/index.php?rest_route=\/wp\/v2\/types\/post"}],"author":[{"embeddable":true,"href":"https:\/\/baraka.cc\/index.php?rest_route=\/wp\/v2\/users\/16"}],"replies":[{"embeddable":true,"href":"https:\/\/baraka.cc\/index.php?rest_route=%2Fwp%2Fv2%2Fcomments&post=10108"}],"version-history":[{"count":1,"href":"https:\/\/baraka.cc\/index.php?rest_route=\/wp\/v2\/posts\/10108\/revisions"}],"predecessor-version":[{"id":10110,"href":"https:\/\/baraka.cc\/index.php?rest_route=\/wp\/v2\/posts\/10108\/revisions\/10110"}],"wp:featuredmedia":[{"embeddable":true,"href":"https:\/\/baraka.cc\/index.php?rest_route=\/wp\/v2\/media\/10109"}],"wp:attachment":[{"href":"https:\/\/baraka.cc\/index.php?rest_route=%2Fwp%2Fv2%2Fmedia&parent=10108"}],"wp:term":[{"taxonomy":"category","embeddable":true,"href":"https:\/\/baraka.cc\/index.php?rest_route=%2Fwp%2Fv2%2Fcategories&post=10108"},{"taxonomy":"post_tag","embeddable":true,"href":"https:\/\/baraka.cc\/index.php?rest_route=%2Fwp%2Fv2%2Ftags&post=10108"}],"curies":[{"name":"wp","href":"https:\/\/api.w.org\/{rel}","templated":true}]}}