{"id":10193,"date":"2024-02-21T08:40:53","date_gmt":"2024-02-21T06:40:53","guid":{"rendered":"https:\/\/baraka.cc\/?p=10193"},"modified":"2024-02-21T08:40:57","modified_gmt":"2024-02-21T06:40:57","slug":"barakada-ayri-dunyalar-izlendi-emekci-kadinlarin-kosullari-ile-aydin-sorumlulugu-konulari-tartisildi","status":"publish","type":"post","link":"https:\/\/baraka.cc\/?p=10193","title":{"rendered":"Baraka\u2019da \u201cAyr\u0131 D\u00fcnyalar\u201d \u0130zlendi; Emek\u00e7i Kad\u0131nlar\u0131n Ko\u015fullar\u0131 ile Ayd\u0131n Sorumlulu\u011fu Konular\u0131 Tart\u0131\u015f\u0131ld\u0131"},"content":{"rendered":"\n<p>Baraka K\u00fclt\u00fcr Merkezi\u2019nde uzun y\u0131llard\u0131r devam eden ve verimli tart\u0131\u015fmalara vesile olan \u201cSun-\u0130zle-Tart\u0131\u015f\u201d etkinli\u011finde 17 \u015eubat Cumartesi \u201cAyr\u0131 D\u00fcnyalar\u201d isimli film izlendi. Film \u00f6ncesi yap\u0131lan sunu\u015fta filmin uyarland\u0131\u011f\u0131 romandan, yazardan ve oyuncular\u0131ndan bahsedildi. Ayr\u0131ca 8 Mart D\u00fcnya Emek\u00e7i Kad\u0131nlar G\u00fcn\u00fc yakla\u015f\u0131rken emek\u00e7i kad\u0131nlar\u0131n ya\u015fam ko\u015fullar\u0131n\u0131 anlamak ad\u0131na \u00f6nemli bir film oldu\u011fu vurguland\u0131.<\/p>\n\n\n\n<p>\u201cAyr\u0131 D\u00fcnyalar\u201d, yazaca\u011f\u0131 kitap i\u00e7in ger\u00e7ek hayattan beslenmek isteyen ve bu nedenle&nbsp; temizlik i\u015f\u00e7ili\u011fi yapan kad\u0131nlar\u0131n aras\u0131na kat\u0131lan bir yazar\u0131n hikayesini konu al\u0131yor. Yazar Marianne, kad\u0131nlar\u0131n yoksullu\u011funa, a\u011f\u0131r \u00e7al\u0131\u015fma ko\u015fullar\u0131na, hayallerine ve aralar\u0131ndaki &nbsp;dayan\u0131\u015fman\u0131n g\u00fcc\u00fcne \u015fahit olur. Ancak nihayetinde kendisi yoksul bir i\u015f\u00e7i de\u011fil, i\u015f\u00e7ilerin ko\u015fullar\u0131n\u0131 g\u00f6r\u00fcn\u00fcr k\u0131lmak isteyen bir yazard\u0131r.<\/p>\n\n\n\n<p>Film sonras\u0131ndaki tart\u0131\u015fmada ayd\u0131n sorumlulu\u011fuyla emek\u00e7ilerin ko\u015fular\u0131n\u0131n g\u00f6r\u00fcn\u00fcr k\u0131l\u0131nmas\u0131n\u0131n ve de\u011fi\u015ftirilmesi m\u00fccadelesinin \u00f6nemi belirtilirken, \u00f6te yandan da i\u015f\u00e7i s\u0131n\u0131f\u0131n\u0131n kurtulu\u015funun yaln\u0131zca kendi ellerinde olabilece\u011fi vurguland\u0131.<\/p>\n\n\n\n<p>Yak\u0131nda 12. Uluslarars\u0131 K\u0131br\u0131s \u0130\u015f\u00e7i Filmleri Festivali planland\u0131\u011f\u0131ndan bir sonraki \u201cSun-\u0130zle-Tart\u0131\u015f\u201d etkinli\u011finin festival sonras\u0131na b\u0131rak\u0131lmas\u0131 kararla\u015ft\u0131r\u0131ld\u0131.<\/p>\n\n\n\n<figure class=\"wp-block-gallery has-nested-images columns-default is-cropped wp-block-gallery-1 is-layout-flex\">\n<figure class=\"wp-block-image size-large\"><a href=\"https:\/\/baraka.cc\/wp-content\/uploads\/2024\/02\/IMG-20240220-WA0012.jpg\"><img decoding=\"async\" loading=\"lazy\" width=\"1024\" height=\"768\" data-id=\"10195\"  src=\"https:\/\/baraka.cc\/wp-content\/uploads\/2024\/02\/IMG-20240220-WA0012-1024x768.jpg\" alt=\"\" class=\"wp-image-10195\" srcset=\"https:\/\/baraka.cc\/wp-content\/uploads\/2024\/02\/IMG-20240220-WA0012-1024x768.jpg 1024w, https:\/\/baraka.cc\/wp-content\/uploads\/2024\/02\/IMG-20240220-WA0012-300x225.jpg 300w, https:\/\/baraka.cc\/wp-content\/uploads\/2024\/02\/IMG-20240220-WA0012-768x576.jpg 768w, https:\/\/baraka.cc\/wp-content\/uploads\/2024\/02\/IMG-20240220-WA0012-1536x1152.jpg 1536w, https:\/\/baraka.cc\/wp-content\/uploads\/2024\/02\/IMG-20240220-WA0012.jpg 1600w\" sizes=\"(max-width: 1024px) 100vw, 1024px\" \/><\/a><\/figure>\n\n\n\n<figure class=\"wp-block-image size-large\"><a href=\"https:\/\/baraka.cc\/wp-content\/uploads\/2024\/02\/IMG-20240221-WA0002.jpg\"><img decoding=\"async\" loading=\"lazy\" width=\"768\" height=\"1024\" data-id=\"10196\"  src=\"https:\/\/baraka.cc\/wp-content\/uploads\/2024\/02\/IMG-20240221-WA0002-768x1024.jpg\" alt=\"\" class=\"wp-image-10196\" srcset=\"https:\/\/baraka.cc\/wp-content\/uploads\/2024\/02\/IMG-20240221-WA0002-768x1024.jpg 768w, https:\/\/baraka.cc\/wp-content\/uploads\/2024\/02\/IMG-20240221-WA0002-225x300.jpg 225w, https:\/\/baraka.cc\/wp-content\/uploads\/2024\/02\/IMG-20240221-WA0002-1152x1536.jpg 1152w, https:\/\/baraka.cc\/wp-content\/uploads\/2024\/02\/IMG-20240221-WA0002.jpg 1200w\" sizes=\"(max-width: 768px) 100vw, 768px\" \/><\/a><\/figure>\n\n\n\n<figure class=\"wp-block-image size-large\"><a href=\"https:\/\/baraka.cc\/wp-content\/uploads\/2024\/02\/IMG-20240221-WA0003.jpg\"><img decoding=\"async\" loading=\"lazy\" width=\"1024\" height=\"768\" data-id=\"10197\"  src=\"https:\/\/baraka.cc\/wp-content\/uploads\/2024\/02\/IMG-20240221-WA0003-1024x768.jpg\" alt=\"\" class=\"wp-image-10197\" srcset=\"https:\/\/baraka.cc\/wp-content\/uploads\/2024\/02\/IMG-20240221-WA0003-1024x768.jpg 1024w, https:\/\/baraka.cc\/wp-content\/uploads\/2024\/02\/IMG-20240221-WA0003-300x225.jpg 300w, https:\/\/baraka.cc\/wp-content\/uploads\/2024\/02\/IMG-20240221-WA0003-768x576.jpg 768w, https:\/\/baraka.cc\/wp-content\/uploads\/2024\/02\/IMG-20240221-WA0003-1536x1152.jpg 1536w, https:\/\/baraka.cc\/wp-content\/uploads\/2024\/02\/IMG-20240221-WA0003.jpg 1600w\" sizes=\"(max-width: 1024px) 100vw, 1024px\" \/><\/a><\/figure>\n\n\n\n<figure class=\"wp-block-image size-large\"><a href=\"https:\/\/baraka.cc\/wp-content\/uploads\/2024\/02\/IMG-20240221-WA0004.jpg\"><img decoding=\"async\" loading=\"lazy\" width=\"1024\" height=\"768\" data-id=\"10194\"  src=\"https:\/\/baraka.cc\/wp-content\/uploads\/2024\/02\/IMG-20240221-WA0004-1024x768.jpg\" alt=\"\" class=\"wp-image-10194\" srcset=\"https:\/\/baraka.cc\/wp-content\/uploads\/2024\/02\/IMG-20240221-WA0004-1024x768.jpg 1024w, https:\/\/baraka.cc\/wp-content\/uploads\/2024\/02\/IMG-20240221-WA0004-300x225.jpg 300w, https:\/\/baraka.cc\/wp-content\/uploads\/2024\/02\/IMG-20240221-WA0004-768x576.jpg 768w, https:\/\/baraka.cc\/wp-content\/uploads\/2024\/02\/IMG-20240221-WA0004-1536x1152.jpg 1536w, https:\/\/baraka.cc\/wp-content\/uploads\/2024\/02\/IMG-20240221-WA0004.jpg 1600w\" sizes=\"(max-width: 1024px) 100vw, 1024px\" \/><\/a><\/figure>\n<\/figure>\n","protected":false},"excerpt":{"rendered":"<p>Baraka K\u00fclt\u00fcr Merkezi\u2019nde uzun y\u0131llard\u0131r devam eden ve verimli tart\u0131\u015fmalara vesile olan \u201cSun-\u0130zle-Tart\u0131\u015f\u201d etkinli\u011finde 17 \u015eubat Cumartesi \u201cAyr\u0131 D\u00fcnyalar\u201d isimli film izlendi. Film \u00f6ncesi yap\u0131lan<\/p>\n","protected":false},"author":9,"featured_media":10194,"comment_status":"open","ping_status":"open","sticky":false,"template":"","format":"standard","meta":{"jetpack_post_was_ever_published":false,"_jetpack_newsletter_access":"","_jetpack_newsletter_tier_id":0,"jetpack_publicize_message":"","jetpack_is_tweetstorm":false,"jetpack_publicize_feature_enabled":true,"jetpack_social_post_already_shared":true,"jetpack_social_options":{"image_generator_settings":{"template":"highway","enabled":false}}},"categories":[20,9,28,1],"tags":[],"jetpack_publicize_connections":[],"jetpack_featured_media_url":"https:\/\/baraka.cc\/wp-content\/uploads\/2024\/02\/IMG-20240221-WA0004.jpg","jetpack_shortlink":"https:\/\/wp.me\/p4eHWX-2Ep","jetpack_sharing_enabled":true,"_links":{"self":[{"href":"https:\/\/baraka.cc\/index.php?rest_route=\/wp\/v2\/posts\/10193"}],"collection":[{"href":"https:\/\/baraka.cc\/index.php?rest_route=\/wp\/v2\/posts"}],"about":[{"href":"https:\/\/baraka.cc\/index.php?rest_route=\/wp\/v2\/types\/post"}],"author":[{"embeddable":true,"href":"https:\/\/baraka.cc\/index.php?rest_route=\/wp\/v2\/users\/9"}],"replies":[{"embeddable":true,"href":"https:\/\/baraka.cc\/index.php?rest_route=%2Fwp%2Fv2%2Fcomments&post=10193"}],"version-history":[{"count":1,"href":"https:\/\/baraka.cc\/index.php?rest_route=\/wp\/v2\/posts\/10193\/revisions"}],"predecessor-version":[{"id":10198,"href":"https:\/\/baraka.cc\/index.php?rest_route=\/wp\/v2\/posts\/10193\/revisions\/10198"}],"wp:featuredmedia":[{"embeddable":true,"href":"https:\/\/baraka.cc\/index.php?rest_route=\/wp\/v2\/media\/10194"}],"wp:attachment":[{"href":"https:\/\/baraka.cc\/index.php?rest_route=%2Fwp%2Fv2%2Fmedia&parent=10193"}],"wp:term":[{"taxonomy":"category","embeddable":true,"href":"https:\/\/baraka.cc\/index.php?rest_route=%2Fwp%2Fv2%2Fcategories&post=10193"},{"taxonomy":"post_tag","embeddable":true,"href":"https:\/\/baraka.cc\/index.php?rest_route=%2Fwp%2Fv2%2Ftags&post=10193"}],"curies":[{"name":"wp","href":"https:\/\/api.w.org\/{rel}","templated":true}]}}