{"id":1030,"date":"2010-12-03T09:43:04","date_gmt":"2010-12-03T07:43:04","guid":{"rendered":"https:\/\/baraka.cc\/?p=1030"},"modified":"2014-01-03T09:44:14","modified_gmt":"2014-01-03T07:44:14","slug":"marksyzm-ve-ynsan-doasi","status":"publish","type":"post","link":"https:\/\/baraka.cc\/?p=1030","title":{"rendered":"MARKSYZM VE YNSAN DO?ASI"},"content":{"rendered":"<p align=\"center\"><span style=\"font-size: medium;\"><strong>\u00a0\u00a0<\/strong><\/span><\/p>\n<p class=\"MsoNormal\" style=\"margin: 0cm 0cm 0pt; line-height: 150%; text-align: justify;\"><span style=\"font-family: Verdana;\"><span style=\"font-size: medium;\"><strong>\u00a0\u00a0\u00a0<\/strong><\/span><\/span><\/p>\n<p class=\"MsoNormal\" style=\"margin: 0cm 0cm 0pt; line-height: 150%; text-align: justify;\"><span style=\"font-family: Verdana;\"><span style=\"font-size: medium;\"><strong>\u00a0\u00a0 \u00a0 <\/strong><\/span><\/span><\/p>\n<p><span style=\"font-family: Verdana;\"><span style=\"font-size: medium;\"><a href=\"https:\/\/www.baraka.cc\/images\/stories\/oku_marksizmveinsandogasi.jpg\" target=\"_blank\"><img decoding=\"async\" loading=\"lazy\" alt=\" \" src=\"https:\/\/www.baraka.cc\/images\/stories\/oku_marksizmveinsandogasi.jpg\" width=\"200\" height=\"289\" align=\"left\" border=\"2\" \/><\/a><\/span><\/span><span style=\"font-family: Verdana;\"><span style=\"font-size: medium;\">\u00a0 <\/span><span style=\"font-family: 'Verdana','sans-serif';\"><br \/>\n<\/span><\/span><\/p>\n<p class=\"MsoNormal\" style=\"margin: 0cm 0cm 0pt; line-height: 200%; text-align: justify;\"><span style=\"font-family: 'Verdana','sans-serif';\"><span style=\"font-size: medium;\">Baraka Okuma-Tarty?ma Grubu Sean Sayers\u2019in Marksizm ve Ynsan Do?asy isimli kitabyny okumaya ba?lyyor.<strong>\u00a0<\/strong><\/span><\/span><span style=\"font-family: 'Verdana','sans-serif';\"><span style=\"font-size: medium;\"><strong><span style=\"font-weight: normal; font-family: 'Verdana','sans-serif';\">Her Per?embe saat 18:00\u2019da Baraka\u2019da bulu?arak ger\u00e7ekle?tirdi?imiz okumalara siz de davetlisiniz.<\/span><\/strong><\/span><\/span><\/p>\n<p><span style=\"font-family: 'Verdana','sans-serif';\"><span style=\"font-size: medium;\"><strong><span style=\"font-weight: normal; font-family: 'Verdana','sans-serif';\">\u00a0\u00a0\u00a0 <\/span><\/strong><\/span><\/span><\/p>\n<p class=\"MsoNormal\" style=\"margin: 0cm 0cm 0pt; line-height: 200%; text-align: justify;\"><span style=\"font-size: medium;\"><span style=\"font-family: 'Verdana','sans-serif';\">Baraka okuma-tarty?ma gurubu Kasym ayynda Tufan Erh\u00fcrman\u2019yn \u201cYeni Sol\u201d isimli \u00e7aly?masyny bitirdi. CTP i\u00e7i bir tarty?ma niteli?i ta?yyan kitap, bizim a\u00e7ymyzdan muhataplarymyzyn politik duru?unu bilmek bakymyndan gayet \u00f6?retici oldu. Bu kitabyn ardyndan, okuma tarty?ma grubuna katylanlar tarafyndan yeni okunacak kitap belirlendi. \u00d6neriler arasyndan herkesin hem fikir olmasy ile Sean Sayer\u2019sin Yordam Yayynlary\u2019ndan \u00e7ykan kitaby, \u201c<\/span><span style=\"font-family: 'Verdana','sans-serif';\">Marksizm ve Ynsan Do?asy<\/span><span>\u201d okunmasy i\u00e7in kararla?tyryldy.<\/span><\/span><\/p>\n<p><span style=\"font-size: medium;\"><span>\u00a0\u00a0\u00a0\u00a0\u00a0\u00a0\u00a0\u00a0\u00a0\u00a0\u00a0\u00a0\u00a0\u00a0\u00a0\u00a0\u00a0\u00a0\u00a0\u00a0\u00a0\u00a0\u00a0\u00a0\u00a0\u00a0\u00a0 <\/span><\/span><\/p>\n<p class=\"MsoNormal\" style=\"margin: 0cm 0cm 0pt; line-height: 200%; text-align: justify;\"><span class=\"kitapyazi\"><span style=\"font-family: 'Verdana','sans-serif';\"><span style=\"font-size: medium;\">Ynsan do?asy diye bir ?ey var mydyr? Marksizm ve Ynsan Do?asy\u2019nda Sean Sayers, insan do?asynyn <\/span><\/span><\/span><span style=\"font-family: 'Verdana','sans-serif';\"><a href=\"http:\/\/www.kitapyurdu.com\/arama\/default.asp?stype=4&amp;LogID=&amp;type=list&amp;anahtar=tarih&amp;populer=0&amp;aramasekli=1&amp;exactly=ON&amp;satis=2&amp;x2=0&amp;populer=1\"><span style=\"text-decoration: none;\"><span style=\"font-size: medium;\">tarih<\/span><\/span><\/a><span class=\"kitapyazi\"><span style=\"font-size: medium;\">sel bir olgu oldu?unu savunuyor. Marx\u2019yn ve <\/span><\/span><a href=\"http:\/\/www.kitapyurdu.com\/arama\/default.asp?stype=4&amp;LogID=&amp;type=list&amp;anahtar=hegel&amp;populer=0&amp;aramasekli=1&amp;exactly=ON&amp;satis=2&amp;x2=0&amp;populer=1\"><span style=\"text-decoration: none;\"><span style=\"font-size: medium;\">Hegel<\/span><\/span><\/a><span class=\"kitapyazi\"><span style=\"font-size: medium;\">\u2019in \u00e7aly?malaryna dayanarak, apayry bir Marksist h\u00fcmanizme temel olu?turan insan gereksinimlerinin ve g\u00fc\u00e7lerinin <\/span><\/span><a href=\"http:\/\/www.kitapyurdu.com\/arama\/default.asp?stype=4&amp;LogID=&amp;type=list&amp;anahtar=tarih&amp;populer=0&amp;aramasekli=1&amp;exactly=ON&amp;satis=2&amp;x2=0&amp;populer=1\"><span style=\"text-decoration: none;\"><span style=\"font-size: medium;\">tarih<\/span><\/span><\/a><span class=\"kitapyazi\"><span style=\"font-size: medium;\">sel bir anlatymyny sunuyor. Yazara g\u00f6re, insanlar salt birer pasif <\/span><\/span><a href=\"http:\/\/www.kitapyurdu.com\/arama\/default.asp?stype=4&amp;LogID=&amp;type=list&amp;anahtar=birey&amp;populer=0&amp;aramasekli=1&amp;exactly=ON&amp;satis=2&amp;x2=0&amp;populer=1\"><span style=\"text-decoration: none;\"><span style=\"font-size: medium;\">birey<\/span><\/span><\/a><span style=\"font-size: medium;\"><span class=\"kitapyazi\">sel t\u00fcketici de?illerdir: Aktif, sosyal ve \u00fcretici varlyklardyr. Kitabyn ilk yarysy, eme?in ve \u00e7aly?manyn ya?amymyzda oynady?y temel rol\u00fc ve ba?armamyza nasyl katkyda bulundu?unu irdeliyor. Bu fikirlerden do?an ahlaksal ve toplumsal imalar, kitabyn ikinci yarysynda, hem analitik hem de postmodernist d\u00fc?\u00fcn\u00fcrlerin \u00e7aly?malary ba?lamynda analiz ediliyor.<\/span><\/span><\/span><\/p>\n<p class=\"MsoNormal\" style=\"margin: 0cm 0cm 0pt; line-height: 200%; text-align: justify;\"><span style=\"font-family: 'Verdana','sans-serif';\"><span style=\"font-size: medium;\"><span class=\"kitapyazi\">\u00a0\u00a0\u00a0\u00a0\u00a0\u00a0\u00a0\u00a0\u00a0\u00a0\u00a0\u00a0\u00a0\u00a0\u00a0\u00a0\u00a0\u00a0\u00a0\u00a0\u00a0\u00a0\u00a0\u00a0\u00a0\u00a0\u00a0 <\/span><br \/>\n<span class=\"kitapyazi\">Marksizm ve Ynsan Do?asy, Marksist <\/span><\/span><a href=\"http:\/\/www.kitapyurdu.com\/arama\/default.asp?stype=4&amp;LogID=&amp;type=list&amp;anahtar=tarih&amp;populer=0&amp;aramasekli=1&amp;exactly=ON&amp;satis=2&amp;x2=0&amp;populer=1\"><span style=\"text-decoration: none;\"><span style=\"font-size: medium;\">tarih<\/span><\/span><\/a><span class=\"kitapyazi\"><span style=\"font-size: medium;\"> anlayy?ynyn <\/span><\/span><a href=\"http:\/\/www.kitapyurdu.com\/arama\/default.asp?stype=4&amp;LogID=&amp;type=list&amp;anahtar=tutku&amp;populer=0&amp;aramasekli=1&amp;exactly=ON&amp;satis=2&amp;x2=0&amp;populer=1\"><span style=\"text-decoration: none;\"><span style=\"font-size: medium;\">tutku<\/span><\/span><\/a><span class=\"kitapyazi\"><span style=\"font-size: medium;\">lu ve geni? kapsamly bir savunmasyny yapyyor, toplum ve ahlak <\/span><\/span><a href=\"http:\/\/www.kitapyurdu.com\/arama\/default.asp?stype=4&amp;LogID=&amp;type=list&amp;anahtar=felsefe&amp;populer=0&amp;aramasekli=1&amp;exactly=ON&amp;satis=2&amp;x2=0&amp;populer=1\"><span style=\"text-decoration: none;\"><span style=\"font-size: medium;\">felsefe<\/span><\/span><\/a><span class=\"kitapyazi\"><span style=\"font-size: medium;\">si konusundaki \u00e7a?da? tarty?malaryn taraflaryny ele alyyor.<\/span><\/span><\/span><\/p>\n<p><span style=\"font-family: 'Verdana','sans-serif';\"><span class=\"kitapyazi\"><span style=\"font-size: medium;\">\u00a0\u00a0\u00a0\u00a0\u00a0\u00a0\u00a0\u00a0\u00a0\u00a0\u00a0\u00a0\u00a0\u00a0\u00a0\u00a0\u00a0\u00a0\u00a0\u00a0\u00a0\u00a0 <\/span><\/span><\/span><\/p>\n<p class=\"MsoNoSpacing\" style=\"margin: 0cm 0cm 0pt; line-height: 200%; text-align: justify;\"><span style=\"font-size: medium;\"><span style=\"font-family: 'Verdana','sans-serif';\">\u00a0\u00a0\u00a0\u00a0\u00a0\u00a0\u00a0\u00a0\u00a0\u00a0\u00a0\u00a0<\/span><span style=\"font-family: 'Verdana','sans-serif';\">\u00a0\u00a0\u00a0\u00a0\u00a0\u00a0\u00a0\u00a0\u00a0\u00a0\u00a0\u00a0\u00a0\u00a0\u00a0\u00a0\u00a0\u00a0\u00a0\u00a0\u00a0\u00a0\u00a0\u00a0\u00a0\u00a0 <\/span><\/span><\/p>\n","protected":false},"excerpt":{"rendered":"<p>\u00a0\u00a0 \u00a0\u00a0\u00a0 \u00a0\u00a0 \u00a0 \u00a0 Baraka Okuma-Tarty?ma Grubu Sean Sayers\u2019in Marksizm ve Ynsan Do?asy isimli kitabyny okumaya ba?lyyor.\u00a0Her Per?embe saat 18:00\u2019da Baraka\u2019da bulu?arak ger\u00e7ekle?tirdi?imiz okumalara<\/p>\n","protected":false},"author":1,"featured_media":0,"comment_status":"open","ping_status":"open","sticky":false,"template":"","format":"standard","meta":{"jetpack_post_was_ever_published":false,"_jetpack_newsletter_access":"","_jetpack_newsletter_tier_id":0,"jetpack_publicize_message":"","jetpack_is_tweetstorm":false,"jetpack_publicize_feature_enabled":true,"jetpack_social_post_already_shared":false,"jetpack_social_options":{"image_generator_settings":{"template":"highway","enabled":false}}},"categories":[31],"tags":[],"jetpack_publicize_connections":[],"jetpack_featured_media_url":"","jetpack_shortlink":"https:\/\/wp.me\/p4eHWX-gC","jetpack_sharing_enabled":true,"_links":{"self":[{"href":"https:\/\/baraka.cc\/index.php?rest_route=\/wp\/v2\/posts\/1030"}],"collection":[{"href":"https:\/\/baraka.cc\/index.php?rest_route=\/wp\/v2\/posts"}],"about":[{"href":"https:\/\/baraka.cc\/index.php?rest_route=\/wp\/v2\/types\/post"}],"author":[{"embeddable":true,"href":"https:\/\/baraka.cc\/index.php?rest_route=\/wp\/v2\/users\/1"}],"replies":[{"embeddable":true,"href":"https:\/\/baraka.cc\/index.php?rest_route=%2Fwp%2Fv2%2Fcomments&post=1030"}],"version-history":[{"count":1,"href":"https:\/\/baraka.cc\/index.php?rest_route=\/wp\/v2\/posts\/1030\/revisions"}],"predecessor-version":[{"id":1033,"href":"https:\/\/baraka.cc\/index.php?rest_route=\/wp\/v2\/posts\/1030\/revisions\/1033"}],"wp:attachment":[{"href":"https:\/\/baraka.cc\/index.php?rest_route=%2Fwp%2Fv2%2Fmedia&parent=1030"}],"wp:term":[{"taxonomy":"category","embeddable":true,"href":"https:\/\/baraka.cc\/index.php?rest_route=%2Fwp%2Fv2%2Fcategories&post=1030"},{"taxonomy":"post_tag","embeddable":true,"href":"https:\/\/baraka.cc\/index.php?rest_route=%2Fwp%2Fv2%2Ftags&post=1030"}],"curies":[{"name":"wp","href":"https:\/\/api.w.org\/{rel}","templated":true}]}}