{"id":1031,"date":"2010-08-23T09:43:07","date_gmt":"2010-08-23T07:43:07","guid":{"rendered":"https:\/\/baraka.cc\/?p=1031"},"modified":"2014-01-03T09:43:37","modified_gmt":"2014-01-03T07:43:37","slug":"aylenyn-ozel-mulkyyetyn-ve-devletyn-kokeny","status":"publish","type":"post","link":"https:\/\/baraka.cc\/?p=1031","title":{"rendered":"AYLENYN \u00d6ZEL M\u00dcLKYYETYN VE DEVLETYN K\u00d6KENY"},"content":{"rendered":"<p class=\"MsoNormal\" style=\"text-align: justify; line-height: 150%; margin: 0cm 0cm 0pt;\">\n<p align=\"center\"><span style=\"font-family: Verdana;\"><span style=\"font-size: medium;\"><strong>\u00a0 <\/strong><\/span><\/span><\/p>\n<p><span style=\"font-family: Verdana;\"><span style=\"font-size: medium;\"><a href=\"https:\/\/www.baraka.cc\/images\/stories\/oku_engels.jpg\" target=\"_blank\"><img decoding=\"async\" loading=\"lazy\" alt=\" \" src=\"https:\/\/www.baraka.cc\/images\/stories\/oku_engels.jpg\" width=\"200\" height=\"300\" align=\"left\" border=\"2\" \/><\/a><\/span><\/span><span style=\"font-family: Verdana;\"><span style=\"font-size: medium;\"><br \/>\n<\/span><\/span><\/p>\n<p class=\"MsoNormal\" style=\"text-align: justify; line-height: 150%; margin: 0cm 0cm 0pt;\"><span style=\"font-family: 'Verdana','sans-serif';\"><span style=\"font-size: medium;\"><strong>Baraka K\u00fclt\u00fcr Merkezi Okuma-Tarty?ma Grubu, nisan ayy ba?ynda okumaya ba?lady?y Sorun Yayynlary\u2019ndan \u00e7ykan Kadyn ve Marksizm isimli kitaby OKUMAYI BIRAKTI!<\/strong><\/span><\/span><\/p>\n<p class=\"MsoNormal\" style=\"text-align: justify; line-height: 150%; margin: 0cm 0cm 0pt;\"><span style=\"font-family: 'Verdana','sans-serif';\"><strong><span>\u00a0\u00a0\u00a0<\/span><\/strong><\/span><span style=\"font-family: 'Verdana','sans-serif';\"><span style=\"font-size: medium;\"><span><strong>\u00a0\u00a0\u00a0 <\/strong><\/span><\/span><\/span><\/p>\n<p>1950 \u00f6ncesi Editions Sociale tarafyndan Marx, Engels, Lenin, Stalin, Guesde, Bebel, Thorez, Lafargue vb. teorisyenlerin \u00e7e?itli yazylaryndan derlenmi? olan kitap; T\u00fcrkiye\u2019de Mayys 2003\u2019te sekizinci baskysyny yapmy?ty. Derlemeyi yapan Jeon Freville\u2019nin uzun giri? yazysyny okumaya ba?lady?ymyz andan itibaren ahlak\u00e7y, resmi ideoloji yaratma kaygysy g\u00fcden, kapitalist aile anlayy?y ile yary?an ve Marksizmin ailenin ger\u00e7ek savunucusu oldu?u iddiasy ta?yyan yakla?ymy benimsememi?tik. Gene de ele?tirel bir okuma yapabilece?imizi d\u00fc?\u00fcnerek kitaby okumaya devam ettik.<\/p>\n<p class=\"MsoNormal\" style=\"text-align: justify; line-height: 150%; margin: 0cm 0cm 0pt;\"><span style=\"font-family: 'Verdana','sans-serif';\"><span>\u00a0\u00a0\u00a0\u00a0\u00a0\u00a0\u00a0\u00a0\u00a0\u00a0\u00a0\u00a0\u00a0\u00a0\u00a0\u00a0<\/span><\/span><span style=\"font-family: 'Verdana','sans-serif';\"><span style=\"font-size: medium;\">\u00a0\u00a0\u00a0\u00a0\u00a0\u00a0\u00a0\u00a0\u00a0\u00a0\u00a0\u00a0\u00a0\u00a0\u00a0\u00a0\u00a0\u00a0\u00a0\u00a0\u00a0\u00a0\u00a0\u00a0\u00a0\u00a0 <\/span><\/span><\/p>\n<p>Kitabyn \u00f6ns\u00f6z\u00fcnde \u201cAyny zamanda, kadynlar gene bu metinlerde sosyalizmin \u00fcst\u00fcn bir insanlyk ta?ydy?yny, sosyalistlerin daha \u00fcst\u00fcn bir seviyeye getirmek istedikleri ve ?imdiden sosyalist \u00fclkelerde bu seviyeye getirdikleri AYLENYN GER\u00c7EK SAVUNUCULARI OLDUKLARININ KANITLARINI BULACAKLARDIR\u201d yazmaktaydy. Ancak biz Baraka Okuma \u2013 Tarty?ma Grubu olarak bu yakla?ymyn bir yorum farky oldu?unu d\u00fc?\u00fcnm\u00fc?, Marksist Klasiklerin saptyrylmasy ve orijinal metinlerin AMACA UYGUN DE?Y?TYRYLMESY ile in?a edilece?ine ihtimal vermemi?tik.<\/p>\n<p class=\"MsoNormal\" style=\"text-align: justify; line-height: 150%; margin: 0cm 0cm 0pt;\"><span style=\"font-family: 'Verdana','sans-serif';\"><span>\u00a0\u00a0\u00a0\u00a0\u00a0\u00a0\u00a0\u00a0\u00a0\u00a0\u00a0\u00a0\u00a0\u00a0\u00a0<\/span><\/span><span style=\"font-family: 'Verdana','sans-serif';\"><span style=\"font-size: medium;\">\u00a0\u00a0\u00a0\u00a0\u00a0\u00a0\u00a0\u00a0\u00a0\u00a0\u00a0\u00a0\u00a0\u00a0\u00a0\u00a0\u00a0\u00a0\u00a0\u00a0\u00a0\u00a0\u00a0\u00a0\u00a0\u00a0 <\/span><\/span><\/p>\n<p>Kitabyn, Engels\u2019e ait \u201cAilenin \u00d6zel M\u00fclkiyetin ve Devletin K\u00f6keni\u201d isimli kitaptan alyntylady?yny iddia etti?i b\u00f6l\u00fcmlerine ula?ty?ymyz vakit, RESMY YDEOLOJY YARATMA kaygysynyn ne kadar tehlikeli olabilece?inin kanytlaryny da okuyarak g\u00f6rd\u00fck. Engels\u2019ten alyntylandy?y iddia edilen b\u00f6l\u00fcmler bilin\u00e7li olarak syrasyz ve kary?yk se\u00e7ilmi?, derleyenin hayal g\u00fcc\u00fcne g\u00f6re ba?lyklar uydurulmu?, nesnel\/bilimsel kavramlar bilin\u00e7li olarak ahlak\u00e7y yargylar i\u00e7erenleri ile de?i?tirilmi?, alyntylaryn devam etti?i yerlerde belirtmeksizin c\u00fcmleler atlanmy? ve bazy kysymlar bilin\u00e7li olarak farkly yazylmy?tyr. Yki kitabyn ilgili b\u00f6l\u00fcmlerinin kar?ylykly olarak okunmasyndan elde etti?imiz kesin yargy; KADIN ve MARKSYZM isimli kitapta Engels\u2019in \u201cAYLENYN \u00d6ZEL M\u00dcLKYYETYN VE DEVLETYN K\u00d6KENY\u201d isimli kitabyndan alyntylandy?yny iddia edilen kysymlaryn BYLYN\u00c7LY OLARAK \u00c7ARPITILDI?IDIR.<\/p>\n<p class=\"MsoNormal\" style=\"text-align: justify; line-height: 150%; margin: 0cm 0cm 0pt;\"><span style=\"font-family: 'Verdana','sans-serif';\"><span>\u00a0\u00a0\u00a0\u00a0\u00a0\u00a0\u00a0\u00a0\u00a0\u00a0\u00a0\u00a0\u00a0\u00a0\u00a0\u00a0\u00a0\u00a0\u00a0<\/span><\/span><span style=\"font-family: 'Verdana','sans-serif';\"><span style=\"font-size: medium;\">\u00a0\u00a0\u00a0\u00a0\u00a0\u00a0\u00a0\u00a0\u00a0\u00a0\u00a0\u00a0\u00a0\u00a0\u00a0\u00a0\u00a0\u00a0\u00a0\u00a0\u00a0\u00a0\u00a0\u00a0\u00a0\u00a0\u00a0\u00a0\u00a0\u00a0 <\/span><\/span><\/p>\n<p>Bu sebeplerle Baraka Okuma-Tarty?ma Grubu olarak, ayny fikirde olmady?ymyz yayynlary da okuyabilece?imize ancak bu kitabyn bizim be?enmedi?imiz kendi g\u00f6r\u00fc?\u00fcn\u00fc de?il, ba?kasynyn g\u00f6r\u00fc?\u00fcn\u00fc ama \u00c7ARPITARAK aktardy?yna karar verdik. Ve KADIN ve MARKSYZM isimli kitaby okumayy byraktyk. Kitabyn yapty?y \u00e7arpytmalar ile ilgili daha ayryntyly bir makale Argasdi\u2019nin 19. Sayysynda K\u00fct\u00fcp-Ha-Ne! B\u00f6l\u00fcm\u00fcnde yapylacaktyr.<\/p>\n<p class=\"MsoNormal\" style=\"text-align: justify; line-height: 150%; margin: 0cm 0cm 0pt;\"><span style=\"font-family: 'Verdana','sans-serif';\"><span>\u00a0\u00a0\u00a0\u00a0\u00a0\u00a0\u00a0\u00a0\u00a0\u00a0\u00a0\u00a0\u00a0\u00a0\u00a0\u00a0\u00a0\u00a0\u00a0\u00a0\u00a0\u00a0\u00a0\u00a0\u00a0\u00a0\u00a0\u00a0\u00a0\u00a0\u00a0<\/span><\/span><span style=\"font-family: 'Verdana','sans-serif';\"><span style=\"font-size: medium;\">\u00a0\u00a0\u00a0\u00a0\u00a0\u00a0\u00a0\u00a0\u00a0\u00a0\u00a0\u00a0\u00a0\u00a0\u00a0\u00a0\u00a0\u00a0\u00a0\u00a0\u00a0 <\/span><\/span><\/p>\n<p>20 Mayys 2010 tarihinden itibaren ise Okuma-Tarty?ma Grubumuz Engels\u2019in \u201cAYLENYN \u00d6ZEL M\u00dcLKYYETYN VE DEVLETYN K\u00d6KENY\u201d isimli kitabyny okumaya ba?lamy?tyr. Katylmak isteyen Baraka dostlaryna duyurulur\u2026<\/p>\n<p><span style=\"font-family: 'Verdana','sans-serif';\"><span>\u00a0\u00a0\u00a0\u00a0\u00a0\u00a0\u00a0\u00a0\u00a0\u00a0\u00a0\u00a0\u00a0\u00a0\u00a0\u00a0\u00a0\u00a0\u00a0\u00a0<\/span><\/span><span style=\"font-family: 'Verdana','sans-serif';\"><span style=\"font-size: medium;\">\u00a0\u00a0\u00a0\u00a0\u00a0\u00a0\u00a0\u00a0\u00a0\u00a0\u00a0\u00a0\u00a0\u00a0\u00a0\u00a0\u00a0\u00a0\u00a0\u00a0\u00a0\u00a0\u00a0\u00a0\u00a0\u00a0\u00a0\u00a0\u00a0\u00a0\u00a0\u00a0\u00a0\u00a0\u00a0\u00a0\u00a0\u00a0\u00a0\u00a0\u00a0\u00a0 <\/span><\/span><\/p>\n<p>Baraka Okuma-Tarty?ma Grubu<\/p>\n","protected":false},"excerpt":{"rendered":"<p>\u00a0 Baraka K\u00fclt\u00fcr Merkezi Okuma-Tarty?ma Grubu, nisan ayy ba?ynda okumaya ba?lady?y Sorun Yayynlary\u2019ndan \u00e7ykan Kadyn ve Marksizm isimli kitaby OKUMAYI BIRAKTI! \u00a0\u00a0\u00a0\u00a0\u00a0\u00a0 1950 \u00f6ncesi Editions<\/p>\n","protected":false},"author":1,"featured_media":0,"comment_status":"open","ping_status":"open","sticky":false,"template":"","format":"standard","meta":{"jetpack_post_was_ever_published":false,"_jetpack_newsletter_access":"","_jetpack_newsletter_tier_id":0,"jetpack_publicize_message":"","jetpack_is_tweetstorm":false,"jetpack_publicize_feature_enabled":true,"jetpack_social_post_already_shared":false,"jetpack_social_options":{"image_generator_settings":{"template":"highway","enabled":false}}},"categories":[31],"tags":[],"jetpack_publicize_connections":[],"jetpack_featured_media_url":"","jetpack_shortlink":"https:\/\/wp.me\/p4eHWX-gD","jetpack_sharing_enabled":true,"_links":{"self":[{"href":"https:\/\/baraka.cc\/index.php?rest_route=\/wp\/v2\/posts\/1031"}],"collection":[{"href":"https:\/\/baraka.cc\/index.php?rest_route=\/wp\/v2\/posts"}],"about":[{"href":"https:\/\/baraka.cc\/index.php?rest_route=\/wp\/v2\/types\/post"}],"author":[{"embeddable":true,"href":"https:\/\/baraka.cc\/index.php?rest_route=\/wp\/v2\/users\/1"}],"replies":[{"embeddable":true,"href":"https:\/\/baraka.cc\/index.php?rest_route=%2Fwp%2Fv2%2Fcomments&post=1031"}],"version-history":[{"count":1,"href":"https:\/\/baraka.cc\/index.php?rest_route=\/wp\/v2\/posts\/1031\/revisions"}],"predecessor-version":[{"id":1032,"href":"https:\/\/baraka.cc\/index.php?rest_route=\/wp\/v2\/posts\/1031\/revisions\/1032"}],"wp:attachment":[{"href":"https:\/\/baraka.cc\/index.php?rest_route=%2Fwp%2Fv2%2Fmedia&parent=1031"}],"wp:term":[{"taxonomy":"category","embeddable":true,"href":"https:\/\/baraka.cc\/index.php?rest_route=%2Fwp%2Fv2%2Fcategories&post=1031"},{"taxonomy":"post_tag","embeddable":true,"href":"https:\/\/baraka.cc\/index.php?rest_route=%2Fwp%2Fv2%2Ftags&post=1031"}],"curies":[{"name":"wp","href":"https:\/\/api.w.org\/{rel}","templated":true}]}}