{"id":10404,"date":"2024-05-25T16:55:45","date_gmt":"2024-05-25T14:55:45","guid":{"rendered":"https:\/\/baraka.cc\/?p=10404"},"modified":"2024-05-25T20:00:57","modified_gmt":"2024-05-25T18:00:57","slug":"sol-anahtari-elleri-var-ozgurlugun-albumunde","status":"publish","type":"post","link":"https:\/\/baraka.cc\/?p=10404","title":{"rendered":"Sol Anahtar\u0131 \u201cElleri Var \u00d6zg\u00fcrl\u00fc\u011f\u00fcn\u201d Alb\u00fcm\u00fcnde\u2026"},"content":{"rendered":"\n<figure class=\"wp-block-image size-large\"><a href=\"https:\/\/baraka.cc\/wp-content\/uploads\/2024\/05\/sol-anahtari.jpeg\"><img decoding=\"async\" loading=\"lazy\" width=\"1024\" height=\"682\" src=\"https:\/\/baraka.cc\/wp-content\/uploads\/2024\/05\/sol-anahtari-1024x682.jpeg\" alt=\"\" class=\"wp-image-10406\" srcset=\"https:\/\/baraka.cc\/wp-content\/uploads\/2024\/05\/sol-anahtari-1024x682.jpeg 1024w, https:\/\/baraka.cc\/wp-content\/uploads\/2024\/05\/sol-anahtari-300x200.jpeg 300w, https:\/\/baraka.cc\/wp-content\/uploads\/2024\/05\/sol-anahtari-768x512.jpeg 768w, https:\/\/baraka.cc\/wp-content\/uploads\/2024\/05\/sol-anahtari-1536x1023.jpeg 1536w, https:\/\/baraka.cc\/wp-content\/uploads\/2024\/05\/sol-anahtari.jpeg 1600w\" sizes=\"(max-width: 1024px) 100vw, 1024px\" \/><\/a><\/figure>\n\n\n\n<p><\/p>\n\n\n\n<p>Baraka K\u00fclt\u00fcr Merkezi m\u00fczik toplulu\u011fu Sol Anahtar\u0131\u2019n\u0131n da dahil oldu\u011fu, devrimci m\u00fczik gruplar\u0131n\u0131n olu\u015fturdu\u011fu Sol M\u00fczik Platformu\u2019nun&nbsp;\u201cElleri Var \u00d6zg\u00fcrl\u00fc\u011f\u00fcn\u201d isimli alb\u00fcm\u00fc yay\u0131nland\u0131. K\u0131br\u0131s\u2019tan bu organizasyona kat\u0131lan grubumuzun \u015fark\u0131s\u0131&nbsp;\u201cKasiyerin \u015eark\u0131s\u0131\u201d&nbsp;da dinleyicilerin be\u011fenisine sunulup, sosyal medya kanallar\u0131m\u0131zda yay\u0131na girdi.<\/p>\n\n\n\n<p>Platformun alb\u00fcm\u00fcn \u00e7\u0131k\u0131\u015f\u0131 ile ilgili a\u00e7\u0131klamas\u0131 ve alb\u00fcm linkleri \u015f\u00f6yle;<\/p>\n\n\n\n<p>Solmuzik ba\u015fl\u0131\u011f\u0131yla bir araya gelmi\u015f ve ge\u00e7ti\u011fimiz Eyl\u00fcl\u2019de \u201cKavga\u201d alb\u00fcm\u00fcn\u00fc yay\u0131mlam\u0131\u015ft\u0131k. Her devrimci m\u00fczik grubu kendi \u00f6zg\u00fcnl\u00fc\u011f\u00fcnde yeni bir beste ile kat\u0131lm\u0131\u015ft\u0131 alb\u00fcme. Aradan daha 1 y\u0131l bile ge\u00e7meden yo\u011fun bir \u00e7al\u0131\u015fma ile ortaya koydu\u011fumuz \u201cElleri Var \u00d6zg\u00fcrl\u00fc\u011f\u00fcn\u201d de yine farkl\u0131 dil ve m\u00fczikal \u00fcsl\u00fbplardaki \u00fcretimlerden olu\u015fan bir alb\u00fcm oldu. Bu alb\u00fcmler vesilesiyle devrimci m\u00fczik gruplar\u0131 aras\u0131nda g\u00fc\u00e7l\u00fc bir ba\u011f ve dayan\u0131\u015fma zemini in\u015fa etmeyi ba\u015fard\u0131k. G\u00fcn\u00fcm\u00fcz\u00fcn devrim m\u00fccadelesinin \u015fark\u0131lar\u0131n\u0131 \u00fcretmenin pe\u015finde bir birliktelik oldu bizimkisi: \u015ean olsun, \u00e7ok ya\u015fas\u0131n!<\/p>\n\n\n\n<p>Bu alb\u00fcmle m\u00fccadelemize, g\u00f6zlerini s\u0131n\u0131fs\u0131z-s\u00f6m\u00fcr\u00fcs\u00fcz bir d\u00fcnyan\u0131n ufkuna dikmi\u015f 16 yeni \u015fark\u0131 arma\u011fan ediyoruz.<\/p>\n\n\n\n<p><strong>Grup \u0130syan Ate\u015fi,<\/strong> \u2018\u2018ge\u00e7mi\u015ften bug\u00fcne uzanan\u201d destan\u0131m\u0131z\u0131n i\u00e7inde \u2018\u2018Kavgaya \u00c7a\u011fr\u0131\u2019\u2019 yap\u0131yor. <strong>Muteriz<\/strong>, K\u00f6ro\u011flu\u2019nun dilinden m\u00fccadelemize \u201cbir olma\u201d k\u00f6pr\u00fcs\u00fc kuruyor: \u201cPazubent takmal\u0131 kola\u201d. <strong>Geni\u015f Merdiven Orkestra<\/strong> \u201ck\u00f6k\u00fc sa\u011f kalanlar\u201d i\u00e7in \u2018\u2018Sevdaya d\u00fc\u015fmek varken kavgada yitmek nesi\u2019\u2019 diyerek yeni bir \u2018\u2018Tohum\u2019\u2019 b\u0131rak\u0131yor bu alb\u00fcme.<\/p>\n\n\n\n<p><strong>Grup Vardiya,<\/strong> \u2018\u2018Emek Cemresi\u2019\u2019 \u015fark\u0131s\u0131nda, kara k\u0131\u015f d\u00fczenine \u00e7arklar\u0131n sesini ve umudu \u00e7a\u011f\u0131r\u0131rken <strong>Grup Yelde\u011firmeni <\/strong>\u2018\u2018Ya\u015fanacak D\u00fcnya\u2019\u2019da \u2018\u2018tarihe yaz\u0131lm\u0131\u015f karde\u015fli\u011fi kutluyor\u2019\u2019. <strong>G\u00f6lgedekiler<\/strong>\u2019in \u2018\u2018G\u00fcnebakanlar\u201d\u0131nda boy verirken \u015fafa\u011f\u0131n sahipleri, <strong>Umuda Hayk\u0131r\u0131\u015f<\/strong> d\u00fcnyay\u0131 elinde tutan bu kudretli g\u00fcc\u00fcn ad\u0131n\u0131 \u00e7a\u011f\u0131r\u0131yor: \u2018\u2018Proletarya\u2019\u2019.&nbsp;<\/p>\n\n\n\n<p><strong>Sokak Orkestras\u0131\u2019n\u0131n <\/strong>\u2018\u2018Zincirsiz Blues\u2019\u2019undaki \u2018\u2018Kime \u00e7al\u0131\u015ft\u0131m lan ben!\u201d retori\u011fi ile <strong>Sol Anahtar\u0131<\/strong>\u2019n\u0131n \u2018\u2018Kasiyerin \u015eark\u0131s\u0131\u2019\u2019ndaki epik anlat\u0131lar y\u00fczle\u015ftiriyor bizi zincirlerle tutturulan ger\u00e7eklikle. <strong>Praksis<\/strong>, b\u00fct\u00fcn m\u00fcmk\u00fcnlerin yoklu\u011funda kapitalist d\u00fczenin ya\u015fam muhtevalar\u0131na f\u0131s\u0131ld\u0131yor: \u2018\u2018Bu d\u00fczenin bize verece\u011fi hi\u00e7bir \u015fey yok\u201d.<\/p>\n\n\n\n<p><strong>Hevra<\/strong>, \u2018\u2018Rabin\u2019\u2019 ile \u2018\u2018Ey gundi \u00fb karker\u00ean Kurdistan\u2019\u2019<strong> <\/strong>diye seslenerek ekme\u011fimiz ve \u00f6zg\u00fcrl\u00fc\u011f\u00fcm\u00fcz i\u00e7in 1 May\u0131s\u2019a \u00e7a\u011f\u0131r\u0131rken <strong>Bajar<\/strong>, \u2018\u2018Heq Heq\u2019\u2019te eme\u011fin taraf\u0131ndakilerin duygular\u0131ndan ta\u015fan h\u00e2lin alt\u0131n\u0131 \u00e7iziyor: \u2018\u2018Sebra me nema\u2019\u2019. <strong>Grup Munzur<\/strong>\u2019un \u2018\u2018D\u00fc\u015fle\u2019\u2019sindeki \u201cDokundu\u011funda \u00e7al\u0131\u015f\u0131r \u00e7ark\u0131 d\u00f6nmeye\u2019\u2019 dedi\u011fi emek, <strong>Vodvil<\/strong>\u2019in olan biteni \u2018\u2018Fakat\u2019\u2019 ile b\u00f6l\u00fcp \u2018\u2018\u0130zledik\u00e7e zor, y\u00fcr\u00fcd\u00fck\u00e7e yol\u2019\u2019 diyerek a\u00e7t\u0131\u011f\u0131 zemin ile birle\u015fiyor.<\/p>\n\n\n\n<p><strong>JinMa<\/strong>\u2019n\u0131n kad\u0131n sava\u015f\u00e7\u0131lar\u0131n sesini ta\u015f\u0131yor, \u201c1\u2019\u00ea Gulan\u00ea\u2019\u2019 \u015fark\u0131s\u0131nda ge\u00e7en \u2018\u2018Deng\u00ea jin\u00ean t\u00eako\u015fer li Kurdistan\u00ea\u2019\u2019 ile <strong>Sarya M\u00fczik Toplulu\u011fu<\/strong>\u2019nun \u2018\u2018Jina Azad\u2019\u2019\u0131 1 May\u0131s\u2019\u0131n k\u00fcrs\u00fcs\u00fcnde birle\u015fiyor, hem k\u0131l\u0131\u00e7 hem de kalkan oluyor: \u201cHim \u015f\u00fbre him j\u00ee mirtal e\u2019\u2019.&nbsp;<\/p>\n\n\n\n<p><br>Alb\u00fcm ba\u015fta web sitemiz <em>solmuzik.com<\/em> olmak \u00fczere t\u00fcm dinleme platformlar\u0131nda yay\u0131nda.<\/p>\n\n\n\n<p><a href=\"https:\/\/www.youtube.com\/playlist?list=PLlsKclG6J5WvfKyw_pJsPA3Mzu5-z0pNi\"><strong>Elleri Var \u00d6zg\u00fcrl\u00fc\u011f\u00fcn Alb\u00fcm &#8211; YouTube<\/strong><\/a><\/p>\n\n\n\n<p><a href=\"https:\/\/spotify.link\/1M88SnNHCJb\">https:\/\/spotify.link\/1M88SnNHCJb<\/a><\/p>\n\n\n\n<figure class=\"wp-block-image size-large\"><a href=\"https:\/\/baraka.cc\/wp-content\/uploads\/2024\/05\/Album-kapagi-Turkce.png\"><img decoding=\"async\" loading=\"lazy\" width=\"1024\" height=\"1024\" src=\"https:\/\/baraka.cc\/wp-content\/uploads\/2024\/05\/Album-kapagi-Turkce-1024x1024.png\" alt=\"\" class=\"wp-image-10405\" srcset=\"https:\/\/baraka.cc\/wp-content\/uploads\/2024\/05\/Album-kapagi-Turkce-1024x1024.png 1024w, https:\/\/baraka.cc\/wp-content\/uploads\/2024\/05\/Album-kapagi-Turkce-300x300.png 300w, https:\/\/baraka.cc\/wp-content\/uploads\/2024\/05\/Album-kapagi-Turkce-150x150.png 150w, https:\/\/baraka.cc\/wp-content\/uploads\/2024\/05\/Album-kapagi-Turkce-768x768.png 768w, https:\/\/baraka.cc\/wp-content\/uploads\/2024\/05\/Album-kapagi-Turkce-1536x1536.png 1536w, https:\/\/baraka.cc\/wp-content\/uploads\/2024\/05\/Album-kapagi-Turkce.png 2000w\" sizes=\"(max-width: 1024px) 100vw, 1024px\" \/><\/a><\/figure>\n","protected":false},"excerpt":{"rendered":"<p>Baraka K\u00fclt\u00fcr Merkezi m\u00fczik toplulu\u011fu Sol Anahtar\u0131\u2019n\u0131n da dahil oldu\u011fu, devrimci m\u00fczik gruplar\u0131n\u0131n olu\u015fturdu\u011fu Sol M\u00fczik Platformu\u2019nun&nbsp;\u201cElleri Var \u00d6zg\u00fcrl\u00fc\u011f\u00fcn\u201d isimli alb\u00fcm\u00fc yay\u0131nland\u0131. K\u0131br\u0131s\u2019tan bu organizasyona<\/p>\n","protected":false},"author":15,"featured_media":10406,"comment_status":"open","ping_status":"open","sticky":false,"template":"","format":"standard","meta":{"jetpack_post_was_ever_published":false,"_jetpack_newsletter_access":"","_jetpack_newsletter_tier_id":0,"jetpack_publicize_message":"","jetpack_is_tweetstorm":false,"jetpack_publicize_feature_enabled":true,"jetpack_social_post_already_shared":true,"jetpack_social_options":{"image_generator_settings":{"template":"highway","enabled":false}}},"categories":[25,9,1,23],"tags":[],"jetpack_publicize_connections":[],"jetpack_featured_media_url":"https:\/\/baraka.cc\/wp-content\/uploads\/2024\/05\/sol-anahtari.jpeg","jetpack_shortlink":"https:\/\/wp.me\/p4eHWX-2HO","jetpack_sharing_enabled":true,"_links":{"self":[{"href":"https:\/\/baraka.cc\/index.php?rest_route=\/wp\/v2\/posts\/10404"}],"collection":[{"href":"https:\/\/baraka.cc\/index.php?rest_route=\/wp\/v2\/posts"}],"about":[{"href":"https:\/\/baraka.cc\/index.php?rest_route=\/wp\/v2\/types\/post"}],"author":[{"embeddable":true,"href":"https:\/\/baraka.cc\/index.php?rest_route=\/wp\/v2\/users\/15"}],"replies":[{"embeddable":true,"href":"https:\/\/baraka.cc\/index.php?rest_route=%2Fwp%2Fv2%2Fcomments&post=10404"}],"version-history":[{"count":5,"href":"https:\/\/baraka.cc\/index.php?rest_route=\/wp\/v2\/posts\/10404\/revisions"}],"predecessor-version":[{"id":10412,"href":"https:\/\/baraka.cc\/index.php?rest_route=\/wp\/v2\/posts\/10404\/revisions\/10412"}],"wp:featuredmedia":[{"embeddable":true,"href":"https:\/\/baraka.cc\/index.php?rest_route=\/wp\/v2\/media\/10406"}],"wp:attachment":[{"href":"https:\/\/baraka.cc\/index.php?rest_route=%2Fwp%2Fv2%2Fmedia&parent=10404"}],"wp:term":[{"taxonomy":"category","embeddable":true,"href":"https:\/\/baraka.cc\/index.php?rest_route=%2Fwp%2Fv2%2Fcategories&post=10404"},{"taxonomy":"post_tag","embeddable":true,"href":"https:\/\/baraka.cc\/index.php?rest_route=%2Fwp%2Fv2%2Ftags&post=10404"}],"curies":[{"name":"wp","href":"https:\/\/api.w.org\/{rel}","templated":true}]}}