{"id":10429,"date":"2024-06-13T13:18:22","date_gmt":"2024-06-13T11:18:22","guid":{"rendered":"https:\/\/baraka.cc\/?p=10429"},"modified":"2024-06-13T15:05:54","modified_gmt":"2024-06-13T13:05:54","slug":"baraka-kultur-merkezi-egitim-bakanligina-karnesini-verdi","status":"publish","type":"post","link":"https:\/\/baraka.cc\/?p=10429","title":{"rendered":"Baraka K\u00fclt\u00fcr Merkezi E\u011fitim Bakanl\u0131\u011f\u0131&#8217;na Karnesini Verdi"},"content":{"rendered":"\n<p>Baraka K\u00fclt\u00fcr Merkezi olarak bug\u00fcn E\u011fitim Bakanl\u0131\u011f\u0131 \u00f6n\u00fcnde geride b\u0131rakt\u0131\u011f\u0131m\u0131z e\u011fitim y\u0131l\u0131 ve ba\u015f\u0131m\u0131za y\u0131k\u0131lan e\u011fitim sistemi hakk\u0131nda bas\u0131n a\u00e7\u0131klamas\u0131 ger\u00e7ekle\u015ftirdik. Derne\u011fimizin Y\u00f6netim Kurulu Ba\u015fkan\u0131 Mustafa Batak\u2019\u0131n yapt\u0131\u011f\u0131 k\u0131sa bir konu\u015fmadan sonra E\u011fitim ve Spor Sorumlusu Onur B\u00fct\u00fcner bas\u0131n a\u00e7\u0131klamas\u0131n\u0131 okudu. Bas\u0131n a\u00e7\u0131klamas\u0131n\u0131n ard\u0131ndan E\u011fitim Bakanl\u0131\u011f\u0131 \u00f6n\u00fcne h\u00fck\u00fcmetin karnesi b\u0131rak\u0131larak eylem sonland\u0131r\u0131ld\u0131. Bas\u0131n a\u00e7\u0131klamas\u0131n\u0131n tamam\u0131 \u015fu \u015fekildedir;<\/p>\n\n\n\n<p>De\u011ferli bas\u0131n emek\u00e7ileri, de\u011ferli halk\u0131m\u0131z,<\/p>\n\n\n\n<p>2023-2024 e\u011fitim ve \u00f6\u011fretim y\u0131l\u0131n\u0131n son haftas\u0131na girmi\u015f bulunuyoruz. \u00d6\u011frenciler, \u00f6\u011fretmenler ve veliler ad\u0131na, olduk\u00e7a zor ve \u00e7ileli ge\u00e7en bir e\u011fitim y\u0131l\u0131n\u0131 daha, ortaokul ve liseler i\u00e7in geride b\u0131rakt\u0131k, ilkokullar i\u00e7in de yar\u0131n da\u011f\u0131t\u0131lan karnelerin ard\u0131ndan geride b\u0131rakaca\u011f\u0131z\u2026<\/p>\n\n\n\n<p>Baraka K\u00fclt\u00fcr Merkezi olarak bizler, E\u011fitim Bakanl\u0131\u011f\u0131na hat\u0131rlatmak isteriz ki, yar\u0131n itibariyle tatile sadece \u00f6\u011frenciler \u00e7\u0131k\u0131yor. Karneye yans\u0131yan notlar\u0131 ne olursa olsun, sorun ve s\u0131k\u0131nt\u0131larla dolu bu e\u011fitim y\u0131l\u0131n\u0131 tamamlayan \u00f6\u011frencilerin, tatil yapmak en do\u011fal hakk\u0131d\u0131r. Ancak o sorunlar\u0131 \u00e7\u00f6zmek bir kenara dursun, daha da b\u00fcy\u00fcten siz yetkililerin burada kal\u0131p \u00e7al\u0131\u015fmas\u0131 gerekiyor!<\/p>\n\n\n\n<p>\u00c7al\u0131\u015fmaya, \u201cparas\u0131z, bilimsel, demokratik ve laik\u201d e\u011fitimin Anayasal bir hak oldu\u011funu ve bunun el yordam\u0131yla de\u011fi\u015ftirilemeyece\u011fini \u00f6\u011frenerek ba\u015flanabilir. Ayr\u0131ca bir kez daha \u0131srarla vurguluyoruz. K\u0131br\u0131sl\u0131 T\u00fcrk halk\u0131n\u0131n laik ve bilimsel de\u011ferlere sahip \u00e7\u0131kt\u0131\u011f\u0131n\u0131, AKP\u2019ye do\u011frudan biat eden h\u00fck\u00fcmetinizin de, ge\u00e7mi\u015fte \u201cha kuran kursu ha tenis kursu\u201d diyen d\u00fczen i\u00e7i muhalefetin de \u00f6\u011frenip anlamas\u0131 \u015fartt\u0131r.<\/p>\n\n\n\n<p>Bizler, bir sonraki e\u011fitim y\u0131l\u0131 ba\u015f\u0131nda yine burada olaca\u011f\u0131z. \u00c7\u00fcnk\u00fc g\u00f6r\u00fcyoruz ki sizler, her e\u011fitim y\u0131l\u0131 ba\u015f\u0131nda gelenek haline gelen \u201ce\u011fitim y\u0131l\u0131 sorunlu ba\u015flad\u0131\u201d man\u015fetlerinden rahats\u0131z olmuyorsunuz! O nedenle Baraka K\u00fclt\u00fcr Merkezi olarak bizler de gereken rahats\u0131zl\u0131\u011f\u0131 verip yaz boyunca, b\u00fct\u00fcnleme s\u0131navlar\u0131na \u00e7al\u0131\u015f\u0131rm\u0131\u015f\u00e7as\u0131na kafan\u0131z\u0131 kald\u0131rmadan \u00e7al\u0131\u015fman\u0131z\u0131 gerektirecek talepler listemizi a\u00e7\u0131kl\u0131yoruz:<\/p>\n\n\n\n<p>\u0130nan\u00e7 \u00f6zg\u00fcrl\u00fc\u011f\u00fcnden uzak, tek bir dinin tek bir mezhebini e\u011fitim kitaplar\u0131nda g\u00f6rmek istemiyoruz. E\u011fitim m\u00fcfredat\u0131 yeniden, t\u0131pk\u0131 Anayasa\u2019da yazd\u0131\u011f\u0131 gibi laik olup, bilimsel, sanatsal, sosyal ve sportif faaliyetlerle ele al\u0131nmal\u0131d\u0131r.&nbsp;<\/p>\n\n\n\n<p>Paras\u0131z, bilimsel, demokratik ve laik e\u011fitim Anayasal bir hakt\u0131r. E\u011fitimde e\u015fitsizlik yaratmak ise su\u00e7tur! Bug\u00fcn, yeni d\u00f6nem kay\u0131tlar\u0131 i\u00e7in devlet okullar\u0131, bakanl\u0131\u011f\u0131n bilgisi dahilinde, kay\u0131t \u00fccreti alaca\u011f\u0131n\u0131 duyurur hale gelmi\u015ftir. Dahas\u0131, k\u0131yafet \u00fccreti, tuvalet k\u00e2\u011f\u0131d\u0131 dahil olmak \u00fczere temizlik malzemelerinin de yer ald\u0131\u011f\u0131 ihtiya\u00e7 listesi da\u011f\u0131t\u0131lmaktad\u0131r.<br>\u00dclkemizde okul ve \u00f6\u011fretmen eksikli\u011fi ayan beyan ortadayken, \u00f6\u011fretmen kadrolar\u0131, bile isteye geni\u015fletilmemekte, toplu ta\u015f\u0131man\u0131n olmad\u0131\u011f\u0131 ada yar\u0131m\u0131zda \u00f6\u011fretmenler her g\u00fcn ada yar\u0131m\u0131z\u0131n farkl\u0131 bir b\u00f6lgesinde yer alan okula g\u00f6nderilmektedir. T\u00fcm bunlar\u0131n gerek\u00e7esi olarak da kaynak olmad\u0131\u011f\u0131, b\u00fct\u00e7enin a\u00e7\u0131lmad\u0131\u011f\u0131 bahanesine s\u0131\u011f\u0131n\u0131lmaktad\u0131r. Bahaneler diyoruz \u00e7\u00fcnk\u00fc ayn\u0131 kaynak sermayenin sahip oldu\u011fu okullar s\u00f6z konusu oldu\u011funda, sa\u011flanm\u0131\u015f oluyor ve b\u00fct\u00e7eler a\u00e7\u0131l\u0131yor, te\u015fvik de veriliyor, muafiyet de uygulan\u0131yor, prim deste\u011fi de sa\u011flan\u0131yor. Yani, h\u00fck\u00fcmet eliyle \u00f6zel okul ve dershaneler cazip hale getiriliyor ve bu da hali haz\u0131rda yar\u0131\u015fmac\u0131 anlay\u0131\u015f\u0131n h\u00e2kim oldu\u011fu e\u011fitim alan\u0131nda e\u015fitsizli\u011fi daha da b\u00fcy\u00fct\u00fcl\u00fcyor. Devlet okullar\u0131 \u00e2t\u0131l vaziyette bir kenara b\u0131rak\u0131l\u0131rken, \u00f6\u011frenciler \u00fcvey evlat muamelesi g\u00f6r\u00fcyor.<\/p>\n\n\n\n<p>Talebimiz t\u00fcm \u00f6zel e\u011fitim kurumlar\u0131na verilen te\u015fvik, hibe ve muafiyetlerin bir an \u00f6nce durdurulmas\u0131, bu kurumlar\u0131n denetlenip vergilendirilmesi ve elde edilecek b\u00fct\u00e7e kaleminin kamusal e\u011fitim i\u00e7in kullan\u0131lmas\u0131d\u0131r. Ayr\u0131ca \u00f6\u011fretmen say\u0131s\u0131n\u0131n bir an \u00f6nce art\u0131r\u0131lmas\u0131, \u00fclkemizde ya\u015fayan yabanc\u0131 \u00e7ocuklar i\u00e7in T\u00fcrk\u00e7e \u00f6\u011frenebilecekleri kurslar a\u00e7\u0131lmas\u0131 ve alan \u00f6\u011fretmenlerinin istihdam edilmesi gerekmektedir.<\/p>\n\n\n\n<p>Baraka K\u00fclt\u00fcr Merkezi olarak bizler, tam g\u00fcn e\u011fitimi savunuyoruz. Tam g\u00fcn e\u011fitimin, sadece \u00f6\u011frencilerin e\u011fitsel faaliyetlerine ve g\u00fcvenli\u011fine de\u011fil, ba\u015fta \u00f6zel sekt\u00f6r olmak \u00fczere, \u00e7al\u0131\u015fma ya\u015fam\u0131na da toplu ta\u015f\u0131maya da fayda sa\u011flayaca\u011f\u0131n\u0131 d\u00fc\u015f\u00fcn\u00fcyoruz. Tam g\u00fcn \u00e7al\u0131\u015fmak zorunda olan aileler, soygunculu\u011fa varan \u00f6zel okullara veya et\u00fctlere mahkum edilmemeli, \u00e7ocuklar\u0131 i\u00e7in kamusal bir hizmet alabilmeli, \u00e7ocuklar da nitelikli vakit ge\u00e7irebilmelidir. Hatta E\u011fitim Bakanl\u0131\u011f\u0131 olarak yaz aylar\u0131nda da \u00e7ocuklardan sorumlusunuz! \u00d6zellikle ailesi \u00e7al\u0131\u015fan \u00e7ocuklar\u0131n g\u00fcvenli, nitelikli, kendilerini geli\u015ftirebilecekleri bir tatil ge\u00e7irmesi sizin g\u00f6revinizdir. Bug\u00fcn okullar\u0131m\u0131z de\u011fil tam g\u00fcn, yar\u0131m g\u00fcn dahi e\u011fitim verilebilecek durumda de\u011fildir. T\u00fcm bunlar i\u00e7in her \u015feyden \u00f6nce e\u011fitim alan\u0131nda, veli inisiyatifleri de dahil olmak \u00fczere t\u00fcm kamuoyunun g\u00f6r\u00fc\u015f ve \u00f6nerilerine a\u00e7\u0131k, bilimsel ve rasyonel plan ve programa ihtiya\u00e7 vard\u0131r.<\/p>\n\n\n\n<p>S\u0131valar\u0131 d\u00fc\u015fen, tavanlar\u0131 d\u00f6k\u00fclen, s\u0131hhi tesisat ve elektrik hatlar\u0131n s\u0131k\u0131nt\u0131lar olan veya hi\u00e7 \u00e7al\u0131\u015fmayan, betona bo\u011fulmu\u015f, toprak alan\u0131 s\u0131n\u0131rl\u0131 olan okullar\u0131n derhal bilimsel veriler arac\u0131l\u0131\u011f\u0131yla ele al\u0131nmas\u0131 gerekmektedir. KTMMOB taraf\u0131ndan a\u00e7\u0131klanan risk analizine ba\u011fl\u0131 kal\u0131narak, analizde risk s\u0131n\u0131r\u0131n\u0131 ge\u00e7en okullar\u0131n statik raporlamalar ile g\u00fc\u00e7lendirilmesi, di\u011ferlerinin ise ayn\u0131 rapor uyar\u0131nca iyile\u015ftirilmesi ve g\u00fcn\u00fcm\u00fcz standartlar\u0131na uygun bi\u00e7imde tasarlanan yeni okullar i\u00e7in acilen b\u00fct\u00e7e a\u00e7\u0131lmas\u0131 gerekmektedir.<\/p>\n\n\n\n<p>Ba\u015fta E\u011fitim Bakanl\u0131\u011f\u0131 olmak \u00fczere h\u00fck\u00fcmet, uzun y\u0131llard\u0131r e\u011fitim alan\u0131nda ileriye do\u011fru somut hi\u00e7bir ad\u0131m atmam\u0131\u015ft\u0131r. Yaratmak istedi\u011fi gerici ve muhafazak\u00e2r yap\u0131n\u0131n, rekabete ve para d\u00fczenine dayal\u0131, \u00fccrete tabi yap\u0131n\u0131n, t\u0131pk\u0131 okullarda d\u00fc\u015fen tavanlar gibi alt\u0131nda kalm\u0131\u015ft\u0131r.<\/p>\n\n\n\n<p>Baraka K\u00fclt\u00fcr Merkezi olarak bizler, kamusal, bilimsel, demokratik, laik ve nitelikli e\u011fitim talebimizin bir kez daha alt\u0131n\u0131 \u00e7izerken, haz\u0131rlam\u0131\u015f oldu\u011fumuz karneyi E\u011fitim Bakanl\u0131\u011f\u0131na b\u0131rak\u0131yoruz.<\/p>\n\n\n\n<p>Hal ve gidi\u015fat: 0<\/p>\n\n\n\n<p><strong>Ana Dersler<\/strong><strong><\/strong><\/p>\n\n\n\n<p>Kamusal Bilimsel Nitelikli E\u011fitim: 0<\/p>\n\n\n\n<p>\u00d6z Bak\u0131m Temizlik ve Tertip: 0<\/p>\n\n\n\n<p>Bilim Sanat K\u00fclt\u00fcr ve Beden E\u011fitimi: 0<\/p>\n\n\n\n<p>Sorumluluk Alma: 0<\/p>\n\n\n\n<p>Ba\u015flad\u0131\u011f\u0131 \u0130\u015fi Bitirme: 0<\/p>\n\n\n\n<p><strong>Alan Dersleri<\/strong><strong><\/strong><\/p>\n\n\n\n<p>\u00d6zelle\u015ftirme ve Piyasala\u015ft\u0131rma: 10<\/p>\n\n\n\n<p>Sermayeye Yard\u0131m ve Yatakl\u0131k: 10<\/p>\n\n\n\n<p>Halk D\u00fc\u015fmanl\u0131\u011f\u0131: 10<\/p>\n\n\n\n<figure class=\"wp-block-image size-large\"><a href=\"https:\/\/baraka.cc\/wp-content\/uploads\/2024\/06\/1.jpeg\"><img decoding=\"async\" loading=\"lazy\" width=\"1024\" height=\"768\" src=\"https:\/\/baraka.cc\/wp-content\/uploads\/2024\/06\/1-1024x768.jpeg\" alt=\"\" class=\"wp-image-10430\" srcset=\"https:\/\/baraka.cc\/wp-content\/uploads\/2024\/06\/1-1024x768.jpeg 1024w, https:\/\/baraka.cc\/wp-content\/uploads\/2024\/06\/1-300x225.jpeg 300w, https:\/\/baraka.cc\/wp-content\/uploads\/2024\/06\/1-768x576.jpeg 768w, https:\/\/baraka.cc\/wp-content\/uploads\/2024\/06\/1-1536x1152.jpeg 1536w, https:\/\/baraka.cc\/wp-content\/uploads\/2024\/06\/1.jpeg 2048w\" sizes=\"(max-width: 1024px) 100vw, 1024px\" \/><\/a><\/figure>\n\n\n\n<figure class=\"wp-block-image size-large\"><a href=\"https:\/\/baraka.cc\/wp-content\/uploads\/2024\/06\/2.jpeg\"><img decoding=\"async\" loading=\"lazy\" width=\"1024\" height=\"768\" src=\"https:\/\/baraka.cc\/wp-content\/uploads\/2024\/06\/2-1024x768.jpeg\" alt=\"\" class=\"wp-image-10431\" srcset=\"https:\/\/baraka.cc\/wp-content\/uploads\/2024\/06\/2-1024x768.jpeg 1024w, https:\/\/baraka.cc\/wp-content\/uploads\/2024\/06\/2-300x225.jpeg 300w, https:\/\/baraka.cc\/wp-content\/uploads\/2024\/06\/2-768x576.jpeg 768w, https:\/\/baraka.cc\/wp-content\/uploads\/2024\/06\/2-1536x1152.jpeg 1536w, https:\/\/baraka.cc\/wp-content\/uploads\/2024\/06\/2.jpeg 2048w\" sizes=\"(max-width: 1024px) 100vw, 1024px\" \/><\/a><\/figure>\n\n\n\n<figure class=\"wp-block-image size-large\"><a href=\"https:\/\/baraka.cc\/wp-content\/uploads\/2024\/06\/3.jpeg\"><img decoding=\"async\" loading=\"lazy\" width=\"1024\" height=\"768\" src=\"https:\/\/baraka.cc\/wp-content\/uploads\/2024\/06\/3-1024x768.jpeg\" alt=\"\" class=\"wp-image-10432\" srcset=\"https:\/\/baraka.cc\/wp-content\/uploads\/2024\/06\/3-1024x768.jpeg 1024w, https:\/\/baraka.cc\/wp-content\/uploads\/2024\/06\/3-300x225.jpeg 300w, https:\/\/baraka.cc\/wp-content\/uploads\/2024\/06\/3-768x576.jpeg 768w, https:\/\/baraka.cc\/wp-content\/uploads\/2024\/06\/3-1536x1152.jpeg 1536w, https:\/\/baraka.cc\/wp-content\/uploads\/2024\/06\/3.jpeg 2048w\" sizes=\"(max-width: 1024px) 100vw, 1024px\" \/><\/a><\/figure>\n\n\n\n<figure class=\"wp-block-image size-large\"><a href=\"https:\/\/baraka.cc\/wp-content\/uploads\/2024\/06\/karne.jpeg\"><img decoding=\"async\" loading=\"lazy\" width=\"1024\" height=\"692\" src=\"https:\/\/baraka.cc\/wp-content\/uploads\/2024\/06\/karne-1024x692.jpeg\" alt=\"\" class=\"wp-image-10435\" srcset=\"https:\/\/baraka.cc\/wp-content\/uploads\/2024\/06\/karne-1024x692.jpeg 1024w, https:\/\/baraka.cc\/wp-content\/uploads\/2024\/06\/karne-300x203.jpeg 300w, https:\/\/baraka.cc\/wp-content\/uploads\/2024\/06\/karne-768x519.jpeg 768w, https:\/\/baraka.cc\/wp-content\/uploads\/2024\/06\/karne-1536x1039.jpeg 1536w, https:\/\/baraka.cc\/wp-content\/uploads\/2024\/06\/karne.jpeg 1600w\" sizes=\"(max-width: 1024px) 100vw, 1024px\" \/><\/a><\/figure>\n","protected":false},"excerpt":{"rendered":"<p>Baraka K\u00fclt\u00fcr Merkezi olarak bug\u00fcn E\u011fitim Bakanl\u0131\u011f\u0131 \u00f6n\u00fcnde geride b\u0131rakt\u0131\u011f\u0131m\u0131z e\u011fitim y\u0131l\u0131 ve ba\u015f\u0131m\u0131za y\u0131k\u0131lan e\u011fitim sistemi hakk\u0131nda bas\u0131n a\u00e7\u0131klamas\u0131 ger\u00e7ekle\u015ftirdik. Derne\u011fimizin Y\u00f6netim Kurulu Ba\u015fkan\u0131<\/p>\n","protected":false},"author":15,"featured_media":10435,"comment_status":"open","ping_status":"open","sticky":false,"template":"","format":"standard","meta":{"jetpack_post_was_ever_published":false,"_jetpack_newsletter_access":"","_jetpack_newsletter_tier_id":0,"jetpack_publicize_message":"","jetpack_is_tweetstorm":false,"jetpack_publicize_feature_enabled":true,"jetpack_social_post_already_shared":true,"jetpack_social_options":{"image_generator_settings":{"template":"highway","enabled":false}}},"categories":[45,47,9,1],"tags":[],"jetpack_publicize_connections":[],"jetpack_featured_media_url":"https:\/\/baraka.cc\/wp-content\/uploads\/2024\/06\/karne.jpeg","jetpack_shortlink":"https:\/\/wp.me\/p4eHWX-2Id","jetpack_sharing_enabled":true,"_links":{"self":[{"href":"https:\/\/baraka.cc\/index.php?rest_route=\/wp\/v2\/posts\/10429"}],"collection":[{"href":"https:\/\/baraka.cc\/index.php?rest_route=\/wp\/v2\/posts"}],"about":[{"href":"https:\/\/baraka.cc\/index.php?rest_route=\/wp\/v2\/types\/post"}],"author":[{"embeddable":true,"href":"https:\/\/baraka.cc\/index.php?rest_route=\/wp\/v2\/users\/15"}],"replies":[{"embeddable":true,"href":"https:\/\/baraka.cc\/index.php?rest_route=%2Fwp%2Fv2%2Fcomments&post=10429"}],"version-history":[{"count":2,"href":"https:\/\/baraka.cc\/index.php?rest_route=\/wp\/v2\/posts\/10429\/revisions"}],"predecessor-version":[{"id":10437,"href":"https:\/\/baraka.cc\/index.php?rest_route=\/wp\/v2\/posts\/10429\/revisions\/10437"}],"wp:featuredmedia":[{"embeddable":true,"href":"https:\/\/baraka.cc\/index.php?rest_route=\/wp\/v2\/media\/10435"}],"wp:attachment":[{"href":"https:\/\/baraka.cc\/index.php?rest_route=%2Fwp%2Fv2%2Fmedia&parent=10429"}],"wp:term":[{"taxonomy":"category","embeddable":true,"href":"https:\/\/baraka.cc\/index.php?rest_route=%2Fwp%2Fv2%2Fcategories&post=10429"},{"taxonomy":"post_tag","embeddable":true,"href":"https:\/\/baraka.cc\/index.php?rest_route=%2Fwp%2Fv2%2Ftags&post=10429"}],"curies":[{"name":"wp","href":"https:\/\/api.w.org\/{rel}","templated":true}]}}