{"id":10443,"date":"2024-06-22T07:51:01","date_gmt":"2024-06-22T05:51:01","guid":{"rendered":"https:\/\/baraka.cc\/?p=10443"},"modified":"2024-06-22T07:51:06","modified_gmt":"2024-06-22T05:51:06","slug":"baraka-kultur-merkezi-egitim-bakanligini-alkisliyoruz","status":"publish","type":"post","link":"https:\/\/baraka.cc\/?p=10443","title":{"rendered":"Baraka K\u00fclt\u00fcr Merkezi: \u201cE\u011fitim Bakanl\u0131\u011f\u0131\u2019n\u0131 Alk\u0131\u015fl\u0131yoruz!\u201d"},"content":{"rendered":"\n<p>Baraka\u2019y\u0131 bilen bilir, bilmeyene de anlatal\u0131m: Yirmi y\u0131ldan uzun bir s\u00fcredir k\u00fclt\u00fcr-sanat faaliyetleri ger\u00e7ekle\u015ftiren bir demokratik kitle \u00f6rg\u00fct\u00fcy\u00fcz. Kuruldu\u011fumuz g\u00fcnden bu yana yasall\u0131\u011f\u0131n yan\u0131 s\u0131ra her zaman toplumsal me\u015frulu\u011fu \u00f6nemseyen bir yap\u0131da olduk. Devletin, halk\u0131n hizmetinde olmas\u0131 ve her \u015feyden \u00f6nce kamu yarar\u0131 g\u00f6zetmesi gerekti\u011finin bilinciyle her h\u00fck\u00fcmet d\u00f6neminde \u00e7e\u015fitli kurumlar\u0131 a\u00e7\u0131k\u00e7a ele\u015ftirmekten, bakanl\u0131klar \u00f6n\u00fcnde eylemler yapmaktan geri durmad\u0131k. \u015eu anki gerici, bask\u0131c\u0131, sermaye dostu, halk d\u00fc\u015fman\u0131; her t\u00fcrl\u00fc hak ve h\u00fcrriyetimizi k\u0131s\u0131tlamaya \u00e7al\u0131\u015fan h\u00fck\u00fcmeti de ele\u015ftirmeye devam ediyoruz. Ge\u00e7ti\u011fimiz hafta E\u011fitim Bakanl\u0131\u011f\u0131\u2019n\u0131n \u00f6n\u00fcnde bir eylem yaparak ilgili bakana karne vermi\u015f \u201csermayeye k\u0131yak\u201d dersinden 10 alsa da \u201cotur s\u0131f\u0131r\u201d diyerek Bakanl\u0131\u011f\u0131n s\u0131n\u0131fta kald\u0131\u011f\u0131n\u0131 belirtmi\u015ftik.<\/p>\n\n\n\n<p>Ne \u015fa\u015f\u0131rt\u0131c\u0131d\u0131r ki bunun hemen akabinde, yaz aylar\u0131nda \u00e7ocuklar i\u00e7in d\u00fczenledi\u011fimiz k\u00fclt\u00fcr-sanat etkinliklerimizin Bakanl\u0131k taraf\u0131ndan ara\u015ft\u0131r\u0131ld\u0131\u011f\u0131n\u0131 ve hatta polise \u015fikayet edilerek engellenmek istendi\u011fini bizzat Bakanl\u0131k yetkililerinden \u00f6\u011frendik. \u0130\u015fte E\u011fitim Bakanl\u0131\u011f\u0131\u2019n\u0131 alk\u0131\u015flad\u0131\u011f\u0131m\u0131z husus budur! Her t\u00fcrl\u00fc e\u011fitim ve \u00f6\u011fretim etkinli\u011fi devletin g\u00f6zetim ve denetimi alt\u0131nda yap\u0131lmal\u0131 ve \u00e7a\u011fda\u015f, bilimsel, laik, \u00e7ocuk haklar\u0131na ve K\u0131br\u0131sl\u0131 T\u00fcrk halk\u0131n\u0131n de\u011ferlerine uygun olup olmad\u0131\u011f\u0131 kontrol edilmelidir. Bakanl\u0131k, bunu \u00e7ok s\u0131k\u0131 bir \u015fekilde takip etmeli, Kuran kurslar\u0131 gibi, ba\u015fta bilimsellik ve laiklik prensibi olmak \u00fczere \u00e7ocuk haklar\u0131na da ayk\u0131r\u0131 olan ve \u00e7ocuk istismar\u0131na yol a\u00e7an bu gibi yerleri kapatmal\u0131d\u0131r. Bununla da kalmayarak \u00e7ocuklar i\u00e7in yaz aylar\u0131nda \u00fccretsiz, kamusal, nitelikli k\u00fclt\u00fcr-sanat-spor-bilim etkinlikleri d\u00fczenlemelidir.<\/p>\n\n\n\n<p>Bakanl\u0131\u011f\u0131n Baraka\u2019ya \u00f6zel bir husumeti olamayaca\u011f\u0131na g\u00f6re, yaz aylar\u0131nda ger\u00e7ekle\u015ftirdi\u011fimiz bu k\u00fclt\u00fcr-sanat etkinliklerini takibe almas\u0131ndan anlad\u0131\u011f\u0131m\u0131z odur ki g\u00f6revlerini bir tamam yapmaya \u00e7al\u0131\u015fmaktad\u0131rlar. Dolay\u0131s\u0131yla, izinsiz olarak a\u00e7\u0131lan ve pedagojik formasyonu olmayan ki\u015filerce \u00e7ocuklar\u0131n kafas\u0131n\u0131 buland\u0131ran yasa d\u0131\u015f\u0131 yerlerin derhal kapat\u0131laca\u011f\u0131n\u0131 anl\u0131yor ve alk\u0131\u015fl\u0131yoruz. Soyut d\u00fc\u015f\u00fcnme yetene\u011fini kazanmam\u0131\u015f ya\u015ftaki \u00e7ocuklara Kuran kursu veren yerlerin denetlenip kapat\u0131laca\u011f\u0131n\u0131 anl\u0131yor ve alk\u0131\u015fl\u0131yoruz! Anayasal g\u00f6revlerini yapmaya bu denli hassas olan E\u011fitim Bakanl\u0131\u011f\u0131\u2019n\u0131n kamusal e\u011fitim hakk\u0131n\u0131 sa\u011flamas\u0131n\u0131, devlet okullar\u0131nda kay\u0131t \u00fccreti al\u0131nmas\u0131n\u0131 durdurmas\u0131n\u0131, yasalara ayk\u0131r\u0131 dershaneleri denetlemesini de bekliyoruz.<\/p>\n\n\n\n<p>Baraka K\u00fclt\u00fcr Merkezi\u2019nin bu y\u0131l onuncusu ger\u00e7ekle\u015fecek olan yaz aktivitelerine gelirsek; Bakanl\u0131\u011fa s\u00f6zl\u00fc ve yaz\u0131l\u0131 olarak bildirdi\u011fimiz gibi, bir k\u00fclt\u00fcr derne\u011fi olarak e\u011fitim-\u00f6\u011fretim faaliyeti de\u011fil k\u00fclt\u00fcr-sanat faaliyeti yapmaktay\u0131z. Buna ra\u011fmen yaz k\u00fclt\u00fcr sanat etkinliklerimizde g\u00f6rev alan dernek \u00fcyelerimizin hepsi pedagojik formasyona sahip ki\u015filerdir. M\u00fcfredat\u0131m\u0131z e\u011fitim-\u00f6\u011fretim de\u011fil k\u00fclt\u00fcr-sanat-spor-oyun gibi i\u00e7eriklerden olu\u015fmaktad\u0131r. Baz\u0131 duyurular\u0131m\u0131zda kulland\u0131\u011f\u0131m\u0131z \u201cokul\u201d ve \u201cders\u201d ifadelerinin, amac\u0131m\u0131z\u0131 a\u015fan yanl\u0131\u015f ve yan\u0131lt\u0131c\u0131 ifadeler oldu\u011funu kabul ediyor ve d\u00fczeltiyoruz. Bakanl\u0131\u011f\u0131n buna dayanarak harekete ge\u00e7mesini de takdir ediyor, t\u00fcm kurslar\u0131 ve \u00f6zel okullar\u0131 hem i\u00e7erik hem de fahi\u015f \u00fccretler bak\u0131m\u0131ndan denetlemesini bekliyoruz. Yaz k\u00fclt\u00fcr sanat etkinliklerimize engelleme giri\u015fiminin devam etmesi halinde ise t\u00fcm demokratik g\u00fc\u00e7lerin yan\u0131m\u0131zda olaca\u011f\u0131na inanc\u0131m\u0131z tamd\u0131r.<\/p>\n\n\n\n<p>Bizim okul a\u00e7maya yetkimiz ve niyetimiz olmad\u0131\u011f\u0131 gibi \u201cBilimle sanatla doya doya oyna\u201d slogan\u0131yla ve kendi m\u00fctevaz\u0131 imkanlar\u0131m\u0131zla ger\u00e7ekle\u015ftirdi\u011fimiz etkinliklerin bir amac\u0131 da ba\u015fta devlet olmak \u00fczere sendikalara ve belediyelere ilham vermek, \u00fclkemizin her yerindeki \u00e7ocuklar\u0131m\u0131z\u0131n \u00fccretsiz, nitelikli, bilimsel ve \u00e7a\u011fda\u015f etkinliklerle dolu bir yaz tatili ge\u00e7irmesine \u00f6nc\u00fcl\u00fck etmektir.<\/p>\n\n\n\n<p>\u00c7ocuklar\u0131m\u0131za iyi tatiller, E\u011fitim Bakanl\u0131\u011f\u0131na ise iyi \u00e7al\u0131\u015fmalar dileriz. \u00c7\u00fcnk\u00fc ger\u00e7ek bir alk\u0131\u015f\u0131 hak etmek i\u00e7in yaz boyunca yapaca\u011f\u0131 \u00e7ok i\u015f var.<\/p>\n\n\n\n<p><\/p>\n\n\n\n<figure class=\"wp-block-image size-full\"><a href=\"https:\/\/baraka.cc\/wp-content\/uploads\/2024\/06\/baraka-logo2.png\"><img decoding=\"async\" loading=\"lazy\" width=\"716\" height=\"320\" src=\"https:\/\/baraka.cc\/wp-content\/uploads\/2024\/06\/baraka-logo2.png\" alt=\"\" class=\"wp-image-10444\" srcset=\"https:\/\/baraka.cc\/wp-content\/uploads\/2024\/06\/baraka-logo2.png 716w, https:\/\/baraka.cc\/wp-content\/uploads\/2024\/06\/baraka-logo2-300x134.png 300w\" sizes=\"(max-width: 716px) 100vw, 716px\" \/><\/a><\/figure>\n","protected":false},"excerpt":{"rendered":"<p>Baraka\u2019y\u0131 bilen bilir, bilmeyene de anlatal\u0131m: Yirmi y\u0131ldan uzun bir s\u00fcredir k\u00fclt\u00fcr-sanat faaliyetleri ger\u00e7ekle\u015ftiren bir demokratik kitle \u00f6rg\u00fct\u00fcy\u00fcz. Kuruldu\u011fumuz g\u00fcnden bu yana yasall\u0131\u011f\u0131n yan\u0131 s\u0131ra<\/p>\n","protected":false},"author":15,"featured_media":10448,"comment_status":"open","ping_status":"open","sticky":false,"template":"","format":"standard","meta":{"jetpack_post_was_ever_published":false,"_jetpack_newsletter_access":"","_jetpack_newsletter_tier_id":0,"jetpack_publicize_message":"","jetpack_is_tweetstorm":false,"jetpack_publicize_feature_enabled":true,"jetpack_social_post_already_shared":true,"jetpack_social_options":{"image_generator_settings":{"template":"highway","enabled":false}}},"categories":[74,38,9,1],"tags":[],"jetpack_publicize_connections":[],"jetpack_featured_media_url":"https:\/\/baraka.cc\/wp-content\/uploads\/2024\/06\/baaraka-lgoo2.png","jetpack_shortlink":"https:\/\/wp.me\/p4eHWX-2Ir","jetpack_sharing_enabled":true,"_links":{"self":[{"href":"https:\/\/baraka.cc\/index.php?rest_route=\/wp\/v2\/posts\/10443"}],"collection":[{"href":"https:\/\/baraka.cc\/index.php?rest_route=\/wp\/v2\/posts"}],"about":[{"href":"https:\/\/baraka.cc\/index.php?rest_route=\/wp\/v2\/types\/post"}],"author":[{"embeddable":true,"href":"https:\/\/baraka.cc\/index.php?rest_route=\/wp\/v2\/users\/15"}],"replies":[{"embeddable":true,"href":"https:\/\/baraka.cc\/index.php?rest_route=%2Fwp%2Fv2%2Fcomments&post=10443"}],"version-history":[{"count":1,"href":"https:\/\/baraka.cc\/index.php?rest_route=\/wp\/v2\/posts\/10443\/revisions"}],"predecessor-version":[{"id":10449,"href":"https:\/\/baraka.cc\/index.php?rest_route=\/wp\/v2\/posts\/10443\/revisions\/10449"}],"wp:featuredmedia":[{"embeddable":true,"href":"https:\/\/baraka.cc\/index.php?rest_route=\/wp\/v2\/media\/10448"}],"wp:attachment":[{"href":"https:\/\/baraka.cc\/index.php?rest_route=%2Fwp%2Fv2%2Fmedia&parent=10443"}],"wp:term":[{"taxonomy":"category","embeddable":true,"href":"https:\/\/baraka.cc\/index.php?rest_route=%2Fwp%2Fv2%2Fcategories&post=10443"},{"taxonomy":"post_tag","embeddable":true,"href":"https:\/\/baraka.cc\/index.php?rest_route=%2Fwp%2Fv2%2Ftags&post=10443"}],"curies":[{"name":"wp","href":"https:\/\/api.w.org\/{rel}","templated":true}]}}