{"id":10495,"date":"2024-07-25T07:57:48","date_gmt":"2024-07-25T05:57:48","guid":{"rendered":"https:\/\/baraka.cc\/?p=10495"},"modified":"2024-07-25T07:57:55","modified_gmt":"2024-07-25T05:57:55","slug":"baraka-okuma-grubu-marksizm-ve-birey-sorunsali-kitabiyla-okumalarina-devam-ediyor","status":"publish","type":"post","link":"https:\/\/baraka.cc\/?p=10495","title":{"rendered":"Baraka Okuma Grubu \u201cMarksizm ve Birey Sorunsal\u0131\u201d Kitab\u0131yla Okumalar\u0131na Devam Ediyor"},"content":{"rendered":"\n<p>Baraka Okuma \u2013 Tart\u0131\u015fma Grubu, bir s\u00fcredir okudu\u011fu Nevzat Evrim \u00d6nal taraf\u0131ndan kaleme al\u0131nm\u0131\u015f \u201c\u0130nsan Bencil mi?\u201d kitab\u0131n\u0131 tamamlayarak, okunacak yeni kitab\u0131 belirledi; Cem Ero\u011ful taraf\u0131ndan ele al\u0131nan &#8220;Marksizm ve Birey Sorunsal\u0131&#8221; adl\u0131 kitap.<\/p>\n\n\n\n<p>Marksizm bireyi nas\u0131l ele al\u0131r? Biyolojik, toplumsal ve psikolojik belirlenmelere nas\u0131l yakla\u015f\u0131r? Bireyi incelerken y\u00f6ntemini nas\u0131l in\u015fa eder, \u201cbili\u015fsel ara\u00e7lar\u201d\u0131n\u0131 nas\u0131l olu\u015fturur? Birey sorunsal\u0131 ekseninde \u201cbelirlenme\u201d, \u201ck\u00fclt\u00fcr\u201d, \u201cruh\/tin\u201d gibi kavramlar\u0131n yeri neresidir? Toplumsall\u0131\u011f\u0131n bireysel bi\u00e7imi olarak ruhumuzu; ses tonumuzda, sa\u00e7 kesimimizde, \u00f6p\u00fc\u015fmemizde, hatta t\u0131rna\u011f\u0131m\u0131zda bile bulabilir miyiz? \u201cDuygut\u00fcr\u201d nedir, birey konusuna yeni bir bak\u0131\u015f a\u00e7\u0131s\u0131 getiren bu kavrama nas\u0131l ula\u015f\u0131ld\u0131, her insanda be\u015f duyu gibi bulunan alt\u0131 \u201cduygut\u00fcr\u201d hangileridir?<\/p>\n\n\n\n<p>Cem Ero\u011ful\u2019un uzun y\u0131llar s\u00fcren ara\u015ft\u0131rmalar\u0131na \u201cve Birey Nedir?\u201d adl\u0131 \u00f6zg\u00fcn \u00e7al\u0131\u015fmas\u0131na giri\u015f niteli\u011fi ta\u015f\u0131yan Marksizm ve Birey Sorunsal\u0131, i\u015fte bu sorular\u0131n ve daha fazlas\u0131n\u0131n yan\u0131tlar\u0131n\u0131 olu\u015fturuyor. Ayn\u0131 zamanda, \u201cdiyalektik y\u00f6ntem\u201de dair ufuk a\u00e7\u0131c\u0131 bir \u00e7er\u00e7eve sunuyor.<\/p>\n\n\n\n<p>Cem Ero\u011ful\u2019dan bireye dair, Marksizmin bireye bak\u0131\u015f\u0131na dair \u00f6zl\u00fc bir rehber\u2026<\/p>\n\n\n\n<p>\u0130steyen herkesin dahil olabilece\u011fi Okuma \u2013 Tart\u0131\u015fma Grubu, 25 Temmuz Per\u015fembe\u2019den ba\u015flayarak her \u00e7ar\u015famba saat 18.00-19.30 aras\u0131nda okumalar\u0131na devam edecektir. Dileyen herkesi, bu kitab\u0131 birlikte okumaya bekleriz.<\/p>\n\n\n\n<figure class=\"wp-block-image size-large\"><a href=\"https:\/\/baraka.cc\/wp-content\/uploads\/2024\/07\/baraka-okuma-grubu.jpg\"><img decoding=\"async\" loading=\"lazy\" width=\"1024\" height=\"1024\" src=\"https:\/\/baraka.cc\/wp-content\/uploads\/2024\/07\/baraka-okuma-grubu-1024x1024.jpg\" alt=\"\" class=\"wp-image-10496\" srcset=\"https:\/\/baraka.cc\/wp-content\/uploads\/2024\/07\/baraka-okuma-grubu-1024x1024.jpg 1024w, https:\/\/baraka.cc\/wp-content\/uploads\/2024\/07\/baraka-okuma-grubu-300x300.jpg 300w, https:\/\/baraka.cc\/wp-content\/uploads\/2024\/07\/baraka-okuma-grubu-150x150.jpg 150w, https:\/\/baraka.cc\/wp-content\/uploads\/2024\/07\/baraka-okuma-grubu-768x768.jpg 768w, https:\/\/baraka.cc\/wp-content\/uploads\/2024\/07\/baraka-okuma-grubu.jpg 1080w\" sizes=\"(max-width: 1024px) 100vw, 1024px\" \/><\/a><\/figure>\n","protected":false},"excerpt":{"rendered":"<p>Baraka Okuma \u2013 Tart\u0131\u015fma Grubu, bir s\u00fcredir okudu\u011fu Nevzat Evrim \u00d6nal taraf\u0131ndan kaleme al\u0131nm\u0131\u015f \u201c\u0130nsan Bencil mi?\u201d kitab\u0131n\u0131 tamamlayarak, okunacak yeni kitab\u0131 belirledi; Cem Ero\u011ful<\/p>\n","protected":false},"author":15,"featured_media":10497,"comment_status":"open","ping_status":"open","sticky":false,"template":"","format":"standard","meta":{"jetpack_post_was_ever_published":false,"_jetpack_newsletter_access":"","_jetpack_newsletter_tier_id":0,"jetpack_publicize_message":"","jetpack_is_tweetstorm":false,"jetpack_publicize_feature_enabled":true,"jetpack_social_post_already_shared":true,"jetpack_social_options":{"image_generator_settings":{"template":"highway","enabled":false}}},"categories":[1],"tags":[],"jetpack_publicize_connections":[],"jetpack_featured_media_url":"https:\/\/baraka.cc\/wp-content\/uploads\/2024\/07\/baraka-okuma-grubu-1.jpg","jetpack_shortlink":"https:\/\/wp.me\/p4eHWX-2Jh","jetpack_sharing_enabled":true,"_links":{"self":[{"href":"https:\/\/baraka.cc\/index.php?rest_route=\/wp\/v2\/posts\/10495"}],"collection":[{"href":"https:\/\/baraka.cc\/index.php?rest_route=\/wp\/v2\/posts"}],"about":[{"href":"https:\/\/baraka.cc\/index.php?rest_route=\/wp\/v2\/types\/post"}],"author":[{"embeddable":true,"href":"https:\/\/baraka.cc\/index.php?rest_route=\/wp\/v2\/users\/15"}],"replies":[{"embeddable":true,"href":"https:\/\/baraka.cc\/index.php?rest_route=%2Fwp%2Fv2%2Fcomments&post=10495"}],"version-history":[{"count":1,"href":"https:\/\/baraka.cc\/index.php?rest_route=\/wp\/v2\/posts\/10495\/revisions"}],"predecessor-version":[{"id":10498,"href":"https:\/\/baraka.cc\/index.php?rest_route=\/wp\/v2\/posts\/10495\/revisions\/10498"}],"wp:featuredmedia":[{"embeddable":true,"href":"https:\/\/baraka.cc\/index.php?rest_route=\/wp\/v2\/media\/10497"}],"wp:attachment":[{"href":"https:\/\/baraka.cc\/index.php?rest_route=%2Fwp%2Fv2%2Fmedia&parent=10495"}],"wp:term":[{"taxonomy":"category","embeddable":true,"href":"https:\/\/baraka.cc\/index.php?rest_route=%2Fwp%2Fv2%2Fcategories&post=10495"},{"taxonomy":"post_tag","embeddable":true,"href":"https:\/\/baraka.cc\/index.php?rest_route=%2Fwp%2Fv2%2Ftags&post=10495"}],"curies":[{"name":"wp","href":"https:\/\/api.w.org\/{rel}","templated":true}]}}