{"id":1050,"date":"2012-08-24T09:52:38","date_gmt":"2012-08-24T07:52:38","guid":{"rendered":"https:\/\/baraka.cc\/?p=1050"},"modified":"2014-01-03T09:55:13","modified_gmt":"2014-01-03T07:55:13","slug":"sacakli-ev-kibrisin-oburlerini-agirladi","status":"publish","type":"post","link":"https:\/\/baraka.cc\/?p=1050","title":{"rendered":"Sa\u00e7akl\u0131 Ev, K\u0131br\u0131s\u2019\u0131n \u201c\u00d6b\u00fcrleri\u201dni a\u011f\u0131rlad\u0131"},"content":{"rendered":"<p>&nbsp;<\/p>\n<p class=\"MsoNormal\" style=\"margin-bottom: 0.0001pt; text-align: justify; line-height: 200%;\"><span style=\"font-size: 11.5pt; line-height: 200%; font-family: 'Verdana','sans-serif';\"><a href=\"https:\/\/www.baraka.cc\/images\/stories\/kibrisinoburleri_2.jpg\" target=\"_blank\"><img decoding=\"async\" alt=\" \" src=\"https:\/\/www.baraka.cc\/images\/stories\/kibrisinoburleri_2.jpg\" width=\"200\" align=\"left\" border=\"2\" \/><\/a> Baraka Film At\u00f6lyesi\u2019nin d\u00f6rd\u00fcnc\u00fc \u00fcretimi olan K\u0131br\u0131s\u2019\u0131n \u201c\u00d6b\u00fcrleri\u201dnin galas\u0131, \u2018Sa\u00e7akl\u0131 Ev\u2019de ger\u00e7ekle\u015ftirildi.Baraka Film At\u00f6lyesi\u2019nind\u00f6rt ayl\u0131k kolektif \u00e7al\u0131\u015fmas\u0131 sonucunda ortaya \u00e7\u0131kan belgesel filmin galas\u0131, Sa\u00e7akl\u0131 Ev\u2019in i\u00e7 bah\u00e7esinde, 50 ki\u015filik izleyicinin kat\u0131l\u0131m\u0131yla ger\u00e7ekle\u015fti. \u0130zleyiciler aras\u0131nda, belgesel filmin s\u00f6z ve m\u00fczi\u011fini haz\u0131rlayan Baraka M\u00fczik Ekibi Sol Anahtar\u0131 ve belgeselde hikayeleri anlat\u0131lan g\u00f6\u00e7menler de vard\u0131. Film \u00f6ncesi, Baraka Aktivistleri ve Baraka Film At\u00f6lyesi ekibinden, Mine Balman, Besim Baysal ve Mustafa Batak birer k\u0131sa bir konu\u015fma yaparak, Baraka Film At\u00f6lyesi\u2019nin \u00fcretimlerinden ve K\u0131br\u0131s\u2019\u0131n \u201c\u00d6b\u00fcrleri\u201dnin \u00e7ekim a\u015famas\u0131nda, K\u00fclt\u00fcr Dairesi ile ya\u015fananlardan bahsettiler. K\u0131br\u0131s\u2019\u0131n \u201c\u00d6b\u00fcrleri\u201d 24 A\u011fustos gecesi ger\u00e7ekle\u015ftirdi\u011fi galan\u0131n ard\u0131ndan, 7 Eyl\u00fcl Cumaretsi ak\u015fam\u0131, Ma\u011fusa MAGEM\u2019de de g\u00f6sterilecek. Film g\u00f6sterimleri halka \u00fccretsiz olarak sunulacak.<\/span><\/p>\n<p class=\"MsoNormal\" style=\"margin-bottom: 0.0001pt; text-align: justify; line-height: 200%;\"><span style=\"font-size: 11.5pt; line-height: 200%; font-family: 'Verdana','sans-serif';\">Belgeselin konusu\u2026<\/span><\/p>\n<p class=\"MsoNormal\" style=\"margin-bottom: 0.0001pt; text-align: justify; line-height: 200%;\"><a href=\"https:\/\/www.baraka.cc\/images\/stories\/kibrisinoburleri_1.jpg\" target=\"_blank\"><img decoding=\"async\" alt=\" \" src=\"https:\/\/www.baraka.cc\/images\/stories\/kibrisinoburleri_1.jpg\" width=\"200\" align=\"left\" border=\"2\" \/><\/a> <span style=\"font-size: 11.5pt; line-height: 200%; font-family: 'Verdana','sans-serif';\">Belgesel film, K\u0131br\u0131s\u2019\u0131n kuzeyinde 1974 sonras\u0131 olu\u015fturulan sistemde TC egemenleri ve i\u015fbirlik\u00e7ilerinin her t\u00fcrl\u00fc ara\u00e7 ile K\u0131br\u0131sl\u0131 T\u00fcrk halk\u0131n\u0131n siyasi iradesine m\u00fcdahale etmesi ve \u201cGelen T\u00fcrk, giden T\u00fcrk\u201d mant\u0131\u011f\u0131 ile hareket ederek, \u00f6zellikle K\u0131br\u0131sl\u0131 Elenlerden bo\u015falan k\u00f6ylere ve evlere n\u00fcfus ta\u015f\u0131mas\u0131n\u0131n ard\u0131ndan, T\u00fcrkiye\u2019den K\u0131br\u0131s\u2019a her t\u00fcrl\u00fc yerle\u015fimi kolayla\u015ft\u0131rmak i\u00e7in hem yerli hem TC k\u00f6kenli sermaye te\u015fvik edilmi\u015f ve K\u0131br\u0131s\u2019\u0131n kuzeyi, \u00f6zellikle T\u00fcrkiye\u2019den ciddi oranda g\u00f6\u00e7 alm\u0131\u015ft\u0131r. \u00d6zellikle sosyo-ekonomik nedenlerle, do\u011fup b\u00fcy\u00fcd\u00fckleri topraklar\u0131 geride b\u0131rakan g\u00f6\u00e7menler, ekme\u011fini kazanacaklar\u0131 yeni bir hayat\u0131n umudu ile K\u0131br\u0131s\u2019a yerle\u015fmektedirler. Baraka Film At\u00f6lyesi\u2019nin belgesel filmi K\u0131br\u0131s\u2019\u0131n \u201c\u00d6b\u00fcrleri\u201d de, K\u0131br\u0131s\u2019\u0131n kuzeyine g\u00f6\u00e7 eden alt\u0131 g\u00f6\u00e7men ile yap\u0131lan r\u00f6portajlar sonucunda ki\u015fisel hikayelerden yola \u00e7\u0131karak g\u00f6\u00e7menli\u011fin farkl\u0131 boyutlar\u0131n\u0131 ortaya koyuyor ve g\u00f6\u00e7menlik olgusunu ele al\u0131yor. <\/span><\/p>\n<p class=\"MsoNormal\" style=\"margin-bottom: 0.0001pt; text-align: justify; line-height: 200%;\"><span style=\"font-size: 11.5pt; line-height: 200%; font-family: 'Verdana','sans-serif';\">K\u00fclt\u00fcr Dairesi belgesel filmi \u201cSanatsal\u201d bulmam\u0131\u015ft\u0131\u2026<\/span><\/p>\n<p class=\"MsoNormal\" style=\"margin-bottom: 0.0001pt; text-align: justify; line-height: 200%;\"><span style=\"font-size: 11.5pt; line-height: 200%; font-family: 'Verdana','sans-serif';\">Belgesel filmin \u00fcretim a\u015famas\u0131nda, K\u00fclt\u00fcr Dairesi\u2019nin her y\u0131l \u015fah\u0131s ve derneklere y\u00f6nelik a\u00e7t\u0131\u011f\u0131 k\u00fclt\u00fcr fonundan yararlanmak ve belgesel filmi gerekli ekipmanlarla tamamlayabilmek i\u00e7in fona ba\u015fvuru yapan Baraka Film At\u00f6lyesi, ba\u015fvurular\u0131 de\u011ferlendiren yetkili kurul taraf\u0131ndan, yap\u0131lan i\u015fin \u201cSanatsal \u00f6\u011feler ta\u015f\u0131mad\u0131\u011f\u0131\u201d gerek\u00e7esiyle reddedildi ve tamamen kendi imkanlar\u0131yla belgesel filmi tamamlad\u0131.\u00a0<\/span><\/p>\n","protected":false},"excerpt":{"rendered":"<p>&nbsp; Baraka Film At\u00f6lyesi\u2019nin d\u00f6rd\u00fcnc\u00fc \u00fcretimi olan K\u0131br\u0131s\u2019\u0131n \u201c\u00d6b\u00fcrleri\u201dnin galas\u0131, \u2018Sa\u00e7akl\u0131 Ev\u2019de ger\u00e7ekle\u015ftirildi.Baraka Film At\u00f6lyesi\u2019nind\u00f6rt ayl\u0131k kolektif \u00e7al\u0131\u015fmas\u0131 sonucunda ortaya \u00e7\u0131kan belgesel filmin galas\u0131, Sa\u00e7akl\u0131<\/p>\n","protected":false},"author":1,"featured_media":0,"comment_status":"open","ping_status":"open","sticky":false,"template":"","format":"standard","meta":{"jetpack_post_was_ever_published":false,"_jetpack_newsletter_access":"","_jetpack_newsletter_tier_id":0,"jetpack_publicize_message":"","jetpack_is_tweetstorm":false,"jetpack_publicize_feature_enabled":true,"jetpack_social_post_already_shared":false,"jetpack_social_options":{"image_generator_settings":{"template":"highway","enabled":false}}},"categories":[26],"tags":[],"jetpack_publicize_connections":[],"jetpack_featured_media_url":"","jetpack_shortlink":"https:\/\/wp.me\/p4eHWX-gW","jetpack_sharing_enabled":true,"_links":{"self":[{"href":"https:\/\/baraka.cc\/index.php?rest_route=\/wp\/v2\/posts\/1050"}],"collection":[{"href":"https:\/\/baraka.cc\/index.php?rest_route=\/wp\/v2\/posts"}],"about":[{"href":"https:\/\/baraka.cc\/index.php?rest_route=\/wp\/v2\/types\/post"}],"author":[{"embeddable":true,"href":"https:\/\/baraka.cc\/index.php?rest_route=\/wp\/v2\/users\/1"}],"replies":[{"embeddable":true,"href":"https:\/\/baraka.cc\/index.php?rest_route=%2Fwp%2Fv2%2Fcomments&post=1050"}],"version-history":[{"count":1,"href":"https:\/\/baraka.cc\/index.php?rest_route=\/wp\/v2\/posts\/1050\/revisions"}],"predecessor-version":[{"id":1053,"href":"https:\/\/baraka.cc\/index.php?rest_route=\/wp\/v2\/posts\/1050\/revisions\/1053"}],"wp:attachment":[{"href":"https:\/\/baraka.cc\/index.php?rest_route=%2Fwp%2Fv2%2Fmedia&parent=1050"}],"wp:term":[{"taxonomy":"category","embeddable":true,"href":"https:\/\/baraka.cc\/index.php?rest_route=%2Fwp%2Fv2%2Fcategories&post=1050"},{"taxonomy":"post_tag","embeddable":true,"href":"https:\/\/baraka.cc\/index.php?rest_route=%2Fwp%2Fv2%2Ftags&post=1050"}],"curies":[{"name":"wp","href":"https:\/\/api.w.org\/{rel}","templated":true}]}}