{"id":10500,"date":"2024-08-02T07:45:55","date_gmt":"2024-08-02T05:45:55","guid":{"rendered":"https:\/\/baraka.cc\/?p=10500"},"modified":"2024-08-02T07:46:01","modified_gmt":"2024-08-02T05:46:01","slug":"baraka-yaz-soleni-duzenliyor","status":"publish","type":"post","link":"https:\/\/baraka.cc\/?p=10500","title":{"rendered":"Baraka Yaz \u015e\u00f6leni D\u00fczenliyor"},"content":{"rendered":"\n<p>Baraka K\u00fclt\u00fcr Merkezi 4 A\u011fustos Pazar ak\u015fam\u0131 K\u0131z\u0131lba\u015f Park\u0131\u2019nda k\u00fclt\u00fcr-sanat \u015f\u00f6leni d\u00fczenliyor. Amfi tiyatroda ger\u00e7ekle\u015fecek olan etkinlikte halk danslar\u0131 g\u00f6sterileri, m\u00fczik dinletileri, kat\u0131l\u0131ml\u0131 tiyatro ske\u00e7leri, video ve slayt g\u00f6sterimleri ve s\u00fcrpriz e\u011flenceler yer alacak.<\/p>\n\n\n\n<p>K\u00fclt\u00fcr Dairesi&#8217;nin katk\u0131lar\u0131yla 4 A\u011fustos Pazar g\u00fcn\u00fc 20.00-23.00 saatleri aras\u0131nda halka a\u00e7\u0131k ve \u00fccretsiz olarak ger\u00e7ekle\u015fecek \u015f\u00f6lende, G\u00f6\u00e7-Ta\u015f halk danslar\u0131 ekiplerinin g\u00f6sterilerinin yan\u0131 s\u0131ra, Baraka Tiyatro Ekibi\u2019nin \u201cVarsa Bir Durum Yapal\u0131m A\u00e7\u0131k Oturum\u201d adl\u0131 skeci, Baraka Gen\u00e7lik Orkestras\u0131\u2019n\u0131n ve Sol Anahtar\u0131\u2019n\u0131n konserleri izleyicilerle bulu\u015facak.<\/p>\n\n\n\n<p>\u00dcreterek ve k\u00fclt\u00fcr\u00fcm\u00fcze sahip \u00e7\u0131karak var olabilece\u011fimizin alt\u0131n\u0131 \u00e7izen Baraka, t\u00fcm halk\u0131m\u0131z\u0131 4 A\u011fustos Pazar ak\u015fam\u0131 K\u0131z\u0131lba\u015f Park\u0131&#8217;na davet ediyor.<\/p>\n\n\n\n<figure class=\"wp-block-image size-large\"><a href=\"https:\/\/baraka.cc\/wp-content\/uploads\/2024\/08\/yaz-soleni1.jpeg\"><img decoding=\"async\" loading=\"lazy\" width=\"1024\" height=\"859\" src=\"https:\/\/baraka.cc\/wp-content\/uploads\/2024\/08\/yaz-soleni1-1024x859.jpeg\" alt=\"\" class=\"wp-image-10501\" srcset=\"https:\/\/baraka.cc\/wp-content\/uploads\/2024\/08\/yaz-soleni1-1024x859.jpeg 1024w, https:\/\/baraka.cc\/wp-content\/uploads\/2024\/08\/yaz-soleni1-300x252.jpeg 300w, https:\/\/baraka.cc\/wp-content\/uploads\/2024\/08\/yaz-soleni1-768x644.jpeg 768w, https:\/\/baraka.cc\/wp-content\/uploads\/2024\/08\/yaz-soleni1.jpeg 1469w\" sizes=\"(max-width: 1024px) 100vw, 1024px\" \/><\/a><\/figure>\n","protected":false},"excerpt":{"rendered":"<p>Baraka K\u00fclt\u00fcr Merkezi 4 A\u011fustos Pazar ak\u015fam\u0131 K\u0131z\u0131lba\u015f Park\u0131\u2019nda k\u00fclt\u00fcr-sanat \u015f\u00f6leni d\u00fczenliyor. Amfi tiyatroda ger\u00e7ekle\u015fecek olan etkinlikte halk danslar\u0131 g\u00f6sterileri, m\u00fczik dinletileri, kat\u0131l\u0131ml\u0131 tiyatro ske\u00e7leri,<\/p>\n","protected":false},"author":15,"featured_media":10503,"comment_status":"open","ping_status":"open","sticky":false,"template":"","format":"standard","meta":{"jetpack_post_was_ever_published":false,"_jetpack_newsletter_access":"","_jetpack_newsletter_tier_id":0,"jetpack_publicize_message":"","jetpack_is_tweetstorm":false,"jetpack_publicize_feature_enabled":true,"jetpack_social_post_already_shared":true,"jetpack_social_options":{"image_generator_settings":{"template":"highway","enabled":false}}},"categories":[46,9,24,1],"tags":[],"jetpack_publicize_connections":[],"jetpack_featured_media_url":"https:\/\/baraka.cc\/wp-content\/uploads\/2024\/08\/yaz-soleni2-1.jpeg","jetpack_shortlink":"https:\/\/wp.me\/p4eHWX-2Jm","jetpack_sharing_enabled":true,"_links":{"self":[{"href":"https:\/\/baraka.cc\/index.php?rest_route=\/wp\/v2\/posts\/10500"}],"collection":[{"href":"https:\/\/baraka.cc\/index.php?rest_route=\/wp\/v2\/posts"}],"about":[{"href":"https:\/\/baraka.cc\/index.php?rest_route=\/wp\/v2\/types\/post"}],"author":[{"embeddable":true,"href":"https:\/\/baraka.cc\/index.php?rest_route=\/wp\/v2\/users\/15"}],"replies":[{"embeddable":true,"href":"https:\/\/baraka.cc\/index.php?rest_route=%2Fwp%2Fv2%2Fcomments&post=10500"}],"version-history":[{"count":1,"href":"https:\/\/baraka.cc\/index.php?rest_route=\/wp\/v2\/posts\/10500\/revisions"}],"predecessor-version":[{"id":10504,"href":"https:\/\/baraka.cc\/index.php?rest_route=\/wp\/v2\/posts\/10500\/revisions\/10504"}],"wp:featuredmedia":[{"embeddable":true,"href":"https:\/\/baraka.cc\/index.php?rest_route=\/wp\/v2\/media\/10503"}],"wp:attachment":[{"href":"https:\/\/baraka.cc\/index.php?rest_route=%2Fwp%2Fv2%2Fmedia&parent=10500"}],"wp:term":[{"taxonomy":"category","embeddable":true,"href":"https:\/\/baraka.cc\/index.php?rest_route=%2Fwp%2Fv2%2Fcategories&post=10500"},{"taxonomy":"post_tag","embeddable":true,"href":"https:\/\/baraka.cc\/index.php?rest_route=%2Fwp%2Fv2%2Ftags&post=10500"}],"curies":[{"name":"wp","href":"https:\/\/api.w.org\/{rel}","templated":true}]}}