{"id":10570,"date":"2024-09-02T14:03:12","date_gmt":"2024-09-02T12:03:12","guid":{"rendered":"https:\/\/baraka.cc\/?p=10570"},"modified":"2024-09-02T14:03:17","modified_gmt":"2024-09-02T12:03:17","slug":"anonim-genclik-baraka-kultur-merkezi-ve-bagimsizlik-yolu-1-eylulde-sokaktaydi","status":"publish","type":"post","link":"https:\/\/baraka.cc\/?p=10570","title":{"rendered":"Anonim Gen\u00e7lik, Baraka K\u00fclt\u00fcr Merkezi ve Ba\u011f\u0131ms\u0131zl\u0131k Yolu 1 Eyl\u00fcl\u2019de Sokaktayd\u0131!"},"content":{"rendered":"\n<p><\/p>\n\n\n\n<p>Anonim Gen\u00e7lik, Baraka K\u00fclt\u00fcr Merkezi ve Ba\u011f\u0131ms\u0131zl\u0131k Yolu, 1 Eyl\u00fcl D\u00fcnya Bar\u0131\u015f G\u00fcn\u00fc&#8217;nde, Lefko\u015fa\u2019da eylem ger\u00e7ekle\u015ftirdi. \u00d6rg\u00fctlerin ortak \u00e7a\u011fr\u0131s\u0131yla ger\u00e7ekle\u015fen eylem Lefko\u015fa Ku\u011fulu Park&#8217;ta ba\u015flad\u0131. 1 Eyl\u00fcl\u2019de sokakta olman\u0131n \u00f6neminin vurguland\u0131\u011f\u0131 eyleme Bar\u0131\u015f Derne\u011fi, yetkilileri de kat\u0131larak dayan\u0131\u015fma belirttiler.<\/p>\n\n\n\n<p>Eylem s\u0131ras\u0131nda, \u201cBar\u0131\u015f bizlerin ellerindedir\u201d, \u201cUmutlar\u0131n ku\u015fat\u0131lmas\u0131n bu abluka da\u011f\u0131t\u0131lacak\u201d, \u201cYa\u015fas\u0131n halklar\u0131n karde\u015fli\u011fi\u201d, \u201cSusma hayk\u0131r, sava\u015fa hay\u0131r\u201d, \u201cNehirden, denize \u00f6zg\u00fcr Filistin\u201d, \u201cSiyonizm\u2019e, fa\u015fizme, \u015feriata ge\u00e7it yok\u201d, \u201cOut Out British Bases Out\u201d, \u201cG\u00fcn gelecek, devran d\u00f6necek, Tatar halka hesap verecek\u201d, \u201cBu memleket bizim, biz y\u00f6netelim\u201d, \u201cVard\u0131k, var\u0131z, var olaca\u011f\u0131z. Direne, direne kazanaca\u011f\u0131z\u201d, \u201cK\u0131br\u0131s\u2019ta Bar\u0131\u015f, Filistin\u2019de hemen, Ukrayna\u2019da \u015fimdi! Bar\u0131\u015f hemen \u015fimdi!\u201d sloganlar\u0131 at\u0131ld\u0131.<\/p>\n\n\n\n<p>Ku\u011fulu Park\u2019ta ba\u015flayan eylem, Cumhurba\u015fkanl\u0131\u011f\u0131\u2019na y\u00fcr\u00fcnerek devam etti. \u00d6rg\u00fctler ad\u0131na Cumhurba\u015fkanl\u0131\u011f\u0131 \u00f6n\u00fcnde Ba\u011f\u0131ms\u0131zl\u0131k Yolu Omorfo B\u00f6lge Sorumlusu Celal \u00d6zk\u0131zan a\u00e7\u0131klamada bulundu.<\/p>\n\n\n\n<p><strong>\u00d6zk\u0131zan: K\u0131br\u0131s Bar\u0131\u015fa A\u00e7 ve Bar\u0131\u015fa En \u00c7ok \u0130htiya\u00e7 Duyan Co\u011frafyalardan Bir Tanesi<\/strong><\/p>\n\n\n\n<p>\u00d6zk\u0131zan yapt\u0131\u011f\u0131 a\u00e7\u0131klamada, K\u0131br\u0131s\u2019\u0131n bar\u0131\u015fa a\u00e7 ve bar\u0131\u015fa en \u00e7ok ihtiya\u00e7 duyan co\u011frafyalardan bir tanesi oldu\u011funu belirterek, on y\u0131llard\u0131r b\u00f6l\u00fcnm\u00fc\u015fl\u00fc\u011f\u00fcn ac\u0131s\u0131n\u0131 ya\u015fayan bir ada oldu\u011funu vurgulad\u0131. K\u0131br\u0131s i\u00e7in 1 Eyl\u00fcl D\u00fcnya Bar\u0131\u015f G\u00fcn\u00fc\u2019n\u00fcn \u00e7ok daha ciddi ve ya\u015famsal \u00f6nemi oldu\u011funu s\u00f6yleyen \u00d6zk\u0131zan, sendikalar\u0131n bug\u00fcn\u00fc 1 Eyl\u00fcl\u2019de ger\u00e7ekle\u015ftirmemesini \u00e7ok b\u00fcy\u00fck bir yanl\u0131\u015f olarak de\u011ferlendirdiklerini aktard\u0131. 1 Eyl\u00fcl\u2019e sahip \u00e7\u0131kman\u0131n basit\u00e7e bir y\u00fcr\u00fcy\u00fc\u015f yapmak veya eylem yapmak olmad\u0131\u011f\u0131n\u0131 vurgulayan \u00d6zk\u0131zan, ayn\u0131 zamanda bar\u0131\u015fa ve \u00e7\u00f6z\u00fcme olan irademizi de ortaya koymak oldu\u011funu s\u00f6yledi. \u00d6zk\u0131zan, bug\u00fcnlerde K\u0131br\u0131s\u2019\u0131n kuzeyinde, federasyon, \u00e7\u00f6z\u00fcm ve birle\u015fik K\u0131br\u0131s fikrine gerek sa\u011fc\u0131 gerekse de K\u0131br\u0131s milliyet\u00e7ileri taraf\u0131ndan sald\u0131r\u0131 alt\u0131nda oldu\u011fu, T\u00fcrkiye\u2019deki iktidar\u0131n \u00e7\u00f6z\u00fcm \u00e7izgisinden uzakla\u015ft\u0131\u011f\u0131, K\u0131br\u0131s\u2019\u0131n g\u00fcneyinde ise milliyet\u00e7i g\u00fc\u00e7lerin y\u00fckseli\u015fe ge\u00e7ti\u011fi b\u00f6yle bir d\u00f6nemde 1 Eyl\u00fcl\u2019\u00fcn anlaman\u0131n \u00e7ok b\u00fcy\u00fck oldu\u011funu vurgulad\u0131.<\/p>\n\n\n\n<p><strong>Ersin Tatar Stat\u00fckonun Devam\u0131n\u0131 Savunuyor<\/strong><\/p>\n\n\n\n<p>Cumhurba\u015fkan\u0131 Ersin Tatar\u2019\u0131n, se\u00e7im kampanyas\u0131nda \u201cBizim art\u0131k federasyon i\u00e7in kaybedecek zaman\u0131m\u0131z yok\u201d s\u00f6z\u00fcn\u00fc hat\u0131rlatan \u00d6zk\u0131zan, asl\u0131nda Tatar\u2019\u0131n stat\u00fckonun devam\u0131n\u0131 savundu\u011funu s\u00f6yledi. Laf\u0131 doland\u0131rmaya gerek olmad\u0131\u011f\u0131n\u0131 s\u00f6yleyen \u00d6zk\u0131zan, egemen e\u015fitlik denen \u015feyin kktc\u2019nin tan\u0131t\u0131lmas\u0131 oldu\u011funu, bunun ger\u00e7ek\u00e7i bir \u00e7\u00f6z\u00fcm olmad\u0131\u011f\u0131n\u0131 bildiklerinin alt\u0131n\u0131 \u00e7izdi. \u201c\u00d6zk\u0131zan konu\u015fmas\u0131nda, \u201cBuna ra\u011fmen, y\u0131llard\u0131r sordu\u011fumuz gibi, bu y\u0131l da soruyoruz. Verdi\u011finiz vaat iki devletli \u00e7\u00f6z\u00fcmd\u00fcr, peki bunun i\u00e7in ne yapt\u0131n\u0131z?\u201d dedi. Cumhurba\u015fkan\u0131 Tatar ve onu destekleyen AKP-MHP iktidar\u0131 bu konuda hi\u00e7bir giri\u015fimde bulunmad\u0131klar\u0131n\u0131 s\u00f6yleyen \u00d6zk\u0131zan, giri\u015fimde bulunmamak bir yana ne t\u00fcrden giri\u015fimde bulunacaklar\u0131na dair tek bir s\u00f6z dahi s\u00f6ylememi\u015flerdir dedi. Bu sebepten iki devletli \u00e7\u00f6z\u00fcm fikrini en az ciddiye alanlar\u0131n bu fikri ortaya atanlar oldu\u011fu vurgulay\u0131p, \u201ckktc\u2019yi tan\u0131tmak i\u00e7in ne yapt\u0131n\u201d sorusunu bir kez daha Tatar\u2019a sormak istedikleri s\u00f6yledi. \u00d6rg\u00fctler olarak, K\u0131br\u0131s\u2019ta Federasyondan ve \u00e7\u00f6z\u00fcmden yana olduklar\u0131n\u0131n alt\u0131n\u0131 \u00e7izen \u00d6zk\u0131zan, federasyondan ve \u00e7\u00f6z\u00fcmden yana m\u00fccadele etmeye devam edeceklerini vurgulad\u0131.<\/p>\n\n\n\n<p><strong>Rahvanc\u0131o\u011flu: Egemenlerin S\u00f6yledi\u011fi Yalanlar Tek Tek De\u015fifre Edilmeli<\/strong><\/p>\n\n\n\n<p>Cumhurba\u015fkanl\u0131\u011f\u0131n\u0131n ard\u0131ndan Lefkeliler han\u0131na y\u00fcr\u00fcyen \u00f6rg\u00fctler orada yapt\u0131\u011f\u0131 konu\u015fmalar, okunan bas\u0131n a\u00e7\u0131klamas\u0131 ve ger\u00e7ekle\u015ftirdi\u011fi etkinlikler ile 1 Eyl\u00fcl D\u00fcnya Bar\u0131\u015f G\u00fcn\u00fcn\u00fc dolu dolu kutlad\u0131.<\/p>\n\n\n\n<p>Ba\u011f\u0131ms\u0131zl\u0131k Yolu Mali Sekreteri M\u00fcn\u00fcr Rahvanc\u0131o\u011flu, Lefkeliler Han\u0131\u2019nda ger\u00e7ekle\u015ftirdi\u011fi selamlama konu\u015fmas\u0131nda, bar\u0131\u015f m\u00fccadelesinin sona ermeyece\u011fini belirtti. Rahvanc\u0131o\u011flu, bar\u0131\u015f m\u00fccadelesinin kararl\u0131l\u0131kla m\u00fccadele edilmesi gerekti\u011fini vurgulayarak, egemenlerin s\u00f6yledi\u011fi yalanlar tek tek de\u015fifre edilmesi gerekti\u011fini s\u00f6yledi. Rahvanc\u0131o\u011flu konu\u015fmas\u0131n\u0131n devam\u0131nda \u201cmoralsizlik veya kay\u0131ts\u0131zl\u0131k bata\u011f\u0131na saplanmadan, irademizi sonuna kadar kullanarak bar\u0131\u015ftan \u00e7\u0131kar\u0131 olan emek\u00e7ileri ayakland\u0131r\u0131p, bar\u0131\u015f i\u00e7in m\u00fccadele s\u00fcrd\u00fcr\u00fclmelidir\u201d dedi.<\/p>\n\n\n\n<p>\u015eiirler ve \u015fark\u0131lar e\u015fli\u011finde d\u00fczenlenen eylemde, Anonim Gen\u00e7lik, Baraka K\u00fclt\u00fcr Merkezi ve Ba\u011f\u0131ms\u0131zl\u0131k Yolu ortak bas\u0131n a\u00e7\u0131klamas\u0131 Ba\u011f\u0131ms\u0131zl\u0131k Yolu \u00fcyesi Melisa Koloz taraf\u0131ndan okundu.<\/p>\n\n\n\n<p>Yeni Bir Payla\u015f\u0131m Sava\u015f\u0131 Gelme Olas\u0131l\u0131\u011f\u0131n\u0131 Her G\u00fcn Art\u0131yor<\/p>\n\n\n\n<p>D\u00fcnyam\u0131z\u0131n yeni bir k\u00fcresel sava\u015f cehennemine do\u011fru s\u00fcr\u00fcklendi\u011fi bir d\u00f6nemden ge\u00e7ti\u011fi ifade edilen bas\u0131n a\u00e7\u0131klamas\u0131nda, Ukrayna ve Filistin\u2019de ya\u015fanan sava\u015f ve katliamlar\u0131n, \u00e7at\u0131\u015fmalar\u0131n karakteri gere\u011fi yeni bir payla\u015f\u0131m sava\u015f\u0131n\u0131n insanl\u0131\u011f\u0131n \u00f6n\u00fcne gelme olas\u0131l\u0131\u011f\u0131n\u0131 her ge\u00e7en g\u00fcn artt\u0131rd\u0131\u011f\u0131na dikkat \u00e7ekildi.<\/p>\n\n\n\n<p><strong>Ortado\u011fu Olas\u0131 Sava\u015f\u0131n En Ac\u0131mas\u0131z Cephelerinden Biri Olmaya Aday<\/strong><\/p>\n\n\n\n<p>A\u00e7\u0131klamada, K\u0131br\u0131s\u2019\u0131n da i\u00e7inde bulundu\u011fu Ortado\u011fu&#8217;nun bu olas\u0131 sava\u015f\u0131n en ac\u0131mas\u0131z cephelerinden biri olmaya aday oldu\u011fu \u00fczerinde durularak, b\u00f6lgede s\u00fcren i\u00e7 sava\u015f ve \u00e7at\u0131\u015fmalar\u0131n bir rutine d\u00f6n\u00fc\u015ft\u00fc\u011f\u00fc ifade edildi. Siyonist \u0130srail\u2019in emperyalizmin deste\u011fiyle ba\u015fta Filistinliler olmak \u00fczere t\u00fcm b\u00f6lgeye y\u00f6nelik y\u00fcr\u00fctt\u00fc\u011f\u00fc sald\u0131r\u0131 ve katliamlar\u0131n t\u00fcm ac\u0131mas\u0131zl\u0131\u011f\u0131yla artt\u0131\u011f\u0131na vurgu yap\u0131lan ortak a\u00e7\u0131klamada, \u0130srail\u2019in d\u00fcnyan\u0131n en b\u00fcy\u00fck a\u00e7\u0131k hava hapishanesi olan Gazze\u2019ye y\u00f6nelik sald\u0131r\u0131lar\u0131nda \u00e7ocuklar ba\u015fta olmak \u00fczere on binlerce sivil Filistinli katledildi\u011fi ve katledilmeye de devam edildi\u011fi belirtildi.<\/p>\n\n\n\n<p>K\u0131br\u0131s, Katliama Ortak Ediliyor<\/p>\n\n\n\n<p>A\u00e7\u0131klamada, &#8220;S\u0131cak \u00e7at\u0131\u015fmalardan uzakm\u0131\u015f gibi ya\u015f\u0131yor olsak da yurdumuz K\u0131br\u0131s hem adadaki Birle\u015fik Krall\u0131k \u00fcsleri ile hem de sava\u015f gemilerine a\u00e7\u0131lan K\u0131br\u0131s Cumhuriyeti limanlar\u0131 ile bu katliama ortak ediliyor&#8221; ifadelerine yer verildi.<\/p>\n\n\n\n<p>G\u00f6\u00e7men Kitleler Her \u00dclkedeki Fa\u015fist Hareketlerin S\u0131\u00e7rama Tahtas\u0131na D\u00f6n\u00fc\u015ft\u00fc<\/p>\n\n\n\n<p>Yoksulluk ve sava\u015flar sonucunda \u00e7ok say\u0131da \u00fclkeden, milyonlarca insan\u0131n g\u00f6\u00e7men durumuna d\u00fc\u015ft\u00fc\u011f\u00fc vurgulanan a\u00e7\u0131klamada, ucuz i\u015f g\u00fcc\u00fcne d\u00f6n\u00fc\u015fen g\u00f6\u00e7men kitlelerin hemen hemen her \u00fclkedeki fa\u015fist hareketlerin s\u0131\u00e7rama tahtas\u0131na d\u00f6n\u00fc\u015ft\u00fc\u011f\u00fc belirtildi. Emperyalist kapitalist sistemin, yurtlar\u0131ndan etti\u011fi kitleleri kulland\u0131\u011f\u0131 ifade edilen a\u00e7\u0131klamada, kitlelerin sisteme kar\u015f\u0131 y\u00f6nelecek \u00f6fkeyi k\u0131rmakta bir ara\u00e7 olarak kullan\u0131ld\u0131\u011f\u0131na dikkat \u00e7ekildi. A\u00e7\u0131klamada, &#8220;Y\u00fckselen sava\u015f \u00e7\u0131\u011f\u0131rtkanl\u0131\u011f\u0131nda, se\u00e7imlerle de g\u00fc\u00e7 biriktiren fa\u015fist hareketlerin yads\u0131namaz bir rol\u00fc var. Bug\u00fcn dinsel bir gericili\u011fi de ideolojik olarak sahiplenen fa\u015fistler, Avrupa\u2019dan Amerika\u2019ya, Asya\u2019dan Latin Amerika\u2019ya kadar her co\u011frafyada mevzilerini g\u00fc\u00e7lendiriyorlar&#8221; ifadeleri yer ald\u0131.<\/p>\n\n\n\n<p>Milliyet\u00e7i ve Ayr\u0131l\u0131k\u00e7\u0131 Liderlikler Uyum \u0130\u00e7inde \u00c7al\u0131\u015f\u0131yor<\/p>\n\n\n\n<p>T\u00fcm bu geli\u015fmeler olurken yurdumuzun b\u00f6l\u00fcnm\u00fc\u015fl\u00fc\u011f\u00fcn\u00fcn de 50. y\u0131l\u0131na girdi\u011fi hat\u0131rlat\u0131lan a\u00e7\u0131klamada, Ada&#8217;n\u0131n iki yan\u0131nda da milliyet\u00e7i ve ayr\u0131l\u0131k\u00e7\u0131 liderliklerin K\u0131br\u0131s halklar\u0131n\u0131n aleyhine icraatlar\u0131n\u0131 mevcut b\u00f6l\u00fcnm\u00fc\u015fl\u00fck ko\u015fullar\u0131nda rahat\u00e7a s\u00fcrd\u00fcrd\u00fc\u011f\u00fc ifade edildi. Ankara\u2019n\u0131n emirleriyle yol y\u00fcr\u00fcyen yerli i\u015fbirlik\u00e7ilerin K\u0131br\u0131sl\u0131 T\u00fcrk halk\u0131n\u0131n gelece\u011fini umursamad\u0131\u011f\u0131 belirtilen a\u00e7\u0131klamada, G\u00fcney&#8217;de ise, K\u0131br\u0131sl\u0131 Elen devletine d\u00f6n\u00fc\u015fm\u00fc\u015f K\u0131br\u0131s Cumhuriyeti\u2019ni elinde tutan K\u0131br\u0131sl\u0131 Elen egemen s\u0131n\u0131f\u0131n, ayr\u0131l\u0131k\u00e7\u0131l\u0131k konusunda kar\u015f\u0131t g\u00f6r\u00fcnd\u00fckleriyle adeta uyum i\u00e7erisinde \u00e7al\u0131\u015ft\u0131\u011f\u0131 ifade edildi.<\/p>\n\n\n\n<p>A\u00e7\u0131klamada, K\u0131br\u0131s sorunuyla ilgili m\u00fczakerelerin tarihin en uzun kesintisini ya\u015fad\u0131\u011f\u0131 ve iki halk\u0131n bar\u0131\u015f g\u00fc\u00e7leri aras\u0131nda ister istemez bir umutsuzluk havas\u0131n\u0131n g\u00fcnden g\u00fcne yay\u0131ld\u0131\u011f\u0131na vurgu yap\u0131larak, K\u0131br\u0131s\u2019\u0131n yeniden birle\u015fmesini ve halklar\u0131n\u0131n karde\u015fli\u011fini uluslararas\u0131 m\u00fczakere ve anla\u015fmalara indirgeyen bir anlay\u0131\u015f\u0131n bar\u0131\u015f g\u00fc\u00e7lerinde hakim olmas\u0131 mevcut durumda olduk\u00e7a pay sahibi oldu\u011funa i\u015faret edildi.<\/p>\n\n\n\n<p>Bar\u0131\u015f M\u00fccadelesi Sokakta Verilir!<\/p>\n\n\n\n<p>Bas\u0131n a\u00e7\u0131klamas\u0131nda, &#8220;Pratik m\u00fccadeleden kopan bu yukardan siyaset tarz\u0131 o kadar yay\u0131lm\u0131\u015f durumda ki, 1 Eyl\u00fcl\u2019\u00fcn organizasyonunu \u00fcstlenme iddias\u0131nda olan sendikalar, 1 Eyl\u00fcl eylemliliklerini, pazar g\u00fcn\u00fcne denk geldi\u011fi gerek\u00e7esiyle 2 Eyl\u00fcl g\u00fcn\u00fc ara b\u00f6lgeye s\u0131k\u0131\u015ft\u0131rma karar\u0131 ald\u0131lar. \u00c7ok a\u00e7\u0131kt\u0131r ki bu karar, egemenlerin dayatt\u0131\u011f\u0131 milliyet\u00e7i ortama teslim olan ve sokakta olunmas\u0131 gereken anlar\u0131 g\u00f6stermelik bir \u015fekilde ge\u00e7i\u015ftirme pe\u015finde olan bir anlay\u0131\u015ft\u0131r. \u00c7\u00fcnk\u00fc bar\u0131\u015fseverlerin bo\u015f b\u0131rakt\u0131\u011f\u0131 sokaklar olmadan bar\u0131\u015f m\u00fccadelesi y\u00fcr\u00fct\u00fclemez&#8221; ifadelerine yer verildi.<\/p>\n\n\n\n<p>Umut, Bu Direni\u015f\u00e7i \u0130nattad\u0131r<\/p>\n\n\n\n<p>Anonim Gen\u00e7lik, Baraka K\u00fclt\u00fcr Merkezi ve Ba\u011f\u0131ms\u0131zl\u0131k Yolu taraf\u0131ndan ortak bas\u0131n a\u00e7\u0131klamas\u0131 \u015f\u00f6yle devam etti:<\/p>\n\n\n\n<p>\u0130\u015fte bu y\u0131lki 1 Eyl\u00fcl D\u00fcnya Bar\u0131\u015f g\u00fcn\u00fcne, b\u00f6yle karamsar bir atmosferde gidiyoruz. Ancak ne dayat\u0131lmak istenen bu umutsuzluk ortam\u0131 bir ilktir ne de bu karanl\u0131\u011fa direnen kitleler. Bug\u00fcn emperyalist \u00fclkeler ba\u015fta olmak \u00fczere d\u00fcnyan\u0131n her yerinde halklar mazlum Filistin halk\u0131n\u0131n yan\u0131nda olmak \u00fczere sokaklar\u0131, kamp\u00fcsleri ve meydanlar\u0131 doldurmaktad\u0131r. Ve bu m\u00fccadele, \u0130slamc\u0131 \u00e7izginin aksine on y\u0131llard\u0131r s\u00fcren kararl\u0131 bir direni\u015fin yaratt\u0131\u011f\u0131 enternasyonal sol bir gelene\u011fin par\u00e7as\u0131d\u0131r. Direni\u015f, s\u00f6m\u00fcr\u00fc ili\u015fkilerini yok etmek i\u00e7in m\u00fccadele eden bu enternasyonalist \u00e7izgidedir. \u00d6te yandan K\u0131br\u0131s\u2019taki bar\u0131\u015f ve federasyon kavgas\u0131 ilk kez sokaktan ka\u00e7ar halde de\u011fildir. Annan plan\u0131 referandumu sonras\u0131 olu\u015fan karamsar ortamda da bug\u00fcn\u00fcn \u201cara b\u00f6lgecileri\u201d 1Eyl\u00fcl\u2019\u00fc salon etkinliklerine s\u0131k\u0131\u015ft\u0131rma pe\u015findeydiler. Devrimciler o g\u00fcnlerde de inat\u00e7\u0131 bir direni\u015fle sokakta \u0131srar ettiler ve m\u00fccadeleyi kalabal\u0131kla\u015ft\u0131rarak bug\u00fcnlere ta\u015f\u0131d\u0131lar. Umut, bu direni\u015f\u00e7i inattad\u0131r. D\u00fcnyan\u0131n her yerinden devrimciler, egemenlerin on y\u0131llard\u0131r dayatt\u0131\u011f\u0131 bir \u201calternatifsiz gelecekle\u201d m\u00fccadele ediyorlar. Dolay\u0131s\u0131yla bug\u00fcn i\u00e7ine s\u0131k\u0131\u015fm\u0131\u015f gibi g\u00f6r\u00fcnd\u00fc\u011f\u00fcm\u00fcz bu abluka da yeni de\u011fildir. Alternatif, insanl\u0131\u011f\u0131 yeniden aya\u011fa kald\u0131racak devrimci m\u00fccadelededir.<\/p>\n\n\n\n<p>Ya\u015fas\u0131n Ba\u011f\u0131ms\u0131z, Birle\u015fik, Federal K\u0131br\u0131s!<\/p>\n\n\n\n<p>Ya\u015fas\u0131n Yahudi ve Arap Halklar\u0131n Karde\u015f\u00e7e Ya\u015fad\u0131\u011f\u0131 \u00d6zg\u00fcr Filistin!<\/p>\n\n\n\n<p>Ya\u015fas\u0131n Halklar\u0131n Devrimci Dayan\u0131\u015fmas\u0131!<\/p>\n\n\n\n<p>Kahrolsun Emperyalizm!<\/p>\n\n\n\n<p>Okunan bas\u0131n a\u00e7\u0131klamas\u0131n\u0131n ard\u0131ndan Baraka K\u00fclt\u00fcr Merkezi\u2019nin haz\u0131rlad\u0131\u011f\u0131 bar\u0131\u015f temal\u0131 \u015fiirler okundu. D\u00fcnyadan ve \u00fclkemiz \u015fairlerinden \u015fiirler okunmas\u0131n\u0131n ard\u0131ndan Baraka m\u00fczik toplulu\u011fu Sol Anahtar\u0131\u2019n\u0131n \u015fark\u0131lar\u0131yla 1 Eyl\u00fcl eyleminde devam edildi.<\/p>\n\n\n\n<p>\u015eiirlerin, \u015fark\u0131lar\u0131n, sloganlar\u0131n e\u015fli\u011finde ger\u00e7ekle\u015fen 1 Eyl\u00fcl eylemi yap\u0131lan, bar\u0131\u015f i\u00e7in m\u00fccadeleye omuz verme \u00e7a\u011f\u0131r\u0131s\u0131yla son buldu.<\/p>\n\n\n\n<figure class=\"wp-block-image size-large\"><a href=\"https:\/\/baraka.cc\/wp-content\/uploads\/2024\/09\/20240901_183427-scaled.jpg\"><img decoding=\"async\" loading=\"lazy\" width=\"1024\" height=\"577\" src=\"https:\/\/baraka.cc\/wp-content\/uploads\/2024\/09\/20240901_183427-1024x577.jpg\" alt=\"\" class=\"wp-image-10572\" srcset=\"https:\/\/baraka.cc\/wp-content\/uploads\/2024\/09\/20240901_183427-1024x577.jpg 1024w, https:\/\/baraka.cc\/wp-content\/uploads\/2024\/09\/20240901_183427-300x170.jpg 300w, https:\/\/baraka.cc\/wp-content\/uploads\/2024\/09\/20240901_183427-768x432.jpg 768w, https:\/\/baraka.cc\/wp-content\/uploads\/2024\/09\/20240901_183427-1536x865.jpg 1536w, https:\/\/baraka.cc\/wp-content\/uploads\/2024\/09\/20240901_183427-2048x1153.jpg 2048w, https:\/\/baraka.cc\/wp-content\/uploads\/2024\/09\/20240901_183427-70x40.jpg 70w\" sizes=\"(max-width: 1024px) 100vw, 1024px\" \/><\/a><\/figure>\n\n\n\n<figure class=\"wp-block-image size-large\"><a href=\"https:\/\/baraka.cc\/wp-content\/uploads\/2024\/09\/20240901_183414-scaled.jpg\"><img decoding=\"async\" loading=\"lazy\" width=\"1024\" height=\"577\" src=\"https:\/\/baraka.cc\/wp-content\/uploads\/2024\/09\/20240901_183414-1024x577.jpg\" alt=\"\" class=\"wp-image-10574\" srcset=\"https:\/\/baraka.cc\/wp-content\/uploads\/2024\/09\/20240901_183414-1024x577.jpg 1024w, https:\/\/baraka.cc\/wp-content\/uploads\/2024\/09\/20240901_183414-300x170.jpg 300w, https:\/\/baraka.cc\/wp-content\/uploads\/2024\/09\/20240901_183414-768x432.jpg 768w, https:\/\/baraka.cc\/wp-content\/uploads\/2024\/09\/20240901_183414-1536x865.jpg 1536w, https:\/\/baraka.cc\/wp-content\/uploads\/2024\/09\/20240901_183414-2048x1153.jpg 2048w, https:\/\/baraka.cc\/wp-content\/uploads\/2024\/09\/20240901_183414-70x40.jpg 70w\" sizes=\"(max-width: 1024px) 100vw, 1024px\" \/><\/a><\/figure>\n\n\n\n<figure class=\"wp-block-image size-large\"><a href=\"https:\/\/baraka.cc\/wp-content\/uploads\/2024\/09\/20240901_193433-scaled.jpg\"><img decoding=\"async\" loading=\"lazy\" width=\"1024\" height=\"577\" src=\"https:\/\/baraka.cc\/wp-content\/uploads\/2024\/09\/20240901_193433-1024x577.jpg\" alt=\"\" class=\"wp-image-10583\" srcset=\"https:\/\/baraka.cc\/wp-content\/uploads\/2024\/09\/20240901_193433-1024x577.jpg 1024w, https:\/\/baraka.cc\/wp-content\/uploads\/2024\/09\/20240901_193433-300x170.jpg 300w, https:\/\/baraka.cc\/wp-content\/uploads\/2024\/09\/20240901_193433-768x432.jpg 768w, https:\/\/baraka.cc\/wp-content\/uploads\/2024\/09\/20240901_193433-1536x865.jpg 1536w, https:\/\/baraka.cc\/wp-content\/uploads\/2024\/09\/20240901_193433-2048x1153.jpg 2048w, https:\/\/baraka.cc\/wp-content\/uploads\/2024\/09\/20240901_193433-70x40.jpg 70w\" sizes=\"(max-width: 1024px) 100vw, 1024px\" \/><\/a><\/figure>\n\n\n\n<figure class=\"wp-block-image size-large\"><a href=\"https:\/\/baraka.cc\/wp-content\/uploads\/2024\/09\/20240901_183423-scaled.jpg\"><img decoding=\"async\" loading=\"lazy\" width=\"1024\" height=\"577\" src=\"https:\/\/baraka.cc\/wp-content\/uploads\/2024\/09\/20240901_183423-1024x577.jpg\" alt=\"\" class=\"wp-image-10584\" srcset=\"https:\/\/baraka.cc\/wp-content\/uploads\/2024\/09\/20240901_183423-1024x577.jpg 1024w, https:\/\/baraka.cc\/wp-content\/uploads\/2024\/09\/20240901_183423-300x170.jpg 300w, https:\/\/baraka.cc\/wp-content\/uploads\/2024\/09\/20240901_183423-768x432.jpg 768w, https:\/\/baraka.cc\/wp-content\/uploads\/2024\/09\/20240901_183423-1536x865.jpg 1536w, https:\/\/baraka.cc\/wp-content\/uploads\/2024\/09\/20240901_183423-2048x1153.jpg 2048w, https:\/\/baraka.cc\/wp-content\/uploads\/2024\/09\/20240901_183423-70x40.jpg 70w\" sizes=\"(max-width: 1024px) 100vw, 1024px\" \/><\/a><\/figure>\n\n\n\n<figure class=\"wp-block-image size-large\"><a href=\"https:\/\/baraka.cc\/wp-content\/uploads\/2024\/09\/20240901_183407-1-scaled.jpg\"><img decoding=\"async\" loading=\"lazy\" width=\"1024\" height=\"577\" src=\"https:\/\/baraka.cc\/wp-content\/uploads\/2024\/09\/20240901_183407-1-1024x577.jpg\" alt=\"\" class=\"wp-image-10585\" srcset=\"https:\/\/baraka.cc\/wp-content\/uploads\/2024\/09\/20240901_183407-1-1024x577.jpg 1024w, https:\/\/baraka.cc\/wp-content\/uploads\/2024\/09\/20240901_183407-1-300x170.jpg 300w, https:\/\/baraka.cc\/wp-content\/uploads\/2024\/09\/20240901_183407-1-768x432.jpg 768w, https:\/\/baraka.cc\/wp-content\/uploads\/2024\/09\/20240901_183407-1-1536x865.jpg 1536w, https:\/\/baraka.cc\/wp-content\/uploads\/2024\/09\/20240901_183407-1-2048x1153.jpg 2048w, https:\/\/baraka.cc\/wp-content\/uploads\/2024\/09\/20240901_183407-1-70x40.jpg 70w\" sizes=\"(max-width: 1024px) 100vw, 1024px\" \/><\/a><\/figure>\n\n\n\n<figure class=\"wp-block-image size-large\"><a href=\"https:\/\/baraka.cc\/wp-content\/uploads\/2024\/09\/20240901_183816-1-scaled.jpg\"><img decoding=\"async\" loading=\"lazy\" width=\"1024\" height=\"577\" src=\"https:\/\/baraka.cc\/wp-content\/uploads\/2024\/09\/20240901_183816-1-1024x577.jpg\" alt=\"\" class=\"wp-image-10586\" srcset=\"https:\/\/baraka.cc\/wp-content\/uploads\/2024\/09\/20240901_183816-1-1024x577.jpg 1024w, https:\/\/baraka.cc\/wp-content\/uploads\/2024\/09\/20240901_183816-1-300x170.jpg 300w, https:\/\/baraka.cc\/wp-content\/uploads\/2024\/09\/20240901_183816-1-768x432.jpg 768w, https:\/\/baraka.cc\/wp-content\/uploads\/2024\/09\/20240901_183816-1-1536x865.jpg 1536w, https:\/\/baraka.cc\/wp-content\/uploads\/2024\/09\/20240901_183816-1-2048x1153.jpg 2048w, https:\/\/baraka.cc\/wp-content\/uploads\/2024\/09\/20240901_183816-1-70x40.jpg 70w\" sizes=\"(max-width: 1024px) 100vw, 1024px\" \/><\/a><\/figure>\n\n\n\n<figure class=\"wp-block-image size-large\"><a href=\"https:\/\/baraka.cc\/wp-content\/uploads\/2024\/09\/20240901_185217-1-scaled.jpg\"><img decoding=\"async\" loading=\"lazy\" width=\"1024\" height=\"577\" src=\"https:\/\/baraka.cc\/wp-content\/uploads\/2024\/09\/20240901_185217-1-1024x577.jpg\" alt=\"\" class=\"wp-image-10587\" srcset=\"https:\/\/baraka.cc\/wp-content\/uploads\/2024\/09\/20240901_185217-1-1024x577.jpg 1024w, https:\/\/baraka.cc\/wp-content\/uploads\/2024\/09\/20240901_185217-1-300x170.jpg 300w, https:\/\/baraka.cc\/wp-content\/uploads\/2024\/09\/20240901_185217-1-768x432.jpg 768w, https:\/\/baraka.cc\/wp-content\/uploads\/2024\/09\/20240901_185217-1-1536x865.jpg 1536w, https:\/\/baraka.cc\/wp-content\/uploads\/2024\/09\/20240901_185217-1-2048x1153.jpg 2048w, https:\/\/baraka.cc\/wp-content\/uploads\/2024\/09\/20240901_185217-1-70x40.jpg 70w\" sizes=\"(max-width: 1024px) 100vw, 1024px\" \/><\/a><\/figure>\n\n\n\n<figure class=\"wp-block-image size-large\"><a href=\"https:\/\/baraka.cc\/wp-content\/uploads\/2024\/09\/20240901_185559-1-scaled.jpg\"><img decoding=\"async\" loading=\"lazy\" width=\"1024\" height=\"577\" src=\"https:\/\/baraka.cc\/wp-content\/uploads\/2024\/09\/20240901_185559-1-1024x577.jpg\" alt=\"\" class=\"wp-image-10588\" srcset=\"https:\/\/baraka.cc\/wp-content\/uploads\/2024\/09\/20240901_185559-1-1024x577.jpg 1024w, https:\/\/baraka.cc\/wp-content\/uploads\/2024\/09\/20240901_185559-1-300x170.jpg 300w, https:\/\/baraka.cc\/wp-content\/uploads\/2024\/09\/20240901_185559-1-768x432.jpg 768w, https:\/\/baraka.cc\/wp-content\/uploads\/2024\/09\/20240901_185559-1-1536x865.jpg 1536w, https:\/\/baraka.cc\/wp-content\/uploads\/2024\/09\/20240901_185559-1-2048x1153.jpg 2048w, https:\/\/baraka.cc\/wp-content\/uploads\/2024\/09\/20240901_185559-1-70x40.jpg 70w\" sizes=\"(max-width: 1024px) 100vw, 1024px\" \/><\/a><\/figure>\n\n\n\n<figure class=\"wp-block-image size-large\"><a href=\"https:\/\/baraka.cc\/wp-content\/uploads\/2024\/09\/20240901_193530-scaled.jpg\"><img decoding=\"async\" loading=\"lazy\" width=\"1024\" height=\"577\" src=\"https:\/\/baraka.cc\/wp-content\/uploads\/2024\/09\/20240901_193530-1024x577.jpg\" alt=\"\" class=\"wp-image-10589\" srcset=\"https:\/\/baraka.cc\/wp-content\/uploads\/2024\/09\/20240901_193530-1024x577.jpg 1024w, https:\/\/baraka.cc\/wp-content\/uploads\/2024\/09\/20240901_193530-300x170.jpg 300w, https:\/\/baraka.cc\/wp-content\/uploads\/2024\/09\/20240901_193530-768x432.jpg 768w, https:\/\/baraka.cc\/wp-content\/uploads\/2024\/09\/20240901_193530-1536x865.jpg 1536w, https:\/\/baraka.cc\/wp-content\/uploads\/2024\/09\/20240901_193530-2048x1153.jpg 2048w, https:\/\/baraka.cc\/wp-content\/uploads\/2024\/09\/20240901_193530-70x40.jpg 70w\" sizes=\"(max-width: 1024px) 100vw, 1024px\" \/><\/a><\/figure>\n\n\n\n<figure class=\"wp-block-image size-large\"><a href=\"https:\/\/baraka.cc\/wp-content\/uploads\/2024\/09\/20240901_193554-scaled.jpg\"><img decoding=\"async\" loading=\"lazy\" width=\"1024\" height=\"577\" src=\"https:\/\/baraka.cc\/wp-content\/uploads\/2024\/09\/20240901_193554-1024x577.jpg\" alt=\"\" class=\"wp-image-10590\" srcset=\"https:\/\/baraka.cc\/wp-content\/uploads\/2024\/09\/20240901_193554-1024x577.jpg 1024w, https:\/\/baraka.cc\/wp-content\/uploads\/2024\/09\/20240901_193554-300x170.jpg 300w, https:\/\/baraka.cc\/wp-content\/uploads\/2024\/09\/20240901_193554-768x432.jpg 768w, https:\/\/baraka.cc\/wp-content\/uploads\/2024\/09\/20240901_193554-1536x865.jpg 1536w, https:\/\/baraka.cc\/wp-content\/uploads\/2024\/09\/20240901_193554-2048x1153.jpg 2048w, https:\/\/baraka.cc\/wp-content\/uploads\/2024\/09\/20240901_193554-70x40.jpg 70w\" sizes=\"(max-width: 1024px) 100vw, 1024px\" \/><\/a><\/figure>\n\n\n\n<figure class=\"wp-block-image size-large\"><a href=\"https:\/\/baraka.cc\/wp-content\/uploads\/2024\/09\/20240901_192300-1-scaled.jpg\"><img decoding=\"async\" loading=\"lazy\" width=\"1024\" height=\"577\" src=\"https:\/\/baraka.cc\/wp-content\/uploads\/2024\/09\/20240901_192300-1-1024x577.jpg\" alt=\"\" class=\"wp-image-10592\" srcset=\"https:\/\/baraka.cc\/wp-content\/uploads\/2024\/09\/20240901_192300-1-1024x577.jpg 1024w, https:\/\/baraka.cc\/wp-content\/uploads\/2024\/09\/20240901_192300-1-300x170.jpg 300w, https:\/\/baraka.cc\/wp-content\/uploads\/2024\/09\/20240901_192300-1-768x432.jpg 768w, https:\/\/baraka.cc\/wp-content\/uploads\/2024\/09\/20240901_192300-1-1536x865.jpg 1536w, https:\/\/baraka.cc\/wp-content\/uploads\/2024\/09\/20240901_192300-1-2048x1153.jpg 2048w, https:\/\/baraka.cc\/wp-content\/uploads\/2024\/09\/20240901_192300-1-70x40.jpg 70w\" sizes=\"(max-width: 1024px) 100vw, 1024px\" \/><\/a><\/figure>\n\n\n\n<figure class=\"wp-block-image size-large\"><a href=\"https:\/\/baraka.cc\/wp-content\/uploads\/2024\/09\/20240901_191819-scaled.jpg\"><img decoding=\"async\" loading=\"lazy\" width=\"577\" height=\"1024\" src=\"https:\/\/baraka.cc\/wp-content\/uploads\/2024\/09\/20240901_191819-577x1024.jpg\" alt=\"\" class=\"wp-image-10593\" srcset=\"https:\/\/baraka.cc\/wp-content\/uploads\/2024\/09\/20240901_191819-577x1024.jpg 577w, https:\/\/baraka.cc\/wp-content\/uploads\/2024\/09\/20240901_191819-169x300.jpg 169w, https:\/\/baraka.cc\/wp-content\/uploads\/2024\/09\/20240901_191819-768x1364.jpg 768w, https:\/\/baraka.cc\/wp-content\/uploads\/2024\/09\/20240901_191819-865x1536.jpg 865w, https:\/\/baraka.cc\/wp-content\/uploads\/2024\/09\/20240901_191819-1153x2048.jpg 1153w, https:\/\/baraka.cc\/wp-content\/uploads\/2024\/09\/20240901_191819-scaled.jpg 1441w\" sizes=\"(max-width: 577px) 100vw, 577px\" \/><\/a><\/figure>\n","protected":false},"excerpt":{"rendered":"<p>Anonim Gen\u00e7lik, Baraka K\u00fclt\u00fcr Merkezi ve Ba\u011f\u0131ms\u0131zl\u0131k Yolu, 1 Eyl\u00fcl D\u00fcnya Bar\u0131\u015f G\u00fcn\u00fc&#8217;nde, Lefko\u015fa\u2019da eylem ger\u00e7ekle\u015ftirdi. \u00d6rg\u00fctlerin ortak \u00e7a\u011fr\u0131s\u0131yla ger\u00e7ekle\u015fen eylem Lefko\u015fa Ku\u011fulu Park&#8217;ta ba\u015flad\u0131.<\/p>\n","protected":false},"author":15,"featured_media":10591,"comment_status":"open","ping_status":"open","sticky":false,"template":"","format":"standard","meta":{"jetpack_post_was_ever_published":false,"_jetpack_newsletter_access":"","_jetpack_newsletter_tier_id":0,"jetpack_publicize_message":"","jetpack_is_tweetstorm":false,"jetpack_publicize_feature_enabled":true,"jetpack_social_post_already_shared":true,"jetpack_social_options":{"image_generator_settings":{"template":"highway","enabled":false}}},"categories":[52,45,9,1],"tags":[],"jetpack_publicize_connections":[],"jetpack_featured_media_url":"https:\/\/baraka.cc\/wp-content\/uploads\/2024\/09\/20240901_183407-2-scaled.jpg","jetpack_shortlink":"https:\/\/wp.me\/p4eHWX-2Ku","jetpack_sharing_enabled":true,"_links":{"self":[{"href":"https:\/\/baraka.cc\/index.php?rest_route=\/wp\/v2\/posts\/10570"}],"collection":[{"href":"https:\/\/baraka.cc\/index.php?rest_route=\/wp\/v2\/posts"}],"about":[{"href":"https:\/\/baraka.cc\/index.php?rest_route=\/wp\/v2\/types\/post"}],"author":[{"embeddable":true,"href":"https:\/\/baraka.cc\/index.php?rest_route=\/wp\/v2\/users\/15"}],"replies":[{"embeddable":true,"href":"https:\/\/baraka.cc\/index.php?rest_route=%2Fwp%2Fv2%2Fcomments&post=10570"}],"version-history":[{"count":1,"href":"https:\/\/baraka.cc\/index.php?rest_route=\/wp\/v2\/posts\/10570\/revisions"}],"predecessor-version":[{"id":10594,"href":"https:\/\/baraka.cc\/index.php?rest_route=\/wp\/v2\/posts\/10570\/revisions\/10594"}],"wp:featuredmedia":[{"embeddable":true,"href":"https:\/\/baraka.cc\/index.php?rest_route=\/wp\/v2\/media\/10591"}],"wp:attachment":[{"href":"https:\/\/baraka.cc\/index.php?rest_route=%2Fwp%2Fv2%2Fmedia&parent=10570"}],"wp:term":[{"taxonomy":"category","embeddable":true,"href":"https:\/\/baraka.cc\/index.php?rest_route=%2Fwp%2Fv2%2Fcategories&post=10570"},{"taxonomy":"post_tag","embeddable":true,"href":"https:\/\/baraka.cc\/index.php?rest_route=%2Fwp%2Fv2%2Ftags&post=10570"}],"curies":[{"name":"wp","href":"https:\/\/api.w.org\/{rel}","templated":true}]}}