{"id":10596,"date":"2024-09-09T12:37:26","date_gmt":"2024-09-09T10:37:26","guid":{"rendered":"https:\/\/baraka.cc\/?p=10596"},"modified":"2024-09-09T12:37:32","modified_gmt":"2024-09-09T10:37:32","slug":"sol-anahtari-12-uluslararasi-goctas-kultur-ve-sanat-festivali-kapsaminda-taskinkoyde-sahne-aldi","status":"publish","type":"post","link":"https:\/\/baraka.cc\/?p=10596","title":{"rendered":"Sol Anahtar\u0131,  12. Uluslararas\u0131 G\u00f6\u00e7ta\u015f K\u00fclt\u00fcr ve Sanat Festivali kapsam\u0131nda Ta\u015fk\u0131nk\u00f6y\u2019de sahne ald\u0131."},"content":{"rendered":"\n<p>Sol Anahtar\u0131, ge\u00e7en ak\u015fam 12. Uluslararas\u0131 G\u00f6\u00e7ta\u015f K\u00fclt\u00fcr ve Sanat Festivali kapsam\u0131nda Ta\u015fk\u0131nk\u00f6y\u2019de sahne ald\u0131. Grubun son alb\u00fcm\u00fcnde yer alan kendi bestelerinin yan\u0131 s\u0131ra yerli ve yabanc\u0131 \u015fark\u0131lar\u0131n da yer ald\u0131\u011f\u0131 konser b\u00fcy\u00fck be\u011feni toplad\u0131. G\u00f6\u00e7-Ta\u015f Derne\u011fi y\u00f6neticisi Salim Piyale, konser sonras\u0131 sahneden Sol Anahtar\u0131 grubuna te\u015fekk\u00fcr ederken, bu y\u0131l 12.\u2019si d\u00fczenlenen festivallerinde Sol Anahtar\u0131\u2019n\u0131 her zaman ve her ko\u015fulda yanlar\u0131nda bulduklar\u0131n\u0131 vurgulad\u0131.<\/p>\n\n\n\n<figure class=\"wp-block-gallery has-nested-images columns-default is-cropped wp-block-gallery-1 is-layout-flex\">\n<figure class=\"wp-block-image size-large\"><a href=\"https:\/\/baraka.cc\/wp-content\/uploads\/2024\/09\/DSC02486.jpg\"><img decoding=\"async\" loading=\"lazy\" width=\"1024\" height=\"683\" data-id=\"10600\"  src=\"https:\/\/baraka.cc\/wp-content\/uploads\/2024\/09\/DSC02486-1024x683.jpg\" alt=\"\" class=\"wp-image-10600\" srcset=\"https:\/\/baraka.cc\/wp-content\/uploads\/2024\/09\/DSC02486-1024x683.jpg 1024w, https:\/\/baraka.cc\/wp-content\/uploads\/2024\/09\/DSC02486-300x200.jpg 300w, https:\/\/baraka.cc\/wp-content\/uploads\/2024\/09\/DSC02486-768x512.jpg 768w, https:\/\/baraka.cc\/wp-content\/uploads\/2024\/09\/DSC02486-1536x1024.jpg 1536w, https:\/\/baraka.cc\/wp-content\/uploads\/2024\/09\/DSC02486.jpg 2048w\" sizes=\"(max-width: 1024px) 100vw, 1024px\" \/><\/a><\/figure>\n\n\n\n<figure class=\"wp-block-image size-large\"><a href=\"https:\/\/baraka.cc\/wp-content\/uploads\/2024\/09\/DSC02517.jpg\"><img decoding=\"async\" loading=\"lazy\" width=\"1024\" height=\"683\" data-id=\"10599\"  src=\"https:\/\/baraka.cc\/wp-content\/uploads\/2024\/09\/DSC02517-1024x683.jpg\" alt=\"\" class=\"wp-image-10599\" srcset=\"https:\/\/baraka.cc\/wp-content\/uploads\/2024\/09\/DSC02517-1024x683.jpg 1024w, https:\/\/baraka.cc\/wp-content\/uploads\/2024\/09\/DSC02517-300x200.jpg 300w, https:\/\/baraka.cc\/wp-content\/uploads\/2024\/09\/DSC02517-768x512.jpg 768w, https:\/\/baraka.cc\/wp-content\/uploads\/2024\/09\/DSC02517-1536x1024.jpg 1536w, https:\/\/baraka.cc\/wp-content\/uploads\/2024\/09\/DSC02517.jpg 2048w\" sizes=\"(max-width: 1024px) 100vw, 1024px\" \/><\/a><\/figure>\n\n\n\n<figure class=\"wp-block-image size-large\"><a href=\"https:\/\/baraka.cc\/wp-content\/uploads\/2024\/09\/DSC02544.jpg\"><img decoding=\"async\" loading=\"lazy\" width=\"683\" height=\"1024\" data-id=\"10598\"  src=\"https:\/\/baraka.cc\/wp-content\/uploads\/2024\/09\/DSC02544-683x1024.jpg\" alt=\"\" class=\"wp-image-10598\" srcset=\"https:\/\/baraka.cc\/wp-content\/uploads\/2024\/09\/DSC02544-683x1024.jpg 683w, https:\/\/baraka.cc\/wp-content\/uploads\/2024\/09\/DSC02544-200x300.jpg 200w, https:\/\/baraka.cc\/wp-content\/uploads\/2024\/09\/DSC02544-768x1152.jpg 768w, https:\/\/baraka.cc\/wp-content\/uploads\/2024\/09\/DSC02544-1024x1536.jpg 1024w, https:\/\/baraka.cc\/wp-content\/uploads\/2024\/09\/DSC02544.jpg 1365w\" sizes=\"(max-width: 683px) 100vw, 683px\" \/><\/a><\/figure>\n\n\n\n<figure class=\"wp-block-image\"><img\/><\/figure>\n<\/figure>\n","protected":false},"excerpt":{"rendered":"<p>Sol Anahtar\u0131, ge\u00e7en ak\u015fam 12. Uluslararas\u0131 G\u00f6\u00e7ta\u015f K\u00fclt\u00fcr ve Sanat Festivali kapsam\u0131nda Ta\u015fk\u0131nk\u00f6y\u2019de sahne ald\u0131. Grubun son alb\u00fcm\u00fcnde yer alan kendi bestelerinin yan\u0131 s\u0131ra yerli<\/p>\n","protected":false},"author":1,"featured_media":10600,"comment_status":"open","ping_status":"open","sticky":false,"template":"","format":"standard","meta":{"jetpack_post_was_ever_published":false,"_jetpack_newsletter_access":"","_jetpack_newsletter_tier_id":0,"jetpack_publicize_message":"","jetpack_is_tweetstorm":false,"jetpack_publicize_feature_enabled":true,"jetpack_social_post_already_shared":true,"jetpack_social_options":{"image_generator_settings":{"template":"highway","enabled":false}}},"categories":[9,24,1,23],"tags":[],"jetpack_publicize_connections":[],"jetpack_featured_media_url":"https:\/\/baraka.cc\/wp-content\/uploads\/2024\/09\/DSC02486.jpg","jetpack_shortlink":"https:\/\/wp.me\/p4eHWX-2KU","jetpack_sharing_enabled":true,"_links":{"self":[{"href":"https:\/\/baraka.cc\/index.php?rest_route=\/wp\/v2\/posts\/10596"}],"collection":[{"href":"https:\/\/baraka.cc\/index.php?rest_route=\/wp\/v2\/posts"}],"about":[{"href":"https:\/\/baraka.cc\/index.php?rest_route=\/wp\/v2\/types\/post"}],"author":[{"embeddable":true,"href":"https:\/\/baraka.cc\/index.php?rest_route=\/wp\/v2\/users\/1"}],"replies":[{"embeddable":true,"href":"https:\/\/baraka.cc\/index.php?rest_route=%2Fwp%2Fv2%2Fcomments&post=10596"}],"version-history":[{"count":1,"href":"https:\/\/baraka.cc\/index.php?rest_route=\/wp\/v2\/posts\/10596\/revisions"}],"predecessor-version":[{"id":10601,"href":"https:\/\/baraka.cc\/index.php?rest_route=\/wp\/v2\/posts\/10596\/revisions\/10601"}],"wp:featuredmedia":[{"embeddable":true,"href":"https:\/\/baraka.cc\/index.php?rest_route=\/wp\/v2\/media\/10600"}],"wp:attachment":[{"href":"https:\/\/baraka.cc\/index.php?rest_route=%2Fwp%2Fv2%2Fmedia&parent=10596"}],"wp:term":[{"taxonomy":"category","embeddable":true,"href":"https:\/\/baraka.cc\/index.php?rest_route=%2Fwp%2Fv2%2Fcategories&post=10596"},{"taxonomy":"post_tag","embeddable":true,"href":"https:\/\/baraka.cc\/index.php?rest_route=%2Fwp%2Fv2%2Ftags&post=10596"}],"curies":[{"name":"wp","href":"https:\/\/api.w.org\/{rel}","templated":true}]}}