{"id":1060,"date":"2013-05-05T09:57:45","date_gmt":"2013-05-05T07:57:45","guid":{"rendered":"https:\/\/baraka.cc\/?p=1060"},"modified":"2014-01-07T22:03:50","modified_gmt":"2014-01-07T20:03:50","slug":"asimilasyon-uclemesi-turkiyede-ilgiyle-izlendi","status":"publish","type":"post","link":"https:\/\/baraka.cc\/?p=1060","title":{"rendered":"\u201cAS\u0130M\u0130LASYON \u00dc\u00c7LEMES\u0130\u201d T\u00dcRK\u0130YE\u2019DE \u0130LG\u0130YLE \u0130ZLEND\u0130"},"content":{"rendered":"<p>&nbsp;<\/p>\n<p class=\"MsoNoSpacing\" style=\"text-align: justify; line-height: 200%;\"><a href=\"https:\/\/www.baraka.cc\/images\/stories\/2013iff.JPG\" target=\"_blank\"><img decoding=\"async\" loading=\"lazy\" alt=\" \" src=\"https:\/\/www.baraka.cc\/images\/stories\/2013iff.JPG\" width=\"200\" height=\"267\" align=\"left\" border=\"2\" \/><\/a><\/p>\n<p class=\"MsoNormal\" style=\"margin-bottom: 0.0001pt; text-align: justify; line-height: 200%;\"><span style=\"font-size: 10pt; line-height: 200%; font-family: 'Verdana','sans-serif';\">Baraka Film At\u00f6lyesi\u2019nin \u201cAsimilasyon \u00dc\u00e7lemesi\u201d, T\u00fcrkiye Uluslararas\u0131 \u0130\u015f\u00e7i Filmleri Festivali kapsam\u0131nda Ankara ve \u0130stanbul\u2019da g\u00f6sterildi. Ankara\u2019da yap\u0131lan g\u00f6sterimin ard\u0131ndan Baraka aktivisti \u015eifa Al\u00e7\u0131c\u0131o\u011flu ve film yap\u0131m ekibinden Besim Baysal\u2019\u0131n kat\u0131l\u0131m\u0131yla k\u0131sa bir s\u00f6yle\u015fi ger\u00e7ekle\u015ftirildi. Bu y\u0131l T\u00fcrkiye\u2019de sekizincisi ger\u00e7ekle\u015fen Uluslararas\u0131 \u0130\u015f\u00e7i Filmleri Festivali\u2019ne, d\u00fcnyan\u0131n \u00e7e\u015fitli \u00fclkelerinden kat\u0131lan filmlerin ve sinema aktivistlerinin yan\u0131 s\u0131ra K\u0131br\u0131s\u2019tan da Baraka K\u00fclt\u00fcr Merkezi \u201cAsimilasyon \u00dc\u00e7lemesi\u201d filmiyle davet edildi. \u0130stanbul ve Ankara\u2019da g\u00f6sterilen \u201cAsimilasyon \u00dc\u00e7lemesi\u201d, 45 dakikal\u0131k \u00fc\u00e7 k\u0131sa filmden olu\u015fmakta ve co\u011frafyam\u0131zdaki en b\u00fcy\u00fck y\u0131k\u0131mlardan biri olan asimilasyonu, \u00e7e\u015fitli boyutlar\u0131yla kadraj\u0131na almakta. &#8220;Asimilasyon \u00dc\u00e7lemesi&#8221;nin \u0130stanbul g\u00f6sterimlerinin ilki 4 May\u0131s tarihinde \u0130stiklal Caddesi&#8217;ndeki Frans\u0131z K\u00fclt\u00fcr Merkezi&#8217;nde ger\u00e7ekle\u015fti. Baraka aktivistleri 5 May\u0131s Pazar Ankara&#8217;ya ge\u00e7erek festival organizasyonu kapsam\u0131nda T\u00fcrkiye&#8217;nin \u00e7e\u015fitli b\u00f6lgelerinden gelen y\u00f6netmenlerle ak\u015fam yeme\u011finde bulu\u015ftular.\u00a06 May\u0131s Pazartesi ise Ankara&#8217;daki Kar\u015f\u0131yaka Mezarl\u0131\u011f\u0131&#8217;nda sabah saatlerinde organize edilen Deniz Gezmi\u015f anmas\u0131nda Halkevleri ve \u00d6\u011frenci Kollektifleri ile birlikteydiler. Ak\u015fam \u00fczeri B\u00fcy\u00fcl\u00fc Fener Sinemas\u0131&#8217;nda ger\u00e7ekle\u015fen \u201cAsimilasyon \u00dc\u00e7lemesi\u201d g\u00f6sterimine kat\u0131lan Baraka aktivistleri b\u00fcy\u00fck ilgi g\u00f6rd\u00fcler. G\u00f6sterimin ard\u0131ndan yap\u0131lan s\u00f6yle\u015fide TC ve i\u015fbirlik\u00e7ileri eliyle K\u0131br\u0131sl\u0131 T\u00fcrk halk\u0131n\u0131n k\u00fclt\u00fcr\u00fcne yap\u0131lan m\u00fcdahalelere ve &#8220;Asimilasyon \u00dc\u00e7lemesi&#8221;nin nas\u0131l ortaya \u00e7\u0131kt\u0131\u011f\u0131na de\u011finen Barakac\u0131lara bir\u00e7ok soru y\u00f6neltildi. T\u00fcrkiye\u2019ye ziyaretleri kapsam\u0131nda, D\u0130SK&#8217;e ba\u011fl\u0131 Sine-Sen Ba\u015fkan\u0131 Zafer Ayden ile de g\u00f6r\u00fc\u015fen aktivistler, sinema sekt\u00f6r\u00fcnde ya\u015fanan zorluklar\u0131, setlerdeki g\u00fcvencesiz \u00e7al\u0131\u015fma ko\u015fullar\u0131n\u0131 ilk a\u011f\u0131zdan \u00f6\u011frendiler.<\/span><\/p>\n<p>&nbsp;<\/p>\n","protected":false},"excerpt":{"rendered":"<p>&nbsp; Baraka Film At\u00f6lyesi\u2019nin \u201cAsimilasyon \u00dc\u00e7lemesi\u201d, T\u00fcrkiye Uluslararas\u0131 \u0130\u015f\u00e7i Filmleri Festivali kapsam\u0131nda Ankara ve \u0130stanbul\u2019da g\u00f6sterildi. Ankara\u2019da yap\u0131lan g\u00f6sterimin ard\u0131ndan Baraka aktivisti \u015eifa Al\u00e7\u0131c\u0131o\u011flu ve<\/p>\n","protected":false},"author":1,"featured_media":1718,"comment_status":"open","ping_status":"open","sticky":false,"template":"","format":"standard","meta":{"jetpack_post_was_ever_published":false,"_jetpack_newsletter_access":"","_jetpack_newsletter_tier_id":0,"jetpack_publicize_message":"","jetpack_is_tweetstorm":false,"jetpack_publicize_feature_enabled":true,"jetpack_social_post_already_shared":false,"jetpack_social_options":{"image_generator_settings":{"template":"highway","enabled":false}}},"categories":[26],"tags":[],"jetpack_publicize_connections":[],"jetpack_featured_media_url":"https:\/\/baraka.cc\/wp-content\/uploads\/2013\/05\/2013iff.jpg","jetpack_shortlink":"https:\/\/wp.me\/p4eHWX-h6","jetpack_sharing_enabled":true,"_links":{"self":[{"href":"https:\/\/baraka.cc\/index.php?rest_route=\/wp\/v2\/posts\/1060"}],"collection":[{"href":"https:\/\/baraka.cc\/index.php?rest_route=\/wp\/v2\/posts"}],"about":[{"href":"https:\/\/baraka.cc\/index.php?rest_route=\/wp\/v2\/types\/post"}],"author":[{"embeddable":true,"href":"https:\/\/baraka.cc\/index.php?rest_route=\/wp\/v2\/users\/1"}],"replies":[{"embeddable":true,"href":"https:\/\/baraka.cc\/index.php?rest_route=%2Fwp%2Fv2%2Fcomments&post=1060"}],"version-history":[{"count":3,"href":"https:\/\/baraka.cc\/index.php?rest_route=\/wp\/v2\/posts\/1060\/revisions"}],"predecessor-version":[{"id":1715,"href":"https:\/\/baraka.cc\/index.php?rest_route=\/wp\/v2\/posts\/1060\/revisions\/1715"}],"wp:featuredmedia":[{"embeddable":true,"href":"https:\/\/baraka.cc\/index.php?rest_route=\/wp\/v2\/media\/1718"}],"wp:attachment":[{"href":"https:\/\/baraka.cc\/index.php?rest_route=%2Fwp%2Fv2%2Fmedia&parent=1060"}],"wp:term":[{"taxonomy":"category","embeddable":true,"href":"https:\/\/baraka.cc\/index.php?rest_route=%2Fwp%2Fv2%2Fcategories&post=1060"},{"taxonomy":"post_tag","embeddable":true,"href":"https:\/\/baraka.cc\/index.php?rest_route=%2Fwp%2Fv2%2Ftags&post=1060"}],"curies":[{"name":"wp","href":"https:\/\/api.w.org\/{rel}","templated":true}]}}