{"id":10661,"date":"2024-09-25T11:54:04","date_gmt":"2024-09-25T09:54:04","guid":{"rendered":"https:\/\/baraka.cc\/?p=10661"},"modified":"2024-09-25T12:07:56","modified_gmt":"2024-09-25T10:07:56","slug":"ap-secimlerinde-yanan-kim","status":"publish","type":"post","link":"https:\/\/baraka.cc\/?p=10661","title":{"rendered":"AP Se\u00e7imlerinde Yanan Kim? &#8211; Celal \u00d6zk\u0131zan"},"content":{"rendered":"\n<p><\/p>\n\n\n\n<figure class=\"wp-block-image size-full\"><a href=\"https:\/\/baraka.cc\/wp-content\/uploads\/2024\/09\/WhatsApp-Image-2024-09-25-at-12.45.31.jpeg\"><img decoding=\"async\" loading=\"lazy\" width=\"555\" height=\"400\" src=\"https:\/\/baraka.cc\/wp-content\/uploads\/2024\/09\/WhatsApp-Image-2024-09-25-at-12.45.31.jpeg\" alt=\"\" class=\"wp-image-10660\" srcset=\"https:\/\/baraka.cc\/wp-content\/uploads\/2024\/09\/WhatsApp-Image-2024-09-25-at-12.45.31.jpeg 555w, https:\/\/baraka.cc\/wp-content\/uploads\/2024\/09\/WhatsApp-Image-2024-09-25-at-12.45.31-300x216.jpeg 300w\" sizes=\"(max-width: 555px) 100vw, 555px\" \/><\/a><\/figure>\n\n\n\n<p><\/p>\n\n\n\n<p>Bu derginin dosya konusu \u2018Memleket Yang\u0131n Yeri\u2019. Yang\u0131n, hem bu dergi say\u0131s\u0131nda hem de g\u00fcndelik ya\u015fant\u0131m\u0131zda bir olumsuzlu\u011fa, bir soruna, bir s\u0131k\u0131nt\u0131ya ve hatta bir felakete i\u015faret eder. Yanmak, yok olmakla e\u015fde\u011ferdir; \u2018yand\u0131 k\u00fcl oldu\u2019 deriz mesela\u2026 Can\u0131 yanar insan\u0131n, i\u00e7i yanar, ci\u011feri yanar, kom\u015fusuna dert yanar insan, y\u00fcre\u011fine ate\u015f d\u00fc\u015fer. Yang\u0131n sava\u015ft\u0131r.<\/p>\n\n\n\n<p>Tarihin bir ironisi olsa gerek, K\u0131br\u0131s\u2019ta sava\u015f\u0131n de\u011fil bar\u0131\u015f\u0131n habercisi olmu\u015ftur ate\u015f. Ger\u00e7ekten de 20 y\u0131l kadar \u00f6nce, \u201cbar\u0131\u015f ate\u015fi\u201d yanm\u0131\u015ft\u0131 Elye\u2019de; K\u0131br\u0131sl\u0131 T\u00fcrklerin hem birle\u015fik bir K\u0131br\u0131s\u2019a olan \u00f6zlemini hem de bu do\u011frultudaki bir \u00e7\u00f6z\u00fcme y\u00f6nelik kararl\u0131l\u0131\u011f\u0131n\u0131 ortaya koymak i\u00e7in.<\/p>\n\n\n\n<p>Bu derginin haz\u0131rlan\u0131\u015f\u0131 esnas\u0131nda Avrupa Parlamentosu (AP) se\u00e7imleri s\u00fcrecinden ge\u00e7tik. Avrupa Birli\u011fi (AB) \u00fcyesi 27 \u00fclkenin tamam\u0131nda oldu\u011fu gibi g\u00fcneyimizdeki K\u0131br\u0131s Cumhuriyeti\u2019nde (KC) de bu se\u00e7imler ger\u00e7ekle\u015fti. Ancak, di\u011fer AB \u00fclkelerinden farkl\u0131 olarak, K\u0131br\u0131s\u2019\u0131n kendine \u00f6zg\u00fc siyasi ko\u015fullar\u0131ndan \u00f6t\u00fcr\u00fc, KC \u00e7at\u0131s\u0131 alt\u0131nda ger\u00e7ekle\u015fen AP se\u00e7imlerine KC vatanda\u015f\u0131 olan K\u0131br\u0131sl\u0131 T\u00fcrkler de hem aday hem de se\u00e7men olarak kat\u0131l\u0131m g\u00f6sterebildi.<\/p>\n\n\n\n<p><strong>Kampanya S\u00fcreci<\/strong><\/p>\n\n\n\n<p>G\u00f6sterdi g\u00f6stermesine, ancak kuzeyden ger\u00e7ekle\u015fen kat\u0131l\u0131m oran\u0131 tam bir hayal k\u0131r\u0131kl\u0131\u011f\u0131yd\u0131. %5.5\u2019lik kat\u0131l\u0131m oran\u0131 bir \u00f6nceki AP se\u00e7imlerindeki oran\u0131n bile alt\u0131nda kalm\u0131\u015ft\u0131. Kampanya s\u00fcreci boyunca \u00e7\u0131kar\u0131lan onca g\u00fcr\u00fclt\u00fc, sadece 5,676 ki\u015finin kulaklar\u0131na eri\u015febilmi\u015fti. Ger\u00e7ekten de, g\u00f6r\u00fcn\u00fcrde \u00e7ok canl\u0131 bir kampanya s\u00fcreci ya\u015fand\u0131 kuzeyde. Se\u00e7ime kat\u0131lan birbirinden farkl\u0131 \u00fc\u00e7 parti (AKEL, Volt ve Ye\u015filler) K\u0131br\u0131sl\u0131 T\u00fcrk adaylar\u0131yla birlikte kuzeyde bir kampanya y\u00fcr\u00fctt\u00fcler. CTP ve TDP her zamanki suya sabuna dokunmama tav\u0131rlar\u0131yla kurumsal olarak s\u00fcrece do\u011frudan dahil olmasalar da, parti yetkilileri ve etkilileri arac\u0131l\u0131\u011f\u0131yla halk\u0131 oy vermeye \u00e7a\u011f\u0131rd\u0131lar. K\u0131br\u0131sl\u0131 T\u00fcrkler her AP se\u00e7iminde oldu\u011fu gibi oy verebilmek i\u00e7in 40 derece s\u0131cakta g\u00fcneye y\u00fcr\u00fcyerek ge\u00e7mek ya da barikatta uzun ara\u00e7 kuyruklar\u0131nda beklemek zorunda kalsa da KC yetkilileri bir \u00f6nceki se\u00e7ime k\u0131yasla oy vermeyi kolayla\u015ft\u0131r\u0131c\u0131 \u00e7e\u015fitli \u00f6nlemler de ald\u0131.<\/p>\n\n\n\n<p>B\u00fct\u00fcn \u00e7abalara ra\u011fmen ortaya \u00e7\u0131kan \u00e7ok d\u00fc\u015f\u00fck kat\u0131l\u0131m oran\u0131, \u2018K\u0131br\u0131s sorunu odakl\u0131 siyaset\u2019in \u00e7\u00f6k\u00fc\u015f\u00fcn\u00fc tam anlam\u0131yla tescil etmi\u015ftir. Nitekim, se\u00e7im kampanyalar\u0131n\u0131 \u2018Avrupal\u0131l\u0131k\u2019, \u2018i\u015fgal sorunu\u2019 ya da AP i\u00e7indeki y\u00fcksek siyasete ili\u015fkin konular etraf\u0131nda kuran t\u00fcm adaylar, halktan b\u0131rak\u0131n destek g\u00f6rmeyi, halk\u0131n se\u00e7imlere ilgi duymas\u0131n\u0131 dahi sa\u011flayamam\u0131\u015ft\u0131r.<\/p>\n\n\n\n<p>K\u0131br\u0131sl\u0131 T\u00fcrk halk\u0131 i\u00e7inde g\u00fc\u00e7l\u00fc bir toplumsal muhalefet, ancak halk\u0131n g\u00fcndelik sorunlar\u0131n\u0131 merkeze alan emek temelli bir siyaset ile m\u00fcmk\u00fcnd\u00fcr. Halk\u0131n derdi ge\u00e7im s\u0131k\u0131nt\u0131s\u0131d\u0131r, asgari \u00fccrettir, \u00f6zel sekt\u00f6rde g\u00fcvencesizliktir, kamusal sa\u011fl\u0131k ve e\u011fitim ihtiyac\u0131d\u0131r, sosyal konut ihtiyac\u0131d\u0131r, enerji (elektrik dahil) meselesidir, ula\u015f\u0131m sorunu ve toplu ta\u015f\u0131ma ihtiyac\u0131d\u0131r, sudur, sosyal hizmetlerdir&#8230; Bu t\u00fcr g\u00fcndelik sorunlar\u0131 emek temelli bir \u015fekilde merkezine almayan, bu g\u00fcndelik sorunlara dair anlaml\u0131 \u00e7\u00f6z\u00fcm \u00f6nerileri \u00fcretmeyen, bu g\u00fcndelik sorunlara ili\u015fkin m\u00fccadele etmeye dair heyecan duymayan bir yakla\u015f\u0131m, ba\u015far\u0131s\u0131z olmaya mahkumdur.<\/p>\n\n\n\n<p>Devam etmeden kat\u0131l\u0131m oran\u0131 konusu ile ilgili ironiyi de dile getirmekte yarar var: AP se\u00e7imlerine kat\u0131l\u0131m \u00e7a\u011fr\u0131s\u0131 yapan kesimlerin ciddi bir k\u0131sm\u0131, kuzeydeki se\u00e7imleri boykot edip kat\u0131l\u0131m\u0131 d\u00fc\u015f\u00fck tutarak i\u015fgal d\u00fczenini if\u015fa etmeyi d\u00fc\u015f\u00fcnen kesimlerdi. Bakal\u0131m \u201cif\u015fa olan\u201d AB d\u00fczeni hakk\u0131nda ne t\u00fcr bir tutarl\u0131 yakla\u015f\u0131m sergileyecekler\u2026<\/p>\n\n\n\n<p><strong>Sonu\u00e7lar<\/strong><\/p>\n\n\n\n<p>K\u0131br\u0131s\u2019taki AP se\u00e7imleri, K\u0131br\u0131sl\u0131 Elenler aras\u0131nda federasyon fikrinin ciddi anlamda a\u015f\u0131nd\u0131\u011f\u0131n\u0131 g\u00f6steriyor ne yaz\u0131k ki. Federasyon konusunda en net olan AKEL ciddi bir oy kayb\u0131 ya\u015fad\u0131, hem de 10 y\u0131ldan fazlad\u0131r s\u00fcren halk kar\u015f\u0131t\u0131 D\u0130S\u0130 y\u00f6netimine ra\u011fmen. Fa\u015fist ve K\u0131br\u0131sl\u0131 T\u00fcrk d\u00fc\u015fman\u0131 ELAM, ilk kez AP\u2019ye bir vekil g\u00f6nderdi. Federasyon siyasetinden gittik\u00e7e uzakla\u015fan D\u0130S\u0130 se\u00e7imi birinci bitirirken, K\u0131br\u0131sl\u0131 Elen milliyet\u00e7isi D\u0130KO da AP\u2019ye bir vekil g\u00f6nderdi. Di\u011fer kazanan Youtuber Fidias\u2019\u0131n K\u0131br\u0131s sorunu hakk\u0131nda net bir tavr\u0131 olmasa da sa\u011f siyasi \u00e7evrelerle olan ili\u015fkisi bilinmekte.<\/p>\n\n\n\n<p>K\u0131br\u0131sl\u0131 T\u00fcrk oylar\u0131 bak\u0131m\u0131ndan AP se\u00e7imleri ise federasyon fikrinin zaferiyle sonu\u00e7land\u0131. 5,131 K\u0131br\u0131sl\u0131 T\u00fcrk, AKEL ve Volt gibi federasyon yanl\u0131s\u0131 siyasi partilere oy verirken K\u0131br\u0131sl\u0131 T\u00fcrkleri KC alt\u0131nda kimliksiz bir az\u0131nl\u0131\u011fa d\u00f6n\u00fc\u015ft\u00fcrmek isteyen ve bu se\u00e7ime Ye\u015filler Partisi alt\u0131nda giren K\u0131br\u0131s milliyet\u00e7ileri ve K\u0131br\u0131s Cumhuriyet\u00e7ileri sadece 342 ki\u015fiden oy alabildiler. Dahas\u0131, a\u015f\u0131r\u0131 sa\u011f Oz Karahan\u2019\u0131n aday\u0131 oldu\u011fu Ye\u015filler Partisi, K\u0131br\u0131sl\u0131 Elenlerden de bir \u00f6nceki se\u00e7imlere oranla \u00e7ok daha d\u00fc\u015f\u00fck bir destek g\u00f6rd\u00fc. Yine de Oz Karahan\u2019a oy veren K\u0131br\u0131s milliyet\u00e7ileri bu durumu bir yenilgi olarak g\u00f6rmemelidir. Ne de olsa ama\u00e7lar\u0131, Avrupa Parlamentosu\u2019nda \u201ci\u015fgali dillendirmekti\u201d. ELAM, bunu kendilerinin yerine bol bol yapacakt\u0131r.<\/p>\n\n\n\n<p>Se\u00e7imi kaybedenlerden AKEL aday\u0131 Niyazi K\u0131z\u0131ly\u00fcrek, AKEL y\u00f6netimi taraf\u0131ndan yeterli deste\u011fi g\u00f6rmedi, hatta vekillik d\u00f6neminde partiyle ya\u015fad\u0131\u011f\u0131 \u00e7e\u015fitli uyu\u015fmazl\u0131klardan \u00f6t\u00fcr\u00fc k\u0131smi olarak \u00f6n\u00fc de kesildi. Dahas\u0131, se\u00e7im kampanyas\u0131 d\u00f6nemindeki tepeden bakan tavr\u0131 nedeniyle kendi kuyusunu da kazm\u0131\u015f oldu. Di\u011fer yandan ise karma evlilik \u00e7ocuklar\u0131n\u0131n vatanda\u015fl\u0131k hakk\u0131 ile ilgili s\u00f6z\u00fcm\u00fcz\u00fc ve m\u00fccadelemizi vekilli\u011fi d\u00f6neminde AP\u2019ye ta\u015f\u0131d\u0131\u011f\u0131ndan \u00f6t\u00fcr\u00fc, K\u0131z\u0131ly\u00fcrek\u2019in eksikli\u011finin hissedilece\u011fi de a\u015fikar. Yine de K\u0131br\u0131sl\u0131 T\u00fcrk halk\u0131n\u0131n sorunu temsiliyet eksikli\u011finden \u00e7ok m\u00fccadele eksikli\u011fi\u2026 M\u00fccadelemiz b\u00fcy\u00fcd\u00fck\u00e7e, AB\u2019nin kap\u0131lar\u0131n\u0131 da a\u015f\u0131nd\u0131rmaya devam edece\u011fiz, kap\u0131n\u0131n ard\u0131nda m\u00fccadelemizi temsil eden biri olsun ya da olmas\u0131n.<\/p>\n\n\n\n<p><strong>Son S\u00f6z<\/strong><\/p>\n\n\n\n<p>Ba\u015fta s\u00f6yledi\u011fimizi sonda da s\u00f6yleyelim. K\u0131br\u0131sl\u0131 T\u00fcrk toplumsal muhalefeti, gerek K\u0131br\u0131s sorunu gerek i\u00e7 meseleler bak\u0131m\u0131ndan tarihi bir t\u0131kan\u0131kl\u0131k ve hareketsizlik d\u00f6neminden ge\u00e7mektedir. Yetmiyormu\u015f gibi korkun\u00e7 bir siyasi, ekonomik ve k\u00fclt\u00fcrel abluka da bu s\u00fcrece e\u015flik etmektedir. Ablukay\u0131 da\u011f\u0131tmak, emek temelli bir m\u00fccadele ile m\u00fcmk\u00fcnd\u00fcr.<\/p>\n","protected":false},"excerpt":{"rendered":"<p>Bu derginin dosya konusu \u2018Memleket Yang\u0131n Yeri\u2019. Yang\u0131n, hem bu dergi say\u0131s\u0131nda hem de g\u00fcndelik ya\u015fant\u0131m\u0131zda bir olumsuzlu\u011fa, bir soruna, bir s\u0131k\u0131nt\u0131ya ve hatta bir<\/p>\n","protected":false},"author":1,"featured_media":10660,"comment_status":"open","ping_status":"open","sticky":false,"template":"","format":"standard","meta":{"jetpack_post_was_ever_published":false,"_jetpack_newsletter_access":"","_jetpack_newsletter_tier_id":0,"jetpack_publicize_message":"","jetpack_is_tweetstorm":false,"jetpack_publicize_feature_enabled":true,"jetpack_social_post_already_shared":true,"jetpack_social_options":{"image_generator_settings":{"template":"highway","enabled":false}}},"categories":[40,67,38,42,1,39],"tags":[],"jetpack_publicize_connections":[],"jetpack_featured_media_url":"https:\/\/baraka.cc\/wp-content\/uploads\/2024\/09\/WhatsApp-Image-2024-09-25-at-12.45.31.jpeg","jetpack_shortlink":"https:\/\/wp.me\/p4eHWX-2LX","jetpack_sharing_enabled":true,"_links":{"self":[{"href":"https:\/\/baraka.cc\/index.php?rest_route=\/wp\/v2\/posts\/10661"}],"collection":[{"href":"https:\/\/baraka.cc\/index.php?rest_route=\/wp\/v2\/posts"}],"about":[{"href":"https:\/\/baraka.cc\/index.php?rest_route=\/wp\/v2\/types\/post"}],"author":[{"embeddable":true,"href":"https:\/\/baraka.cc\/index.php?rest_route=\/wp\/v2\/users\/1"}],"replies":[{"embeddable":true,"href":"https:\/\/baraka.cc\/index.php?rest_route=%2Fwp%2Fv2%2Fcomments&post=10661"}],"version-history":[{"count":3,"href":"https:\/\/baraka.cc\/index.php?rest_route=\/wp\/v2\/posts\/10661\/revisions"}],"predecessor-version":[{"id":10665,"href":"https:\/\/baraka.cc\/index.php?rest_route=\/wp\/v2\/posts\/10661\/revisions\/10665"}],"wp:featuredmedia":[{"embeddable":true,"href":"https:\/\/baraka.cc\/index.php?rest_route=\/wp\/v2\/media\/10660"}],"wp:attachment":[{"href":"https:\/\/baraka.cc\/index.php?rest_route=%2Fwp%2Fv2%2Fmedia&parent=10661"}],"wp:term":[{"taxonomy":"category","embeddable":true,"href":"https:\/\/baraka.cc\/index.php?rest_route=%2Fwp%2Fv2%2Fcategories&post=10661"},{"taxonomy":"post_tag","embeddable":true,"href":"https:\/\/baraka.cc\/index.php?rest_route=%2Fwp%2Fv2%2Ftags&post=10661"}],"curies":[{"name":"wp","href":"https:\/\/api.w.org\/{rel}","templated":true}]}}