{"id":10667,"date":"2024-10-03T08:30:00","date_gmt":"2024-10-03T06:30:00","guid":{"rendered":"https:\/\/baraka.cc\/?p=10667"},"modified":"2024-10-02T19:56:42","modified_gmt":"2024-10-02T17:56:42","slug":"refah-ve-zenginligin-diyari-ortadogu-mustafa-keleszade","status":"publish","type":"post","link":"https:\/\/baraka.cc\/?p=10667","title":{"rendered":"Refah ve Zenginli\u011fin Diyar\u0131 Ortado\u011fu &#8211; Mustafa Kele\u015fzade"},"content":{"rendered":"\n<figure class=\"wp-block-image size-full\"><a href=\"https:\/\/baraka.cc\/wp-content\/uploads\/2024\/10\/WhatsApp-Gorsel-2024-09-30-saat-16.16.45_a4464510-1.jpg\"><img decoding=\"async\" loading=\"lazy\" width=\"720\" height=\"405\" src=\"https:\/\/baraka.cc\/wp-content\/uploads\/2024\/10\/WhatsApp-Gorsel-2024-09-30-saat-16.16.45_a4464510-1.jpg\" alt=\"\" class=\"wp-image-10687\" srcset=\"https:\/\/baraka.cc\/wp-content\/uploads\/2024\/10\/WhatsApp-Gorsel-2024-09-30-saat-16.16.45_a4464510-1.jpg 720w, https:\/\/baraka.cc\/wp-content\/uploads\/2024\/10\/WhatsApp-Gorsel-2024-09-30-saat-16.16.45_a4464510-1-300x170.jpg 300w, https:\/\/baraka.cc\/wp-content\/uploads\/2024\/10\/WhatsApp-Gorsel-2024-09-30-saat-16.16.45_a4464510-1-70x40.jpg 70w\" sizes=\"(max-width: 720px) 100vw, 720px\" \/><\/a><\/figure>\n\n\n\n<p>Bir uzayl\u0131n\u0131n eline d\u00fcnyan\u0131n do\u011fal kaynaklar\u0131 ve k\u00fclt\u00fcrel zenginlikleri ile ilgili bir kitap versek, okutsak ard\u0131ndan \u201csence en geli\u015fmi\u015f, huzurlu ve kalk\u0131nm\u0131\u015f b\u00f6lge neresidir?\u201d diye sorsak verece\u011fi cevap muhtemeldir ki Ortado\u011fu olur&#8230;\u00a0 Maalesef bug\u00fcn adam\u0131z\u0131n da bir uzant\u0131s\u0131 oldu\u011fu bu kadim topraklar, yoksulluk, i\u015fgaller, i\u00e7 kar\u0131\u015f\u0131kl\u0131klar ve insanl\u0131\u011f\u0131n en a\u011f\u0131r trajedileri ile an\u0131l\u0131yor.<\/p>\n\n\n\n<p>Ad\u0131n\u0131 duydu\u011fumuzda Palmira Antik Kenti, b\u00f6lgelere isim vermi\u015f nehirleri, yemek k\u00fclt\u00fcr\u00fc ve do\u011fal kaynak zenginlikleri ile akl\u0131m\u0131za gelmesi gereken Suriye,&nbsp; ABD m\u00fcdahalecili\u011finin yirmi birinci y\u00fczy\u0131l formu olan \u201cArap Bahar\u0131\u201d sonucunda bug\u00fcn kanl\u0131 i\u00e7 sava\u015f\u0131 ve o kandan do\u011fan I\u015e\u0130D\u2019in karanl\u0131\u011f\u0131 ile an\u0131l\u0131yor. Y\u00fcz binlercesi \u00e7at\u0131\u015fmalar sonucu ya\u015fam\u0131n\u0131 yitiren Suriye insan\u0131n\u0131n bug\u00fcn yar\u0131s\u0131 o bereketli topraklardan farkl\u0131 \u00fclkelere s\u0131\u011f\u0131nmac\u0131 olarak ka\u00e7mak zorunda b\u0131rak\u0131lm\u0131\u015f durumda.&nbsp; Suriye\u2019den geriye bug\u00fcn y\u00f6netimsel olarak d\u00f6rde b\u00f6l\u00fcnm\u00fc\u015f bir enkaz ve bu enkaz i\u00e7inde nefes almaya devam etmeye \u00e7al\u0131\u015fan insanlar kalm\u0131\u015f durumda.<\/p>\n\n\n\n<p>Farkl\u0131 dinsel gruplar\u0131n harmonisi, birlikte ya\u015fam\u0131n sembol\u00fc, b\u00f6lgede ve hatta d\u00fcnyada ziyaret edilecek yerlerin ba\u015f\u0131nda gelen, hatta bir d\u00f6nem \u201cOrtado\u011fu\u2019nun Paris\u2019i\u201d diye tabir edilen ba\u015fkent Beyrut\u2019u ile an\u0131lmas\u0131 gereken L\u00fcbnan ise y\u0131llar s\u00fcren i\u00e7 sava\u015f\u0131n ard\u0131ndan kendini tam toparlarken g\u00fcr\u00fclt\u00fcs\u00fc K\u0131br\u0131s\u2019ta evlerimizden duyulan patlamas\u0131 ile ak\u0131llar\u0131m\u0131za kaz\u0131nm\u0131\u015f durumda. Y\u00f6netimdeki yolsuzlu\u011fun, Hristiyan n\u00fcfusa Hizbullah\u2019\u0131 tercih eder hale getirdi\u011fi \u00fclke bug\u00fcn yoksullu\u011fun pen\u00e7esinde.<\/p>\n\n\n\n<p>Molehiya K\u0131br\u0131sl\u0131 T\u00fcrkler aras\u0131nda en sevilen yemeklerdendir. Hatta K\u0131br\u0131sl\u0131 T\u00fcrk k\u00fclt\u00fcrel kimli\u011finin mihenk ta\u015flar\u0131ndand\u0131r desek abartm\u0131\u015f olmay\u0131z. Molehiyan\u0131n k\u00f6keni antik M\u0131s\u0131r\u2019a kadar gitse de bizim k\u00fclt\u00fcr\u00fcm\u00fcze dahili Filistin topraklar\u0131 \u00fczerinden olmu\u015ftur. Filistin halk\u0131n\u0131n tarihsel s\u00fcre\u00e7te K\u0131brsl\u0131 T\u00fcrkler ile ac\u0131 ve tatl\u0131 pek \u00e7ok etkile\u015fimi olmu\u015f ve halklar\u0131m\u0131z birbirlerinin \u015fekillenmesine katk\u0131da bulunmu\u015ftur. Bug\u00fcn ise Filistin halk\u0131 yar\u0131m asr\u0131 a\u015fm\u0131\u015f olan siyonist \u0130srail i\u015fgali alt\u0131nda ezilmektedir. Soyk\u0131r\u0131m tan\u0131m\u0131, 2. D\u00fcnya Sava\u015f\u0131\u2019ndan sonra Nazi\u2019leri yarg\u0131lamak i\u00e7in kurulan mahkemelerce Yahudileri yok etmeye d\u00f6n\u00fck sistematik sald\u0131rganl\u0131\u011f\u0131 tan\u0131mlamak i\u00e7in geli\u015ftirilmi\u015f ve uluslararas\u0131 hukuk literat\u00fcr\u00fcne girmi\u015ftir. Bug\u00fcn ise soyk\u0131r\u0131m tan\u0131m\u0131, o mazlum grup Yahudileri temsil iddias\u0131 ile kurulan \u0130srail\u2019in siyonist y\u00f6netimi taraf\u0131ndan Filistin halk\u0131na y\u00f6nelik kullan\u0131lmaktad\u0131r.<\/p>\n\n\n\n<p>Ortado\u011fu denince akla gelen di\u011fer iki \u00fclke Suudi Arabistan ve \u0130ran halklar\u0131 ise biri \u015eii di\u011feri Sunni ama e\u015fit derecede gerici iki rejimin alt\u0131nda ezilmektedir.<\/p>\n\n\n\n<p><strong>Hat\u0131rlamal\u0131, Birle\u015fmeli ve Dayan\u0131\u015fmal\u0131y\u0131z!<\/strong><\/p>\n\n\n\n<p>Bug\u00fcn Ortado\u011fu b\u00f6lgeyi a\u015f\u0131p Avrupa\u2019y\u0131 dahi i\u00e7ine alan bir karanl\u0131\u011f\u0131n kayna\u011f\u0131 haline getirilmi\u015ftir. Bu i\u015ften de yine bu kar\u0131\u015f\u0131kl\u0131\u011f\u0131 yaratanlar karl\u0131 \u00e7\u0131kmaktad\u0131r; ABD\u2019nin do\u011fal kaynaklar\u0131 denetimi alt\u0131na almak ve Rusya\u2019y\u0131 yal\u0131tmak \u00fczerine kurulu b\u00f6lgesel politikalar\u0131n\u0131 desteklemekte yar\u0131\u015fan sa\u011fc\u0131 AB h\u00fck\u00fcmetleri Ortado\u011fu\u2019yu kan g\u00f6l\u00fcne \u00e7evirmi\u015ftir. Bu kan g\u00f6l\u00fcnden ka\u00e7an insanlar botlarla, y\u00fczerek \u00f6le \u00f6le Avrupa \u00fclkelerine s\u0131\u011f\u0131nm\u0131\u015flard\u0131r. Avrupa\u2019daki sa\u011f siyasetler ise kendi uygulad\u0131klar\u0131 neoliberal ekonomi politikalar\u0131 do\u011frultusunda Avrupa halklar\u0131n\u0131n ya\u015fad\u0131\u011f\u0131 ekonomik sorunlara kar\u015f\u0131, kendi politikalar\u0131n\u0131n sonucu Avrupa\u2019ya s\u0131\u011f\u0131nan s\u0131\u011f\u0131nmac\u0131lar\u0131 hedef g\u00f6stererek oylar\u0131n\u0131 artt\u0131rm\u0131\u015f, daha da g\u00fc\u00e7l\u00fc bir hale gelmi\u015ftir. Ortado\u011fu halklar\u0131 ise kimliksel olarak b\u00f6l\u00fcnm\u00fc\u015f, birbirlerine d\u00fc\u015f\u00fcr\u00fclm\u00fc\u015f kendi do\u011fal kaynaklar\u0131, zenginlikleri \u00fczerinin talan\u0131n\u0131 g\u00f6remez hale getirilmi\u015ftir. Adam\u0131z da bunun \u00f6rne\u011fidir. Bug\u00fcn biri \u00e7\u0131k\u0131p K\u0131br\u0131s\u2019ta i\u015fgal dedi\u011finde akl\u0131m\u0131za belki de en son gelen \u015fey, adam\u0131z \u00fczerinde iki egemen \u00fcs tutan ve o \u00fcsler \u00fczerinden t\u00fcm Ortado\u011fu\u2019yu bombalayan Birle\u015fik Krall\u0131k olmaktad\u0131r. Yarat\u0131lan makro ve mikro kimliksel b\u00f6l\u00fcnmelerle bizlere iradelerimizi elimizden alan\u0131n, gelece\u011fimize ipotek koyan\u0131n, ya\u015fam alanlar\u0131m\u0131z\u0131 \u00e7alan\u0131n kim oldu\u011fu unutturulmaktad\u0131r. \u00d6nce hat\u0131rlamal\u0131 ve ard\u0131ndan da ortak d\u00fc\u015fmana kar\u015f\u0131 birle\u015fmeli ve di\u011fer halklarla dayan\u0131\u015fmal\u0131y\u0131z.<\/p>\n\n\n\n<p>K\u0131br\u0131s\u2019taki \u0130ngiliz \u00dcsleri\u2019nden, Filistin\u2019e y\u00f6nelik soyk\u0131r\u0131mc\u0131 sald\u0131rganl\u0131klar kapsam\u0131na defalarca u\u00e7aklar havaland\u0131. Filistin halk\u0131 ile dayan\u0131\u015fmak i\u00e7in ise \u00f6zellikle K\u0131br\u0131s\u2019\u0131n g\u00fcneyinde onlarca kitlesel eylem ger\u00e7ekle\u015fti. Bu eylemler K\u0131br\u0131sl\u0131 Elen ve K\u0131br\u0131sl\u0131 T\u00fcrk halk\u0131n\u0131n ilerici \u00f6rg\u00fctlerince organize edildi ve desteklendi. Eylemlerin biri do\u011frudan \u0130ngiliz \u00dcsleri\u2019ne y\u00fcr\u00fcy\u00fc\u015f \u015feklinde oldu, slogan\u0131 ise \u201c\u0130ngiliz \u00dcsleri K\u0131br\u0131s\u2019tan defol\u201ddu. Ada halklar\u0131n\u0131n ilericileri i\u015fgalciyi hat\u0131rlad\u0131, ortak bir hedef etraf\u0131nda birle\u015fti ve sald\u0131r\u0131 alt\u0131ndaki Filistin halklar\u0131 ile kendi i\u015fgalcisine de defol diyerek dayan\u0131\u015ft\u0131. \u0130tiraf etmeliyim ki bug\u00fcn umut kavram\u0131 dahi Ortado\u011fu\u2019dan \u00e7ok uzakta. Yine de bilmeliyiz ki ancak halklar\u0131n karde\u015fli\u011fini ve ortak d\u00fc\u015fmanlar\u0131m\u0131z\u0131 hat\u0131rlay\u0131p, \u00f6rg\u00fctlenip birle\u015fti\u011fimiz ve m\u00fccadelelerimizle dayan\u0131\u015ft\u0131\u011f\u0131m\u0131z oranda umudu yak\u0131nla\u015ft\u0131rabiliriz. \u0130\u015fte o zaman Ortado\u011fu ad\u0131 ge\u00e7ti\u011finde, tam da olmas\u0131 gerekti\u011fi gibi, sadece refah, tarihi ve k\u00fclt\u00fcrel zenginli\u011fi akla gelecek ve bizler de bu g\u00fczel co\u011frafyan\u0131n par\u00e7as\u0131 oldu\u011fumuzu gururla dile getirebilece\u011fiz.<\/p>\n\n\n\n<p><\/p>\n\n\n\n<p><\/p>\n","protected":false},"excerpt":{"rendered":"<p>Bir uzayl\u0131n\u0131n eline d\u00fcnyan\u0131n do\u011fal kaynaklar\u0131 ve k\u00fclt\u00fcrel zenginlikleri ile ilgili bir kitap versek, okutsak ard\u0131ndan \u201csence en geli\u015fmi\u015f, huzurlu ve kalk\u0131nm\u0131\u015f b\u00f6lge neresidir?\u201d diye<\/p>\n","protected":false},"author":15,"featured_media":10687,"comment_status":"open","ping_status":"open","sticky":false,"template":"","format":"standard","meta":{"jetpack_post_was_ever_published":false,"_jetpack_newsletter_access":"","_jetpack_newsletter_tier_id":0,"jetpack_publicize_message":"","jetpack_is_tweetstorm":false,"jetpack_publicize_feature_enabled":true,"jetpack_social_post_already_shared":true,"jetpack_social_options":{"image_generator_settings":{"template":"highway","enabled":false}}},"categories":[67,38,42,1],"tags":[],"jetpack_publicize_connections":[],"jetpack_featured_media_url":"https:\/\/baraka.cc\/wp-content\/uploads\/2024\/10\/WhatsApp-Gorsel-2024-09-30-saat-16.16.45_a4464510-1.jpg","jetpack_shortlink":"https:\/\/wp.me\/p4eHWX-2M3","jetpack_sharing_enabled":true,"_links":{"self":[{"href":"https:\/\/baraka.cc\/index.php?rest_route=\/wp\/v2\/posts\/10667"}],"collection":[{"href":"https:\/\/baraka.cc\/index.php?rest_route=\/wp\/v2\/posts"}],"about":[{"href":"https:\/\/baraka.cc\/index.php?rest_route=\/wp\/v2\/types\/post"}],"author":[{"embeddable":true,"href":"https:\/\/baraka.cc\/index.php?rest_route=\/wp\/v2\/users\/15"}],"replies":[{"embeddable":true,"href":"https:\/\/baraka.cc\/index.php?rest_route=%2Fwp%2Fv2%2Fcomments&post=10667"}],"version-history":[{"count":1,"href":"https:\/\/baraka.cc\/index.php?rest_route=\/wp\/v2\/posts\/10667\/revisions"}],"predecessor-version":[{"id":10699,"href":"https:\/\/baraka.cc\/index.php?rest_route=\/wp\/v2\/posts\/10667\/revisions\/10699"}],"wp:featuredmedia":[{"embeddable":true,"href":"https:\/\/baraka.cc\/index.php?rest_route=\/wp\/v2\/media\/10687"}],"wp:attachment":[{"href":"https:\/\/baraka.cc\/index.php?rest_route=%2Fwp%2Fv2%2Fmedia&parent=10667"}],"wp:term":[{"taxonomy":"category","embeddable":true,"href":"https:\/\/baraka.cc\/index.php?rest_route=%2Fwp%2Fv2%2Fcategories&post=10667"},{"taxonomy":"post_tag","embeddable":true,"href":"https:\/\/baraka.cc\/index.php?rest_route=%2Fwp%2Fv2%2Ftags&post=10667"}],"curies":[{"name":"wp","href":"https:\/\/api.w.org\/{rel}","templated":true}]}}