{"id":10679,"date":"2024-09-28T10:54:19","date_gmt":"2024-09-28T08:54:19","guid":{"rendered":"https:\/\/baraka.cc\/?p=10679"},"modified":"2024-09-28T10:54:25","modified_gmt":"2024-09-28T08:54:25","slug":"soluk-olmak-isteyen-bir-platform-solmuzik-tahsin-oygar","status":"publish","type":"post","link":"https:\/\/baraka.cc\/?p=10679","title":{"rendered":"Soluk Olmak \u0130steyen Bir Platform; SolM\u00fczik -Tahsin Oygar"},"content":{"rendered":"\n<p>Sanat\u0131n her alan\u0131n\u0131n piyasala\u015ft\u0131\u011f\u0131, i\u00e7eri\u011finin ise postmodernle\u015ftirilip k\u00fcresel \u015firketlerin, egemenlerin hegemonyas\u0131na girdi\u011fi, duygular\u0131n sermayenin lehine manip\u00fcle edildi\u011fi g\u00fcnleri ya\u015f\u0131yoruz. Sald\u0131r\u0131 \u00e7ok b\u00fcy\u00fck ve k\u00fcresel. Soluk alam\u0131yoruz! Peki ya direni\u015f? Solun d\u00fcnya genelinde bir gerileme ya\u015fad\u0131\u011f\u0131 herkesin malumu; direni\u015fler, g\u00f6steriler, eylemler ulusal d\u00fczeylerde devam ediyor ama a\u00e7\u0131k\u00e7as\u0131 kayda de\u011fer enternasyonal bir dayan\u0131\u015fmadan ve organize k\u00fcresel bir direni\u015ften bahsetmek olduk\u00e7a iyimser bir yakla\u015f\u0131m olacakt\u0131r. Toplumsal m\u00fccadeleler gerilerken, sanat\u0131 bu m\u00fccadele alan\u0131n\u0131n g\u00fc\u00e7l\u00fc bir par\u00e7as\u0131 olarak g\u00f6ren Praksis, Umuda Hayk\u0131r\u0131\u015f ve \u0130syan Ate\u015fi gibi devrimci m\u00fczik gruplar\u0131n\u0131n \u00f6nderli\u011finde ge\u00e7ti\u011fimiz y\u0131l bir araya gelindi. Bizler de K\u0131br\u0131s\u2019\u0131n kuzeyinden Baraka K\u00fclt\u00fcr Merkezi m\u00fczik grubu Sol Anahtar\u0131 olarak bu platforma dahil olduk. Platform enternasyonal bir platform olma e\u011filiminde ve sosyalist de\u011ferler \u00e7er\u00e7evesinde bir arada&#8230; Almanya\u2019dan, T\u00fcrkiye\u2019den, K\u0131br\u0131s\u2019tan gruplar var; G\u00fcney K\u0131br\u0131s ve Yunanistan\u2019dan da gruplar\u0131n platforma girmesi beklentisi mevcut&#8230;\u00d6rg\u00fctl\u00fc veya \u00f6rg\u00fcts\u00fcz m\u00fczik gruplar\u0131n\u0131n devrimci olduklar\u0131n\u0131n kendi taraflar\u0131ndan beyan edilmesinin dahil olmak i\u00e7in yeterli oldu\u011fu platform haftal\u0131k toplant\u0131lar ile kendi g\u00fcndemlerine y\u00f6nelik sorunlar\u0131, enstr\u00fcman, enstr\u00fcmantist, kay\u0131t ekipman\u0131, beste ve \u00fcretimlerin dijital platformlarda payla\u015f\u0131labilmesi gibi konular\u0131 dayan\u0131\u015fmac\u0131 bir ruhla payla\u015f\u0131yor. Ge\u00e7en y\u0131l ilk alb\u00fcm\u00fcn\u00fc \u201cBiti\u015f Yok Bu \u015eark\u0131ya\u201d slogan\u0131 ile yay\u0131nlayan platform alb\u00fcme \u201cKAVGA\u201d ismini verdi. Can\u0131 pahas\u0131na Venceremos\u2019u s\u00f6ylemeye devam eden Victor Jara\u2019n\u0131n \u00f6ld\u00fcr\u00fcld\u00fc\u011f\u00fc g\u00fcn\u00fcn alb\u00fcm\u00fcn yay\u0131nlanma tarihi olarak se\u00e7ilmesi ve alb\u00fcm\u00fcn tan\u0131t\u0131m metinlerinde kullan\u0131lan <em>\u201cYeni bir d\u00fcnya. Yolumuz uzun ve biliyoruz ki bu yol, y\u0131llar \u00f6nce bug\u00fcn, devrimci m\u00fczisyen Victor Jara&#8217;n\u0131n gitarla\u015fan ellerinin General Pinochet&#8217;i yendi\u011fi yoldur.\u201d <\/em>c\u00fcmlesi gruplar\u0131n sosyalist devrimci gelene\u011fi sahiplendi\u011finin \u00f6nemli g\u00f6stergelerindendir.<\/p>\n\n\n<div class=\"wp-block-image\">\n<figure class=\"alignleft size-full\"><a href=\"https:\/\/baraka.cc\/wp-content\/uploads\/2024\/09\/WhatsApp-Image-2024-09-25-at-12.52.09.jpeg\"><img decoding=\"async\" loading=\"lazy\" width=\"512\" height=\"313\" src=\"https:\/\/baraka.cc\/wp-content\/uploads\/2024\/09\/WhatsApp-Image-2024-09-25-at-12.52.09.jpeg\" alt=\"\" class=\"wp-image-10680\" srcset=\"https:\/\/baraka.cc\/wp-content\/uploads\/2024\/09\/WhatsApp-Image-2024-09-25-at-12.52.09.jpeg 512w, https:\/\/baraka.cc\/wp-content\/uploads\/2024\/09\/WhatsApp-Image-2024-09-25-at-12.52.09-300x183.jpeg 300w\" sizes=\"(max-width: 512px) 100vw, 512px\" \/><\/a><\/figure><\/div>\n\n\n<p>Platformun rutin toplant\u0131lar\u0131ndaki payla\u015f\u0131mlar sayesinde Akbelen Orman\u0131\u2019na g\u00f6z koyan Limak Holding\u2019in K\u0131br\u0131s\u2019ta plajlar\u0131 (\u00fccretsiz kullan\u0131m\u0131 halk\u0131n anayasal hakk\u0131 olan) parselleyen kumarhaneli l\u00fcks otellerin sahibi oldu\u011fu \u00f6\u011frenildi. Platformdaki baz\u0131 m\u00fczik gruplar\u0131 Akbelen Orman\u0131\u2019ndaki direni\u015fe destek verirken bizler de K\u0131br\u0131s\u2019ta \u00f6rg\u00fctl\u00fc oldu\u011fumuz Ba\u011f\u0131ms\u0131zl\u0131k Yolu\u2019nun \u00e7a\u011fr\u0131s\u0131 ile plajlar halk\u0131nd\u0131r demek i\u00e7in Limak Otel\u2019in &nbsp;\u00f6n\u00fcnde protesto ger\u00e7ekle\u015ftirdik. Mu\u011fla\u2019da ormana, K\u0131br\u0131s\u2019ta plajlara g\u00f6z diken holdingin \u00f6n\u00fcnde eylem yaparken Akbelen\u2019e de dayan\u0131\u015fmam\u0131z\u0131 yollad\u0131k. Evet k\u00fc\u00e7\u00fck bir dayan\u0131\u015fma \u00f6rne\u011fi idi fakat ba\u015flang\u0131\u00e7 i\u00e7in olduk\u00e7a umut verici ayn\u0131 zamanda&#8230; Platform bu y\u0131l 1 May\u0131s\u2019ta ikinci alb\u00fcm\u00fcn\u00fc yay\u0131nlad\u0131. Alb\u00fcm\u00fc t\u00fcm dijital platformlardan dinleyebilirsiniz, ayr\u0131ca yedi dilde haz\u0131rlanan web sitesine<em>(<\/em><a href=\"http:\/\/www.solmuzik.com\"><em>www.solmuzik.com<\/em><\/a><em>) <\/em>girip daha detayl\u0131 bilgiler de edinebilirsiniz. Kat\u0131l\u0131mc\u0131 b\u00fct\u00fcn gruplarla r\u00f6portajlar yap\u0131p birbirimizi daha iyi tan\u0131maya, teorik d\u00fczeyde devrimci m\u00fczi\u011fin \u00e7\u0131kmazlar\u0131n\u0131n tart\u0131\u015f\u0131laca\u011f\u0131 \u00e7al\u0131\u015ftaylar d\u00fczenlemeye ve dayan\u0131\u015f\u0131p kavgam\u0131z\u0131 b\u00fcy\u00fctmeye devam edece\u011fiz.<\/p>\n\n\n\n<p><em>\u2018Tarihin ve s\u00f6m\u00fcr\u00fc d\u00fczeninin bu an\u0131na tan\u0131kl\u0131k eden, tan\u0131kl\u0131kla da yetinmeyip bu d\u00fczenin y\u0131k\u0131lmas\u0131 i\u00e7in \u015fark\u0131lar\u0131n\u0131 bileyen&nbsp;<strong>16 devrimci m\u00fczik grubunun ortak \u00fcretimi \u201c<\/strong><\/em><a href=\"https:\/\/www.solmuzik.com\/elleri-var-ozgurlugun\/\"><em>Elleri Var \u00d6zg\u00fcrl\u00fc\u011f\u00fcn<\/em><\/a><strong><em>\u201d alb\u00fcm\u00fcn\u00fc sizlerle<\/em><\/strong><em>&nbsp;payla\u015f\u0131yoruz. Bu alb\u00fcm vesilesiyle \u201cyeralt\u0131ndan yery\u00fcz\u00fcne\u201d ya\u015fam\u0131 yaratan elleri, al\u0131n terinin m\u00fccadelesini, s\u0131n\u0131f\u0131m\u0131z\u0131n kavgas\u0131n\u0131 ve bayram\u0131m\u0131z 1 May\u0131s\u2019\u0131 selaml\u0131yoruz.&nbsp;<\/em><\/p>\n\n\n\n<p><em>Solmuzik ba\u015fl\u0131\u011f\u0131yla bir araya gelmi\u015f ve ge\u00e7ti\u011fimiz Eyl\u00fcl\u2019de \u201cKavga\u201d alb\u00fcm\u00fcn\u00fc yay\u0131mlam\u0131\u015ft\u0131k. Her devrimci m\u00fczik grubu kendi \u00f6zg\u00fcnl\u00fc\u011f\u00fcnde yeni bir beste ile kat\u0131lm\u0131\u015ft\u0131 alb\u00fcme. Aradan daha 1 y\u0131l bile ge\u00e7meden yo\u011fun bir \u00e7al\u0131\u015fma ile ortaya koydu\u011fumuz \u201cElleri Var \u00d6zg\u00fcrl\u00fc\u011f\u00fcn\u201d de yine farkl\u0131 dil ve m\u00fczikal \u00fcsl\u00fbplardaki \u00fcretimlerden olu\u015fan bir alb\u00fcm oldu. Bu alb\u00fcmler vesilesiyle devrimci m\u00fczik gruplar\u0131 aras\u0131nda g\u00fc\u00e7l\u00fc bir ba\u011f ve dayan\u0131\u015fma zemini in\u015fa etmeyi ba\u015fard\u0131k. G\u00fcn\u00fcm\u00fcz\u00fcn devrim m\u00fccadelesinin \u015fark\u0131lar\u0131n\u0131 \u00fcretmenin pe\u015finde bir birliktelik oldu bizimkisi: \u015ean olsun, \u00e7ok ya\u015fas\u0131n!<\/em><\/p>\n\n\n\n<p><em>Bu alb\u00fcmle m\u00fccadelemize, g\u00f6zlerini s\u0131n\u0131fs\u0131z-s\u00f6m\u00fcr\u00fcs\u00fcz bir d\u00fcnyan\u0131n ufkuna dikmi\u015f 16 yeni \u015fark\u0131 arma\u011fan ediyoruz.\u2019&nbsp;&nbsp; &nbsp;&nbsp;&nbsp;&nbsp;&nbsp;&#8211; SolM\u00fczik<\/em><\/p>\n","protected":false},"excerpt":{"rendered":"<p>Sanat\u0131n her alan\u0131n\u0131n piyasala\u015ft\u0131\u011f\u0131, i\u00e7eri\u011finin ise postmodernle\u015ftirilip k\u00fcresel \u015firketlerin, egemenlerin hegemonyas\u0131na girdi\u011fi, duygular\u0131n sermayenin lehine manip\u00fcle edildi\u011fi g\u00fcnleri ya\u015f\u0131yoruz. Sald\u0131r\u0131 \u00e7ok b\u00fcy\u00fck ve k\u00fcresel. Soluk<\/p>\n","protected":false},"author":1,"featured_media":10680,"comment_status":"open","ping_status":"open","sticky":false,"template":"","format":"standard","meta":{"jetpack_post_was_ever_published":false,"_jetpack_newsletter_access":"","_jetpack_newsletter_tier_id":0,"jetpack_publicize_message":"","jetpack_is_tweetstorm":false,"jetpack_publicize_feature_enabled":true,"jetpack_social_post_already_shared":true,"jetpack_social_options":{"image_generator_settings":{"template":"highway","enabled":false}}},"categories":[40,67,38,42,1],"tags":[],"jetpack_publicize_connections":[],"jetpack_featured_media_url":"https:\/\/baraka.cc\/wp-content\/uploads\/2024\/09\/WhatsApp-Image-2024-09-25-at-12.52.09.jpeg","jetpack_shortlink":"https:\/\/wp.me\/p4eHWX-2Mf","jetpack_sharing_enabled":true,"_links":{"self":[{"href":"https:\/\/baraka.cc\/index.php?rest_route=\/wp\/v2\/posts\/10679"}],"collection":[{"href":"https:\/\/baraka.cc\/index.php?rest_route=\/wp\/v2\/posts"}],"about":[{"href":"https:\/\/baraka.cc\/index.php?rest_route=\/wp\/v2\/types\/post"}],"author":[{"embeddable":true,"href":"https:\/\/baraka.cc\/index.php?rest_route=\/wp\/v2\/users\/1"}],"replies":[{"embeddable":true,"href":"https:\/\/baraka.cc\/index.php?rest_route=%2Fwp%2Fv2%2Fcomments&post=10679"}],"version-history":[{"count":1,"href":"https:\/\/baraka.cc\/index.php?rest_route=\/wp\/v2\/posts\/10679\/revisions"}],"predecessor-version":[{"id":10681,"href":"https:\/\/baraka.cc\/index.php?rest_route=\/wp\/v2\/posts\/10679\/revisions\/10681"}],"wp:featuredmedia":[{"embeddable":true,"href":"https:\/\/baraka.cc\/index.php?rest_route=\/wp\/v2\/media\/10680"}],"wp:attachment":[{"href":"https:\/\/baraka.cc\/index.php?rest_route=%2Fwp%2Fv2%2Fmedia&parent=10679"}],"wp:term":[{"taxonomy":"category","embeddable":true,"href":"https:\/\/baraka.cc\/index.php?rest_route=%2Fwp%2Fv2%2Fcategories&post=10679"},{"taxonomy":"post_tag","embeddable":true,"href":"https:\/\/baraka.cc\/index.php?rest_route=%2Fwp%2Fv2%2Ftags&post=10679"}],"curies":[{"name":"wp","href":"https:\/\/api.w.org\/{rel}","templated":true}]}}