{"id":10700,"date":"2024-10-06T08:30:00","date_gmt":"2024-10-06T06:30:00","guid":{"rendered":"https:\/\/baraka.cc\/?p=10700"},"modified":"2024-10-05T19:13:36","modified_gmt":"2024-10-05T17:13:36","slug":"yansin-enerji-politikalari-onur-butuner","status":"publish","type":"post","link":"https:\/\/baraka.cc\/?p=10700","title":{"rendered":"Yans\u0131n Enerji Politikalar\u0131\u00a0&#8211; Onur B\u00fct\u00fcner"},"content":{"rendered":"\n<figure class=\"wp-block-image size-large\"><a href=\"https:\/\/baraka.cc\/wp-content\/uploads\/2024\/10\/WhatsApp-Gorsel-2024-09-30-saat-16.16.46_1c9f9e9b.jpg\"><img decoding=\"async\" loading=\"lazy\" width=\"1024\" height=\"683\" src=\"https:\/\/baraka.cc\/wp-content\/uploads\/2024\/10\/WhatsApp-Gorsel-2024-09-30-saat-16.16.46_1c9f9e9b-1024x683.jpg\" alt=\"\" class=\"wp-image-10701\" srcset=\"https:\/\/baraka.cc\/wp-content\/uploads\/2024\/10\/WhatsApp-Gorsel-2024-09-30-saat-16.16.46_1c9f9e9b-1024x683.jpg 1024w, https:\/\/baraka.cc\/wp-content\/uploads\/2024\/10\/WhatsApp-Gorsel-2024-09-30-saat-16.16.46_1c9f9e9b-300x200.jpg 300w, https:\/\/baraka.cc\/wp-content\/uploads\/2024\/10\/WhatsApp-Gorsel-2024-09-30-saat-16.16.46_1c9f9e9b-768x512.jpg 768w, https:\/\/baraka.cc\/wp-content\/uploads\/2024\/10\/WhatsApp-Gorsel-2024-09-30-saat-16.16.46_1c9f9e9b-1536x1024.jpg 1536w, https:\/\/baraka.cc\/wp-content\/uploads\/2024\/10\/WhatsApp-Gorsel-2024-09-30-saat-16.16.46_1c9f9e9b.jpg 1599w\" sizes=\"(max-width: 1024px) 100vw, 1024px\" \/><\/a><\/figure>\n\n\n\n<p>Haziran ay\u0131 ile birlikte \u00fclkemizde yaz mevsiminin geli\u015fini hissetmeye ba\u015flad\u0131k. \u00d6zellikle son iki haftas\u0131nda ya\u015fanan s\u0131cakl\u0131k art\u0131\u015flar\u0131 \u00f6\u011flen saatlerinde hayat\u0131 ya\u015fanmaz hale getirdi. Bu art\u0131\u015flarla birlikte \u00fclkedeki enerji ihtiyac\u0131 da artm\u0131\u015f durumda. Enerji maliyetlerinin y\u00fcksekli\u011fi ve enerji alan\u0131ndaki altyap\u0131 eksiklikleri ile birlikte \u00fclkemizde ya\u015fayan halk olarak bir \u00e7\u0131kmaza girmi\u015f bulunuyoruz. Bununla birlikte birlikte \u00fclkede s\u00fcre gelen yang\u0131nlar ve sonu\u00e7lar\u0131 da bizleri deniz, sahil gibi yaz\u0131n g\u00fczel yanlar\u0131n\u0131 d\u00fc\u015f\u00fcnmekten uzak tutar hale getirdi.\u00a0\u00a0<\/p>\n\n\n\n<p>Daha haziran ay\u0131na girer girmez \u00fclkemiz medyas\u0131nda yang\u0131n haberleri man\u015fetlerde yer almaya ba\u015flad\u0131. Bu yang\u0131nlar b\u00f6lge halk\u0131n\u0131n da deste\u011fiyle kontrol alt\u0131na al\u0131nm\u0131\u015f olsa da her yaz ya\u015fad\u0131\u011f\u0131m\u0131z bu felaketleri tamamen \u00f6nleyebilmek ger\u00e7ekten m\u00fcmk\u00fcn m\u00fc? Sadece yang\u0131n helikopteri talep ederek bu yang\u0131nlar ile ba\u015fa \u00e7\u0131kabilir miyiz? Yoksa yang\u0131nlar\u0131 kabullenip alternatif yang\u0131n politikas\u0131 m\u0131 \u00fcretmeliyiz? \u0130lk bak\u0131\u015fta yang\u0131nlar\u0131 kabullenmek \u00e7\u0131lg\u0131nca duyulsa da bu konuyla ilgili durumun farkl\u0131 boyutlar\u0131 da oldu\u011funu g\u00f6steren bilimsel ara\u015ft\u0131rmalar ve makaleler bulunmaktad\u0131r. Bunlardan bir tanesi de Evrim A\u011fac\u0131 sayfas\u0131nda ge\u00e7mektedir. Burada&nbsp; Akdeniz tipi b\u00f6lgeler ve Akdeniz Ormanlar\u0131, &#8220;<strong>yang\u0131na ba\u011f\u0131ml\u0131 ekosistemler<\/strong>&#8221; olarak tarif edilmekte; yang\u0131nlar\u0131n ne kadar b\u00fcy\u00fck ve korkutucu olurlarsa olsunlar, Akdeniz Ormanlar\u0131 i\u00e7in bir tehdit de\u011fil, tam tersine onlar\u0131n ekolojisinin bir par\u00e7as\u0131 oldu\u011fu savunulmaktad\u0131r.&nbsp;&nbsp;<\/p>\n\n\n\n<p>Ormanlardaki yang\u0131nlarla ilgili ana problem, yang\u0131nlar\u0131n kendisinden ziyade, yang\u0131nla m\u00fccadele y\u00f6ntemlerinin yanl\u0131\u015fl\u0131\u011f\u0131 ve iklim krizinin k\u00f6r\u00fcklenmeye devam etmesi sonucunda kontrols\u00fcz yang\u0131n oranlar\u0131n\u0131n artmas\u0131d\u0131r. Bu da insan ya\u015fam\u0131ndan tutun da do\u011fadaki t\u00fcm canl\u0131lar\u0131 \u00e7ok daha \u015fiddetli bir \u015fekilde tehdit eden, kontrol\u00fc daha g\u00fc\u00e7 yang\u0131nlara kap\u0131 aralamaktad\u0131r.&nbsp;<\/p>\n\n\n\n<p>Yang\u0131n sonras\u0131 yenileme \u00e7al\u0131\u015fmalar\u0131n\u0131n hatal\u0131 uygulanmas\u0131 da ekosisteme b\u00fcy\u00fck zararlar vermektedir. (1) Buradan da anlayaca\u011f\u0131m\u0131z \u00fczere yang\u0131nlardan korunmak, yang\u0131n riskini s\u0131f\u0131rlamaya \u00e7al\u0131\u015fmak yerine yang\u0131nlar ile ilgili politikalar\u0131m\u0131z\u0131 tekrardan d\u00fczenlemek ile olacakt\u0131r. Bu politikalar\u0131 yang\u0131n \u00f6ncesi ve sonras\u0131 olmak \u00fczere ikiye ay\u0131rabiliriz: Yang\u0131n \u00f6ncesinde ormanlar\u0131 m\u00fcdahaleye \u00e7ok da gerek kalmayacak \u015fekilde kontroll\u00fc yak\u0131m i\u00e7in haz\u0131rlamal\u0131y\u0131z. \u00d6ncelikle can ve mal kayb\u0131n\u0131 da azaltabilmek ad\u0131na yerle\u015fim merkezleri ile ormanlar\u0131 i\u00e7 i\u00e7e ge\u00e7irmemeliyiz. \u0130mar planlar\u0131m\u0131z\u0131 tekrardan revize etmeli, ormanl\u0131k alanlar\u0131n, ne sebeble olursa olsun birilerine kiralanmas\u0131na izin vermemeliyiz. Bu alanlar\u0131 tutu\u015fturacak ve yang\u0131n\u0131 b\u00fcy\u00fctecek kuru odun, \u00e7al\u0131-\u00e7\u0131rp\u0131lar\u0131n toplanmas\u0131n\u0131, hayvan otlak\u0131c\u0131l\u0131\u011f\u0131n\u0131 ve tar\u0131msal ormanc\u0131l\u0131\u011f\u0131 te\u015fvik etmeliyiz. Ne yaz\u0131kt\u0131r ki \u00fclkemizdeki durum bunun tam tersidir. S\u00fcrd\u00fcr\u00fclebilir bir yang\u0131n koruma politikas\u0131 i\u00e7in yang\u0131nlar\u0131n zararlar\u0131n\u0131 hafifletecek ve onu ekolojik bir d\u00f6ng\u00fcn\u00fcn par\u00e7as\u0131 olarak kabullenecek politikalara olan ihtiya\u00e7 elzemdir.\u00a0<\/p>\n\n\n\n<p>S\u00fcrd\u00fcr\u00fclebilir bir yang\u0131n koruma politikas\u0131n\u0131n en \u00f6nemli par\u00e7as\u0131 da \u00fclkenizin enerji politikas\u0131n\u0131n d\u00fczg\u00fcn olmas\u0131d\u0131r. \u00dclkemizde s\u00fcregelen enerji politikalar\u0131ndaki hatalar bile isteye yap\u0131lmaya devam etmektedir. \u00dclkenin elektrik kurumu olan KIB-TEK\u2019in planl\u0131 bir \u015fekilde g\u00f6z ard\u0131 edilmesi ve gereken yat\u0131r\u0131mlar\u0131n yap\u0131lmamas\u0131 ile birlikte enerji ihtiyac\u0131n\u0131n artt\u0131\u011f\u0131 yaz mevsiminde uzun s\u00fcreli elektrik kesintileri de ya\u015fanmaya ba\u015flad\u0131. Artan enerji ihtiyac\u0131na kar\u015f\u0131 g\u00fc\u00e7lendirilmeyen alt yap\u0131larla birlikte s\u00fcrekli elektrik kesintisi haberlerini hem duymaya hem de ya\u015famaya ba\u015flad\u0131k.&nbsp;&nbsp;<\/p>\n\n\n\n<p>Bunun en \u00f6nemli sebebi KIB-TEK\u2019e gerekli yat\u0131r\u0131mlar\u0131 bilin\u00e7li olarak yapmayan ve AKSA\u2019ya verilen milyon dolarlar ile halk ad\u0131na de\u011fil sermaye ad\u0131na \u00e7al\u0131\u015fan gelmi\u015f ge\u00e7mi\u015f b\u00fct\u00fcn h\u00fck\u00fcmetlerdir. \u00c7\u00f6z\u00fcm\u00fc ise AKSA\u2019n\u0131n kamula\u015ft\u0131r\u0131lmas\u0131, \u015firkete verilen 30 milyon dolarl\u0131k&nbsp; y\u0131ll\u0131k kira \u00fccretinin halk yarar\u0131na enerji politikalar\u0131na yat\u0131r\u0131lmas\u0131 ve harcanmas\u0131d\u0131r.&nbsp; Bu da, elektiri\u011fin halk\u0131n temel haklar\u0131ndan biri oldu\u011fu unutulmadan ekolojik ve yenilenebilir enerji politikalar\u0131 ile hem ucuz enerji sa\u011flayarak hem de d\u0131\u015fa olan ba\u011f\u0131ml\u0131l\u0131ktan kurtularak m\u00fcmk\u00fcnd\u00fcr.&nbsp;<\/p>\n\n\n\n<p>Sermayeden yana politikalar devam ettik\u00e7e ne yanan ormanlar\u0131m\u0131z geri gelebilecek ne de emek\u00e7i halk\u0131n y\u00fcz\u00fc g\u00fclebilecek. Bundand\u0131r ki mevsim ne olursa olsun m\u00fccadeleyi ve \u00f6rg\u00fctlenmeyi \u0131s\u0131nd\u0131rmal\u0131y\u0131z. Hele de mevsim yazsa&#8230;&nbsp;<\/p>\n\n\n\n<p>\u00b9 <a href=\"https:\/\/evrimagaci.org\/akdeniz-ormanlarindaki-yanginlar-bu-yanginlarla-mucadele-yontemleri-ve-yangin-sonrasi-yanlis-agaclandirma-konusunda-onemli-bir-uyari-10782\" target=\"_blank\" rel=\"noreferrer noopener\">https:\/\/evrimagaci.org\/akdeniz-ormanlarindaki-yanginlar-bu-yanginlarla-mucadele-yontemleri-ve-yangin-sonrasi-yanlis-agaclandirma-konusunda-onemli-bir-uyari-10782<\/a>&nbsp;<\/p>\n\n\n\n<p>\u00b2 https:\/\/ozgurgazetekibris.com\/kibris\/118351-bagimsizlik-yolu-enerji-haksa-kamulastirilsin-aksa.html&nbsp;<\/p>\n","protected":false},"excerpt":{"rendered":"<p>Haziran ay\u0131 ile birlikte \u00fclkemizde yaz mevsiminin geli\u015fini hissetmeye ba\u015flad\u0131k. \u00d6zellikle son iki haftas\u0131nda ya\u015fanan s\u0131cakl\u0131k art\u0131\u015flar\u0131 \u00f6\u011flen saatlerinde hayat\u0131 ya\u015fanmaz hale getirdi. Bu art\u0131\u015flarla<\/p>\n","protected":false},"author":17,"featured_media":10701,"comment_status":"open","ping_status":"open","sticky":false,"template":"","format":"standard","meta":{"jetpack_post_was_ever_published":false,"_jetpack_newsletter_access":"","_jetpack_newsletter_tier_id":0,"jetpack_publicize_message":"","jetpack_is_tweetstorm":false,"jetpack_publicize_feature_enabled":true,"jetpack_social_post_already_shared":true,"jetpack_social_options":{"image_generator_settings":{"template":"highway","enabled":false}}},"categories":[67,38,42,1],"tags":[],"jetpack_publicize_connections":[],"jetpack_featured_media_url":"https:\/\/baraka.cc\/wp-content\/uploads\/2024\/10\/WhatsApp-Gorsel-2024-09-30-saat-16.16.46_1c9f9e9b.jpg","jetpack_shortlink":"https:\/\/wp.me\/p4eHWX-2MA","jetpack_sharing_enabled":true,"_links":{"self":[{"href":"https:\/\/baraka.cc\/index.php?rest_route=\/wp\/v2\/posts\/10700"}],"collection":[{"href":"https:\/\/baraka.cc\/index.php?rest_route=\/wp\/v2\/posts"}],"about":[{"href":"https:\/\/baraka.cc\/index.php?rest_route=\/wp\/v2\/types\/post"}],"author":[{"embeddable":true,"href":"https:\/\/baraka.cc\/index.php?rest_route=\/wp\/v2\/users\/17"}],"replies":[{"embeddable":true,"href":"https:\/\/baraka.cc\/index.php?rest_route=%2Fwp%2Fv2%2Fcomments&post=10700"}],"version-history":[{"count":2,"href":"https:\/\/baraka.cc\/index.php?rest_route=\/wp\/v2\/posts\/10700\/revisions"}],"predecessor-version":[{"id":10703,"href":"https:\/\/baraka.cc\/index.php?rest_route=\/wp\/v2\/posts\/10700\/revisions\/10703"}],"wp:featuredmedia":[{"embeddable":true,"href":"https:\/\/baraka.cc\/index.php?rest_route=\/wp\/v2\/media\/10701"}],"wp:attachment":[{"href":"https:\/\/baraka.cc\/index.php?rest_route=%2Fwp%2Fv2%2Fmedia&parent=10700"}],"wp:term":[{"taxonomy":"category","embeddable":true,"href":"https:\/\/baraka.cc\/index.php?rest_route=%2Fwp%2Fv2%2Fcategories&post=10700"},{"taxonomy":"post_tag","embeddable":true,"href":"https:\/\/baraka.cc\/index.php?rest_route=%2Fwp%2Fv2%2Ftags&post=10700"}],"curies":[{"name":"wp","href":"https:\/\/api.w.org\/{rel}","templated":true}]}}