{"id":10705,"date":"2024-10-09T12:54:24","date_gmt":"2024-10-09T10:54:24","guid":{"rendered":"https:\/\/baraka.cc\/?p=10705"},"modified":"2024-10-09T12:54:30","modified_gmt":"2024-10-09T10:54:30","slug":"ne-paramiz-ne-de-kulac-atacak-halimiz-var-sezgin-keser","status":"publish","type":"post","link":"https:\/\/baraka.cc\/?p=10705","title":{"rendered":"Ne Param\u0131z Ne de Kula\u00e7 Atacak Halimiz Var\u00a0&#8211; Sezgin Keser\u00a0"},"content":{"rendered":"\n<figure class=\"wp-block-gallery has-nested-images columns-default is-cropped wp-block-gallery-1 is-layout-flex\">\n<figure class=\"wp-block-image size-large\"><a href=\"https:\/\/baraka.cc\/wp-content\/uploads\/2024\/10\/deniz-ve-insan.webp\"><img decoding=\"async\" loading=\"lazy\" width=\"600\" height=\"400\" data-id=\"10706\"  src=\"https:\/\/baraka.cc\/wp-content\/uploads\/2024\/10\/deniz-ve-insan.webp\" alt=\"\" class=\"wp-image-10706\" srcset=\"https:\/\/baraka.cc\/wp-content\/uploads\/2024\/10\/deniz-ve-insan.webp 600w, https:\/\/baraka.cc\/wp-content\/uploads\/2024\/10\/deniz-ve-insan-300x200.webp 300w\" sizes=\"(max-width: 600px) 100vw, 600px\" \/><\/a><\/figure>\n<\/figure>\n\n\n\n<p>Sabah uyan\u0131yorsun, havada b\u00fcy\u00fck bir toz bulutu, \u00f6ks\u00fcrmeye t\u0131ks\u0131rmaya ba\u015fl\u0131yorsun, 40 dereceyi a\u015fk\u0131n yaz s\u0131ca\u011f\u0131 alt\u0131nda g\u00fcnl\u00fck i\u015flerini yapmak i\u00e7in evden \u00e7\u0131k\u0131yorsun. Arabay\u0131 \u00e7al\u0131\u015ft\u0131r\u0131p yola koyuluyorsun. Araban\u0131n klimas\u0131n\u0131 da sona dayad\u0131n. \u0130\u015fe varmak \u00fczereyken \u00e7emberdeki kazaya denk geliyorsun, yolu de\u011fi\u015ftirip ara sokaklardan gidiyorsun. \u0130\u015fe vard\u0131n, ak\u015fama kadar s\u00fcrecek maraton ba\u015flad\u0131. Mesai bitince baz\u0131 i\u015flerini halletmek i\u00e7in doland\u0131n durdun d\u0131\u015far\u0131da. Ak\u015fam oldu, yeme\u011fini yedin, yar\u0131n yapaca\u011f\u0131n i\u015fleri d\u00fc\u015f\u00fcnd\u00fcn, bir hararet bast\u0131. Klima varsa evinde serinlemek i\u00e7in cebini yakacak olsa da mecburen a\u00e7t\u0131n. Yar\u0131n ayn\u0131 rutine devam edece\u011fin i\u00e7in gard\u0131n\u0131 \u015fimdiden ald\u0131n. Bu hik\u00e2yeye, ana karakterin i\u00e7 bunal\u0131mlar\u0131n\u0131 eklersek \u201cAlev Alm\u0131\u015f Bir K\u0131br\u0131sl\u0131n\u0131n Portresi\u201d ad\u0131nda iyi bir sanat filmi ya da biraz fantastik unsurlar eklersek de \u201c\u00c7\u00f6l Ada: K\u0131br\u0131s\u201d ad\u0131nda distopik bir film \u00e7ekebiliriz. Bu hayat ko\u015fu\u015fturmacas\u0131 i\u00e7inde kendimize hi\u00e7 vakit ay\u0131ram\u0131yorsak, \u00f6zellikle de bu yaz s\u0131caklar\u0131nda adam\u0131z\u0131n d\u00f6rt bir yan\u0131ndaki denizlere can\u0131m\u0131z\u0131n \u00e7ekti\u011fi vakit giremiyorsak bu durum ancak distopik bir hik\u00e2ye ya da bunal\u0131ml\u0131 sanat filmi senaryosu olur.\u00a0<\/p>\n\n\n\n<p><strong>Denizi g\u00f6r(e)meyen masum adal\u0131<\/strong>&nbsp;<\/p>\n\n\n\n<p>D\u00f6rt taraf\u0131n\u0131z denizle \u00e7evrili bir yerde ya\u015f\u0131yorsan\u0131z ve ortalama bir saat i\u00e7inde ki\u015fisel ara\u00e7lar\u0131n\u0131zla denizlere ula\u015fabiliyorsan\u0131z -ki\u015fisel ara\u00e7lar diyorum \u00e7\u00fcnk\u00fc toplu ta\u015f\u0131mam\u0131z \u00f6yle iyi bir seviyede ki kullanmaya k\u0131yam\u0131yoruz!- yaz aylar\u0131nda sizi sudan zorla \u00e7\u0131kar\u0131yor olmal\u0131lar. Ya da en az\u0131ndan b\u00f6yle olmas\u0131 laz\u0131m. Ama biliyoruz ki \u00e7o\u011fumuz i\u00e7in bu pek de b\u00f6yle de\u011fil. G\u00fcnl\u00fck hayat ko\u015fu\u015fturmacas\u0131 i\u00e7inde denize gidecek vakti bulamayan, hafta sonlar\u0131 haftal\u0131k geriye kalan i\u015flerle u\u011fra\u015fan, f\u0131rsat yarat\u0131p da denize gitti\u011finde sahillere eri\u015fmede engellerle kar\u015f\u0131la\u015fan insan\u0131m\u0131z i\u00e7in denizi g\u00f6r(e)memek ka\u00e7\u0131n\u0131lmayacak bir ger\u00e7ek. \u00d6ncelikle bu sahillere eri\u015fmedeki engeller mevzusunu a\u00e7\u0131p, ard\u0131ndan eri\u015fsek bile niye bir deniz insan\u0131 olam\u0131yoruz mevzusuna bal\u0131klama dalal\u0131m.&nbsp;<\/p>\n\n\n\n<p><strong>Bele\u015fe deniz<\/strong>&nbsp;&nbsp;<\/p>\n\n\n\n<p>Sahillere eri\u015fmemizi engelleyenlere kar\u015f\u0131 m\u00fccadelemizi Bele\u015fe Deniz Hareketi ad\u0131 alt\u0131nda y\u0131llard\u0131r s\u00fcrd\u00fcr\u00fcyoruz; \u015fu an okudu\u011funuz dergimizde kaleme d\u00f6k\u00fcyoruz, web ya da tv programlar\u0131nda dillerimize pelesenk ediyoruz, belediye ba\u015fkanlar\u0131yla g\u00f6r\u00fc\u015f\u00fcyoruz, havlumuzla, karpuzumuzla eri\u015fimin engellendi\u011fi sahillere gidip eylemlerimizi ger\u00e7ekle\u015ftiriyoruz. Anayasal hak olan k\u0131y\u0131lara eri\u015fim hakk\u0131m\u0131z, gittik\u00e7e b\u00fcy\u00fcyen otel sermayesi ve son y\u0131llarda da bu sermayeye ek olarak otellere hi\u00e7bir yapt\u0131r\u0131m yap\u0131lmamas\u0131ndan g\u00fc\u00e7 alan ufak i\u015fletme sermayeleri taraf\u0131ndan da gasp edilmektedir. Sermayedar diyor ki ben buraya otelimi vs. kurdum, \u015fezlonglar\u0131m\u0131 koydum, sahili temizliyorum yani hizmet veriyorum sana -sanki hizmet vermesini biz istemi\u015fiz gibi- dolay\u0131s\u0131yla sahile girerken \u00fccret vereceksin. Bele\u015fe Deniz Hareketi de diyor ki sen tesisini kurmu\u015f olabilirsin, hizmet de veriyor olabilirsin ama halk senin hizmetlerini kullanmad\u0131\u011f\u0131 s\u00fcrece sana \u00fccret \u00f6demek zorunda de\u011fildir ve denize \u00fccretsiz bir \u015fekilde girebilir. Asl\u0131nda mevzu bu kadar basit ve su\u00e7u i\u015fleyen de ortada ama y\u0131llard\u0131r otel sermayesine te\u015fvikler ya\u011fd\u0131ran, sahil kenarlar\u0131n\u0131 pe\u015fke\u015f \u00e7eken h\u00fck\u00fcmetler ve yerel y\u00f6netimler yasan\u0131n kendilerine verdi\u011fi yapt\u0131r\u0131mlar\u0131 uygulam\u0131yor \u00e7\u00fcnk\u00fc hangi partiden olursa olsunlar sermayeden yanad\u0131rlar. G\u00fcn\u00fcn sonunda da bu sorunun \u00e7\u00f6z\u00fcm\u00fc i\u00e7in bizlerin m\u00fccadele edip bu hareketi b\u00fcy\u00fctmemiz ve hem sermayedarlara hem de h\u00fck\u00fcmet edenlere bask\u0131 kurmam\u0131z laz\u0131m.&nbsp;<\/p>\n\n\n\n<p>Diyelim ki hafta sonu i\u015fgal edilmemi\u015f bir sahile gidip -\u00e7ok kalmasa da- ya da i\u015fgal edenlere \u00fccret verip denize girmeye karar verdiniz. \u00d6ncelikle toplu ula\u015f\u0131m olmad\u0131\u011f\u0131 i\u00e7in ki\u015fisel arac\u0131n\u0131z\u0131 kullanmal\u0131s\u0131n\u0131z, art\u0131k ne kadar s\u00fcre araba s\u00fcrebilirseniz o kadar uzaktaki bir denize gidebilirsiniz. Tabii hafta sonu yapaca\u011f\u0131n\u0131z i\u015fleriniz yoksa yani bo\u015f vaktiniz varsa ya da hafta i\u00e7i i\u015f temposundan geriye takatiniz kald\u0131ysa. Ne kadar istesek de \u00e7al\u0131\u015fma ya\u015fam\u0131m\u0131z g\u00fcn\u00fcm\u00fcz\u00fcn ve haftam\u0131z\u0131n o kadar \u00e7ok vaktini ald\u0131\u011f\u0131 ve keyfine bir \u015feyler yapmaya g\u00fc\u00e7 ve zaman b\u0131rakmad\u0131\u011f\u0131 i\u00e7in denize giden yollar bile g\u00f6z\u00fcm\u00fcz\u00fc da\u011flayabilir.&nbsp;&nbsp;&nbsp;<\/p>\n\n\n\n<p><strong>Bir ba\u015fkad\u0131r benim denizim<\/strong>&nbsp;<\/p>\n\n\n\n<p>G\u00fcnl\u00fck en az sekiz saatlik \u00e7al\u0131\u015fma saatinin azald\u0131\u011f\u0131n\u0131 d\u00fc\u015f\u00fcn\u00fcn, kendimize daha fazla vakit ay\u0131rma \u015fans\u0131m\u0131z olmaz m\u0131? Toplu ula\u015f\u0131m\u0131n yeterli ve uygun fiyatta oldu\u011funu d\u00fc\u015f\u00fcn\u00fcn, b\u0131rak\u0131n hafta sonunu, hafta i\u00e7i i\u015f \u00e7\u0131k\u0131\u015f\u0131nda bile denize gitmek gelecektir i\u00e7imizden. Sahillerin i\u015fgal edilmedi\u011fini d\u00fc\u015f\u00fcn\u00fcn, her yerden denizimize ula\u015fabiliriz. Denizi sadece serinlemek i\u00e7in y\u00fczece\u011fimiz bir \u015fey olarak d\u00fc\u015f\u00fcnmeyin. Deniz kenar\u0131nda oturup i\u00e7ece\u011finiz bir kahve ya da biray\u0131 hayal edin, sizi kaosun i\u00e7inden \u00e7ekip \u00e7\u0131karacakt\u0131r. Toplu ula\u015f\u0131m\u0131 karayolu olarak d\u00fc\u015f\u00fcnmemek laz\u0131m. Mesela Girne\u2019nin bir ucuna di\u011fer ucundan vapurla gidece\u011finizi d\u00fc\u015f\u00fcn\u00fcn, hem araba s\u00fcrmek derdi yok hem de i\u00e7inizi rahatlatacak bir yolculuk ya\u015fayacaks\u0131n\u0131z. Deniz kenar\u0131nda yap\u0131lacak etkinlikler, festivaller \u015fehir tantanas\u0131ndan ka\u00e7ma yollar\u0131ndan olacakt\u0131r. Bir ada \u00fclkesinde deniz, insanlar\u0131n ya\u015fam kaynaklar\u0131ndand\u0131r. Ama bizim adam\u0131zda bu kaynaklar ya i\u015fgal edilmi\u015f ya da her g\u00fcn ya\u015fad\u0131\u011f\u0131m\u0131z s\u00f6m\u00fcr\u00fc, denizi bize hayallerde ya\u015fatt\u0131rmaktad\u0131r.&nbsp;<\/p>\n\n\n\n<p><strong>G\u00fc\u00e7l\u00fc bir nefes<\/strong>&nbsp;<\/p>\n\n\n\n<p>\u0130liklerimize kadar s\u00f6m\u00fcr\u00fcld\u00fc\u011f\u00fcm\u00fcz, haklar\u0131m\u0131z\u0131n gasp edildi\u011fi bu d\u00fczende keyifli bir an ya\u015famak i\u00e7in bile m\u00fccadele etmemiz gerekiyor. Hayat yeme\u011finin tad\u0131n\u0131 almak i\u00e7in koca bir sinek savara d\u00f6n\u00fc\u015f\u00fcp yeme\u011fimize dadanan sinekleri defetmeliyiz. Ba\u015fka bir \u00e7\u00f6z\u00fcm\u00fc ya da alternatifi yok\u2026&nbsp;<\/p>\n","protected":false},"excerpt":{"rendered":"<p>Sabah uyan\u0131yorsun, havada b\u00fcy\u00fck bir toz bulutu, \u00f6ks\u00fcrmeye t\u0131ks\u0131rmaya ba\u015fl\u0131yorsun, 40 dereceyi a\u015fk\u0131n yaz s\u0131ca\u011f\u0131 alt\u0131nda g\u00fcnl\u00fck i\u015flerini yapmak i\u00e7in evden \u00e7\u0131k\u0131yorsun. Arabay\u0131 \u00e7al\u0131\u015ft\u0131r\u0131p yola<\/p>\n","protected":false},"author":17,"featured_media":10706,"comment_status":"open","ping_status":"open","sticky":false,"template":"","format":"standard","meta":{"jetpack_post_was_ever_published":false,"_jetpack_newsletter_access":"","_jetpack_newsletter_tier_id":0,"jetpack_publicize_message":"","jetpack_is_tweetstorm":false,"jetpack_publicize_feature_enabled":true,"jetpack_social_post_already_shared":true,"jetpack_social_options":{"image_generator_settings":{"template":"highway","enabled":false}}},"categories":[67,38,42,1],"tags":[],"jetpack_publicize_connections":[],"jetpack_featured_media_url":"https:\/\/baraka.cc\/wp-content\/uploads\/2024\/10\/deniz-ve-insan.webp","jetpack_shortlink":"https:\/\/wp.me\/p4eHWX-2MF","jetpack_sharing_enabled":true,"_links":{"self":[{"href":"https:\/\/baraka.cc\/index.php?rest_route=\/wp\/v2\/posts\/10705"}],"collection":[{"href":"https:\/\/baraka.cc\/index.php?rest_route=\/wp\/v2\/posts"}],"about":[{"href":"https:\/\/baraka.cc\/index.php?rest_route=\/wp\/v2\/types\/post"}],"author":[{"embeddable":true,"href":"https:\/\/baraka.cc\/index.php?rest_route=\/wp\/v2\/users\/17"}],"replies":[{"embeddable":true,"href":"https:\/\/baraka.cc\/index.php?rest_route=%2Fwp%2Fv2%2Fcomments&post=10705"}],"version-history":[{"count":1,"href":"https:\/\/baraka.cc\/index.php?rest_route=\/wp\/v2\/posts\/10705\/revisions"}],"predecessor-version":[{"id":10707,"href":"https:\/\/baraka.cc\/index.php?rest_route=\/wp\/v2\/posts\/10705\/revisions\/10707"}],"wp:featuredmedia":[{"embeddable":true,"href":"https:\/\/baraka.cc\/index.php?rest_route=\/wp\/v2\/media\/10706"}],"wp:attachment":[{"href":"https:\/\/baraka.cc\/index.php?rest_route=%2Fwp%2Fv2%2Fmedia&parent=10705"}],"wp:term":[{"taxonomy":"category","embeddable":true,"href":"https:\/\/baraka.cc\/index.php?rest_route=%2Fwp%2Fv2%2Fcategories&post=10705"},{"taxonomy":"post_tag","embeddable":true,"href":"https:\/\/baraka.cc\/index.php?rest_route=%2Fwp%2Fv2%2Ftags&post=10705"}],"curies":[{"name":"wp","href":"https:\/\/api.w.org\/{rel}","templated":true}]}}