{"id":1087,"date":"2004-11-27T10:44:13","date_gmt":"2004-11-27T08:44:13","guid":{"rendered":"https:\/\/baraka.cc\/?p=1087"},"modified":"2014-01-03T10:44:31","modified_gmt":"2014-01-03T08:44:31","slug":"nemo","status":"publish","type":"post","link":"https:\/\/baraka.cc\/?p=1087","title":{"rendered":"Nemo"},"content":{"rendered":"<p class=\"MsoNormal\" style=\"margin: 0cm 0cm 0pt;\">\n<p class=\"MsoNormal\" style=\"margin: 0cm 0cm 0pt;\">\n<p class=\"MsoNormal\" style=\"margin: 0cm 0cm 0pt;\">\n<p class=\"MsoNormal\" style=\"margin: 0cm 0cm 0pt;\">\n<p class=\"MsoNormal\" style=\"margin: 0cm 0cm 0pt;\">\n<p class=\"MsoNormal\" style=\"margin: 0cm 0cm 0pt;\">\n<p><span style=\"font-size: 10pt; line-height: 150%; font-family: Verdana;\">Baraka K\u00fclt\u00fcr Merkezi\u2019nin \u00fccretsiz sinema g\u00f6sterimlerinde bu hafta \u00c7\u0130ZG\u0130 F\u0130LM izleniyor. 27 Kas\u0131m Cumartesi saat 19:00\u2019da Atat\u00fcrk \u0130lkokulu Salonu\u2019nda ger\u00e7ekle\u015fecek gecede \u00e7ocuklara bir de tiyatro g\u00f6sterisi sunulacak&#8230;<\/span><\/p>\n<p class=\"MsoNormal\" style=\"margin: 0cm 0cm 0pt; line-height: 150%; text-align: justify;\">\n<p><span style=\"font-size: 10pt; line-height: 150%; font-family: Verdana;\">Baraka K\u00fclt\u00fcr Merkezi\u2019nden yap\u0131lan a\u00e7\u0131klamada, Atat\u00fcrk \u0130lkokulu Y\u00f6netimi ile birlikte organize edilen gecede, y\u00f6netmenli\u011fini Andrew Stanton ve Lee Unkrich\u2019in yapt\u0131\u011f\u0131 \u201cKay\u0131p Bal\u0131k Nemo\u201d isimli Animasyon filmin izlenece\u011fi ve b\u00fcy\u00fck-k\u00fc\u00e7\u00fck herkesin davetli oldu\u011fu duyuruldu&#8230;<\/span><span style=\"font-size: 10pt; line-height: 150%; font-family: Verdana;\">Birbirlerinden ayr\u0131 d\u00fc\u015fen baba-o\u011ful iki palya\u00e7o bal\u0131\u011f\u0131n\u0131n kimi zaman keyifli, kimi zaman h\u00fcz\u00fcnl\u00fc yolculu\u011funu konu ediyor. A\u015f\u0131r\u0131 ihtiyatl\u0131 baba bal\u0131k Marlin ile merakl\u0131 o\u011flu Nemo\u2019nun ola\u011fan\u00fcst\u00fc ser\u00fcvenine dost canl\u0131s\u0131 ama unutkan su yosunu Dory de e\u015flik ediyor.<\/span><span style=\"font-size: 10pt; line-height: 150%; font-family: Verdana;\">\u00a0<\/span><\/p>\n<p class=\"MsoNormal\" style=\"margin: 0cm 0cm 0pt;\">\n<p class=\"MsoNormal\" style=\"margin: 0cm 0cm 0pt;\">\n<p class=\"MsoNormal\" style=\"margin: 0cm 0cm 0pt;\"><a href=\"https:\/\/www.baraka.cc\/images\/stories\/f30_1.jpg\" target=\"_blank\"><img decoding=\"async\" loading=\"lazy\" alt=\" \" src=\"https:\/\/www.baraka.cc\/images\/stories\/f30_1.jpg\" width=\"200\" height=\"289\" border=\"2\" \/><\/a>\u00a0<a href=\"https:\/\/www.baraka.cc\/images\/stories\/f30_2.jpg\" target=\"_blank\"><img decoding=\"async\" loading=\"lazy\" alt=\" \" src=\"https:\/\/www.baraka.cc\/images\/stories\/f30_2.jpg\" width=\"200\" height=\"130\" border=\"2\" \/><\/a> <a href=\"https:\/\/www.baraka.cc\/images\/stories\/f30_3.jpg\" target=\"_blank\"><img decoding=\"async\" loading=\"lazy\" alt=\" \" src=\"https:\/\/www.baraka.cc\/images\/stories\/f30_3.jpg\" width=\"200\" height=\"134\" border=\"2\" \/><\/a><\/p>\n","protected":false},"excerpt":{"rendered":"<p>Baraka K\u00fclt\u00fcr Merkezi\u2019nin \u00fccretsiz sinema g\u00f6sterimlerinde bu hafta \u00c7\u0130ZG\u0130 F\u0130LM izleniyor. 27 Kas\u0131m Cumartesi saat 19:00\u2019da Atat\u00fcrk \u0130lkokulu Salonu\u2019nda ger\u00e7ekle\u015fecek gecede \u00e7ocuklara bir de tiyatro<\/p>\n","protected":false},"author":1,"featured_media":0,"comment_status":"open","ping_status":"open","sticky":false,"template":"","format":"standard","meta":{"jetpack_post_was_ever_published":false,"_jetpack_newsletter_access":"","_jetpack_newsletter_tier_id":0,"jetpack_publicize_message":"","jetpack_is_tweetstorm":false,"jetpack_publicize_feature_enabled":true,"jetpack_social_post_already_shared":false,"jetpack_social_options":{"image_generator_settings":{"template":"highway","enabled":false}}},"categories":[29],"tags":[],"jetpack_publicize_connections":[],"jetpack_featured_media_url":"","jetpack_shortlink":"https:\/\/wp.me\/s4eHWX-nemo","jetpack_sharing_enabled":true,"_links":{"self":[{"href":"https:\/\/baraka.cc\/index.php?rest_route=\/wp\/v2\/posts\/1087"}],"collection":[{"href":"https:\/\/baraka.cc\/index.php?rest_route=\/wp\/v2\/posts"}],"about":[{"href":"https:\/\/baraka.cc\/index.php?rest_route=\/wp\/v2\/types\/post"}],"author":[{"embeddable":true,"href":"https:\/\/baraka.cc\/index.php?rest_route=\/wp\/v2\/users\/1"}],"replies":[{"embeddable":true,"href":"https:\/\/baraka.cc\/index.php?rest_route=%2Fwp%2Fv2%2Fcomments&post=1087"}],"version-history":[{"count":1,"href":"https:\/\/baraka.cc\/index.php?rest_route=\/wp\/v2\/posts\/1087\/revisions"}],"predecessor-version":[{"id":1088,"href":"https:\/\/baraka.cc\/index.php?rest_route=\/wp\/v2\/posts\/1087\/revisions\/1088"}],"wp:attachment":[{"href":"https:\/\/baraka.cc\/index.php?rest_route=%2Fwp%2Fv2%2Fmedia&parent=1087"}],"wp:term":[{"taxonomy":"category","embeddable":true,"href":"https:\/\/baraka.cc\/index.php?rest_route=%2Fwp%2Fv2%2Fcategories&post=1087"},{"taxonomy":"post_tag","embeddable":true,"href":"https:\/\/baraka.cc\/index.php?rest_route=%2Fwp%2Fv2%2Ftags&post=1087"}],"curies":[{"name":"wp","href":"https:\/\/api.w.org\/{rel}","templated":true}]}}