{"id":10927,"date":"2025-02-04T07:30:00","date_gmt":"2025-02-04T05:30:00","guid":{"rendered":"https:\/\/baraka.cc\/?p=10927"},"modified":"2025-02-04T19:30:47","modified_gmt":"2025-02-04T17:30:47","slug":"baraka-kultur-merkezi-yonetim-kurulu-gorev-dagilimi-yapildi","status":"publish","type":"post","link":"https:\/\/baraka.cc\/?p=10927","title":{"rendered":"Baraka K\u00fclt\u00fcr Merkezi Y\u00f6netim Kurulu G\u00f6rev Da\u011f\u0131l\u0131m\u0131 Yap\u0131ld\u0131"},"content":{"rendered":"\n<figure class=\"wp-block-image size-large\"><a href=\"https:\/\/baraka.cc\/wp-content\/uploads\/2025\/02\/Yonetim-dagilimi.jpeg-1.jpg\"><img decoding=\"async\" loading=\"lazy\" width=\"1024\" height=\"682\" src=\"https:\/\/baraka.cc\/wp-content\/uploads\/2025\/02\/Yonetim-dagilimi.jpeg-1-1024x682.jpg\" alt=\"\" class=\"wp-image-10929\" srcset=\"https:\/\/baraka.cc\/wp-content\/uploads\/2025\/02\/Yonetim-dagilimi.jpeg-1-1024x682.jpg 1024w, https:\/\/baraka.cc\/wp-content\/uploads\/2025\/02\/Yonetim-dagilimi.jpeg-1-300x200.jpg 300w, https:\/\/baraka.cc\/wp-content\/uploads\/2025\/02\/Yonetim-dagilimi.jpeg-1-768x512.jpg 768w, https:\/\/baraka.cc\/wp-content\/uploads\/2025\/02\/Yonetim-dagilimi.jpeg-1-1536x1023.jpg 1536w, https:\/\/baraka.cc\/wp-content\/uploads\/2025\/02\/Yonetim-dagilimi.jpeg-1.jpg 1600w\" sizes=\"(max-width: 1024px) 100vw, 1024px\" \/><\/a><\/figure>\n\n\n\n<p>S\u0131n\u0131fs\u0131z, s\u0131n\u0131rs\u0131z, s\u00f6m\u00fcr\u00fcs\u00fcz ve sava\u015fs\u0131z bir d\u00fcnya i\u00e7in 24 y\u0131ld\u0131r m\u00fccadele eden Baraka K\u00fclt\u00fcr Merkezi, 26 Ocak 2025 tarihinde dernek lokalinde ger\u00e7ekle\u015ftirdi\u011fi Genel Kurul&#8217;da yeni d\u00f6nemde \u00e7al\u0131\u015fmak \u00fczere Y\u00f6netim Kurulu, Denetleme Kurulu ve Disiplin Kurulu \u00fcyelerini, kat\u0131l\u0131mc\u0131lar\u0131n oy \u00e7oklu\u011fu ile belirledi.&nbsp;&nbsp;<\/p>\n\n\n\n<p>Genel kurul toplant\u0131s\u0131n\u0131n ard\u0131ndan ger\u00e7ekle\u015fen ilk Y\u00f6netim Kurulu toplant\u0131s\u0131nda, iki y\u0131l boyunca derne\u011fin faaliyetlerinin y\u00f6netilmesinde \u00f6nc\u00fcl\u00fck etmek \u00fczere se\u00e7ilmi\u015f Y\u00f6netim Kurulu \u00fcyeleri aras\u0131nda g\u00f6rev da\u011f\u0131l\u0131mlar\u0131 yap\u0131ld\u0131. Bu ba\u011flamda ger\u00e7ekle\u015fen da\u011f\u0131l\u0131m a\u015fa\u011f\u0131daki gibidir:&nbsp;<\/p>\n\n\n\n<ul>\n<li>Ba\u015fkan: Mustafa Batak&nbsp;&nbsp;<\/li>\n<\/ul>\n\n\n\n<ul>\n<li>\u00d6rg\u00fctlenme Sekreteri: Nazen \u015eansal&nbsp;&nbsp;<\/li>\n<\/ul>\n\n\n\n<ul>\n<li>\u0130dari Ve Mali Sorumlu (Sayman):&nbsp; Zekiye \u015eent\u00fcrkler&nbsp;&nbsp;<\/li>\n<\/ul>\n\n\n\n<ul>\n<li>K\u00fclt\u00fcr-Sanat Sorumlusu: \u015eifa Al\u00e7\u0131c\u0131o\u011flu&nbsp;&nbsp;<\/li>\n<\/ul>\n\n\n\n<ul>\n<li>Medya-\u0130leti\u015fim Sorumlusu: P\u0131nar Piro&nbsp;<\/li>\n<\/ul>\n\n\n\n<p>Yedek \u00dcye: Tahsin Oygar&nbsp;&nbsp;<\/p>\n\n\n\n<p>Genel kurulda kat\u0131l\u0131mc\u0131lar\u0131n oy \u00e7oklu\u011fu ile se\u00e7ilen Denetleme kurulu ve Disiplin kurulu \u00fcyeleri ise \u015fu \u015fekildedir:&nbsp;<\/p>\n\n\n\n<p>Denetleme Kurulu&nbsp;<\/p>\n\n\n\n<ul>\n<li>Ali \u015eahin&nbsp;<\/li>\n<\/ul>\n\n\n\n<ul>\n<li>\u00d6mer Tatl\u0131su&nbsp;<\/li>\n<\/ul>\n\n\n\n<ul>\n<li>Sezgin Keser&nbsp;<\/li>\n<\/ul>\n\n\n\n<p>Yedek \u00dcye: Halide Erk\u0131van\u00e7&nbsp;<\/p>\n\n\n\n<p>Disiplin Kurulu&nbsp;<\/p>\n\n\n\n<ul>\n<li>Onur B\u00fct\u00fcner&nbsp;<\/li>\n<\/ul>\n\n\n\n<ul>\n<li>\u0130lke Olgun&nbsp;<\/li>\n<\/ul>\n\n\n\n<ul>\n<li>Hasan \u00c7a\u011f\u0131n Tezba\u015far&nbsp;<\/li>\n<\/ul>\n\n\n\n<ul>\n<li>Aziz G\u00fcven&nbsp;<\/li>\n<\/ul>\n\n\n\n<ul>\n<li>Merin Olgun&nbsp;<\/li>\n<\/ul>\n\n\n\n<p>Yedek \u00dcye: Halide Ekin Tezba\u015far&nbsp;<\/p>\n\n\n\n<p>Baraka K\u00fclt\u00fcr Merkezi \u00fclkede ya\u015fanan t\u00fcm zor g\u00fcnlere ra\u011fmen ileriye gitmekten hi\u00e7 vazge\u00e7meyece\u011fini, k\u00fclt\u00fcrle ve sanatla dolu bir m\u00fccadele \u00f6rmenin en de\u011ferli hedeflerinden biri oldu\u011funu, toplumsal m\u00fccadelede her zaman emekten ve emek\u00e7iden yana olaca\u011f\u0131n\u0131 bir kez daha bildirir.&nbsp;<\/p>\n","protected":false},"excerpt":{"rendered":"<p>S\u0131n\u0131fs\u0131z, s\u0131n\u0131rs\u0131z, s\u00f6m\u00fcr\u00fcs\u00fcz ve sava\u015fs\u0131z bir d\u00fcnya i\u00e7in 24 y\u0131ld\u0131r m\u00fccadele eden Baraka K\u00fclt\u00fcr Merkezi, 26 Ocak 2025 tarihinde dernek lokalinde ger\u00e7ekle\u015ftirdi\u011fi Genel Kurul&#8217;da yeni<\/p>\n","protected":false},"author":17,"featured_media":10906,"comment_status":"open","ping_status":"open","sticky":false,"template":"","format":"standard","meta":{"jetpack_post_was_ever_published":false,"_jetpack_newsletter_access":"","_jetpack_newsletter_tier_id":0,"jetpack_publicize_message":"","jetpack_is_tweetstorm":false,"jetpack_publicize_feature_enabled":true,"jetpack_social_post_already_shared":true,"jetpack_social_options":{"image_generator_settings":{"template":"highway","enabled":false}}},"categories":[41,38,46,45,9,1],"tags":[],"jetpack_publicize_connections":[],"jetpack_featured_media_url":"https:\/\/baraka.cc\/wp-content\/uploads\/2025\/01\/DSC_1724.jpg","jetpack_shortlink":"https:\/\/wp.me\/p4eHWX-2Qf","jetpack_sharing_enabled":true,"_links":{"self":[{"href":"https:\/\/baraka.cc\/index.php?rest_route=\/wp\/v2\/posts\/10927"}],"collection":[{"href":"https:\/\/baraka.cc\/index.php?rest_route=\/wp\/v2\/posts"}],"about":[{"href":"https:\/\/baraka.cc\/index.php?rest_route=\/wp\/v2\/types\/post"}],"author":[{"embeddable":true,"href":"https:\/\/baraka.cc\/index.php?rest_route=\/wp\/v2\/users\/17"}],"replies":[{"embeddable":true,"href":"https:\/\/baraka.cc\/index.php?rest_route=%2Fwp%2Fv2%2Fcomments&post=10927"}],"version-history":[{"count":4,"href":"https:\/\/baraka.cc\/index.php?rest_route=\/wp\/v2\/posts\/10927\/revisions"}],"predecessor-version":[{"id":10934,"href":"https:\/\/baraka.cc\/index.php?rest_route=\/wp\/v2\/posts\/10927\/revisions\/10934"}],"wp:featuredmedia":[{"embeddable":true,"href":"https:\/\/baraka.cc\/index.php?rest_route=\/wp\/v2\/media\/10906"}],"wp:attachment":[{"href":"https:\/\/baraka.cc\/index.php?rest_route=%2Fwp%2Fv2%2Fmedia&parent=10927"}],"wp:term":[{"taxonomy":"category","embeddable":true,"href":"https:\/\/baraka.cc\/index.php?rest_route=%2Fwp%2Fv2%2Fcategories&post=10927"},{"taxonomy":"post_tag","embeddable":true,"href":"https:\/\/baraka.cc\/index.php?rest_route=%2Fwp%2Fv2%2Ftags&post=10927"}],"curies":[{"name":"wp","href":"https:\/\/api.w.org\/{rel}","templated":true}]}}