{"id":11083,"date":"2025-04-30T14:33:47","date_gmt":"2025-04-30T12:33:47","guid":{"rendered":"https:\/\/baraka.cc\/?p=11083"},"modified":"2025-04-30T14:33:55","modified_gmt":"2025-04-30T12:33:55","slug":"baraka-kultur-merkezi-1-mayis-mesaji-bugune-vuralim-yarini-kuralim","status":"publish","type":"post","link":"https:\/\/baraka.cc\/?p=11083","title":{"rendered":"Baraka K\u00fclt\u00fcr Merkezi 1 May\u0131s Mesaj\u0131: Bug\u00fcne Vural\u0131m Yar\u0131n\u0131 Kural\u0131m"},"content":{"rendered":"\n<p>\u0130\u015f\u00e7ilerin, emek\u00e7ilerin ve ezilen t\u00fcm kesimlerin hak ve \u00f6zg\u00fcrl\u00fcklerini bir arada co\u015fkuyla ifade etti\u011fi, sokakta isyan\u0131n\u0131 hayk\u0131rd\u0131\u011f\u0131 g\u00fcn, 1 May\u0131s\u2026<\/p>\n\n\n\n<figure class=\"wp-block-image size-full\"><a href=\"https:\/\/baraka.cc\/wp-content\/uploads\/2025\/04\/1.jpeg\"><img decoding=\"async\" loading=\"lazy\" width=\"1024\" height=\"683\" src=\"https:\/\/baraka.cc\/wp-content\/uploads\/2025\/04\/1.jpeg\" alt=\"\" class=\"wp-image-11085\" srcset=\"https:\/\/baraka.cc\/wp-content\/uploads\/2025\/04\/1.jpeg 1024w, https:\/\/baraka.cc\/wp-content\/uploads\/2025\/04\/1-300x200.jpeg 300w, https:\/\/baraka.cc\/wp-content\/uploads\/2025\/04\/1-768x512.jpeg 768w\" sizes=\"(max-width: 1024px) 100vw, 1024px\" \/><\/a><\/figure>\n\n\n\n<p>1 May\u0131s haftas\u0131na girdi\u011fimiz bu g\u00fcnlerde ada yar\u0131m\u0131z <em>zor g\u00fcnlerden ge\u00e7iyor&#8230;<\/em><\/p>\n\n\n\n<p><em>Halk\u0131n s\u0131rt\u0131nda adeta bir kambur olu\u015fturan ekonomik kriz;<\/em><\/p>\n\n\n\n<p><em>Gelmi\u015f ge\u00e7mi\u015f b\u00fct\u00fcn h\u00fck\u00fcmetler eli ile ba\u015fta e\u011fitim, sa\u011fl\u0131k, ula\u015f\u0131m olmak \u00fczere bir\u00e7ok kamusal hak ve \u00f6zg\u00fcrl\u00fc\u011f\u00fcn at\u0131l b\u0131rak\u0131lmas\u0131 ve faturan\u0131n her ko\u015fulda emek\u00e7ilere kesilmesi;<\/em><\/p>\n\n\n\n<p><em>H\u00fck\u00fcmet edenlerin a\u00e7t\u0131\u011f\u0131 yol ile \u00f6zel sekt\u00f6rde mutlak hakimiyet kuran, emek\u00e7ileri \u00f6rg\u00fcts\u00fcz, g\u00fcvencesiz bi\u00e7imde patronlar\u0131n iki duda\u011f\u0131ndan \u00e7\u0131kacak kelama mahkum eden sermaye g\u00fcd\u00fcml\u00fc yap\u0131 yetmezmi\u015f gibi; UBP-DP-YDP h\u00fck\u00fcmetince bir de \u201ct\u00fcz\u00fck\u201d kondu halk\u0131n \u00f6n\u00fcne&#8230;<\/em><\/p>\n\n\n\n<p><em>\u00dcstelik, hak, hukuk, adalet ve \u00f6zg\u00fcrl\u00fck kisvesi ile a\u011f\u0131zlar\u0131na hi\u00e7 yak\u0131\u015fmayan s\u00f6zlerle \u201csunuldu\u201d bu t\u00fcz\u00fck&#8230;<\/em><\/p>\n\n\n\n<p><em>\u00d6ncelikle, UBP-DP-YDP h\u00fck\u00fcmeti, hak aray\u0131\u015f\u0131na girecekse e\u011fer<\/em><em> <\/em><em>sendikas\u0131z, g\u00fcvencesiz, uzun ve esnek \u00e7al\u0131\u015fma saatlerine maruz kalan, buna ra\u011fmen ge\u00e7inemeyen \u00f6zel sekt\u00f6r emek\u00e7ilerinden i\u015fe ba\u015flamal\u0131d\u0131r. Ayr\u0131ca, d\u00f6viz kar\u015f\u0131s\u0131nda eriyen TL\u2019yi seyretmek yerine kamucu politikalar\u0131 \u00e7al\u0131\u015ft\u0131rmay\u0131 hedeflemelidir.<\/em><\/p>\n\n\n\n<p><em>Hukuk aray\u0131\u015f\u0131na girecekse, kuvvetler ayr\u0131l\u0131\u011f\u0131n\u0131 ortadan kald\u0131ran, TC h\u00fck\u00fcmeti taraf\u0131ndan bir l\u00fctufmu\u015f gibi sunulan, \u015fehrin g\u00f6be\u011findeki a\u011fa\u00e7l\u0131k alanlar\u0131n katledilerek in\u015fas\u0131 yap\u0131lan k\u00fclliye ve ayn\u0131 \u00e7at\u0131 alt\u0131nda yap\u0131m\u0131 ger\u00e7ekle\u015ftirilen Y\u00fcksek Mahkeme binas\u0131na hay\u0131r diyerek ger\u00e7ek bir hukuk anlay\u0131\u015f\u0131na sahip olmal\u0131d\u0131r.<\/em><\/p>\n\n\n\n<p><em>Sermayedarlara te\u015fvikler verirken k\u00fc\u00e7\u00fck esnafa vergi cezalar\u0131 ya\u011fd\u0131rarak de\u011fil ekmek kavgas\u0131 veren emek\u00e7ilerin maa\u015flar\u0131n\u0131 a\u00e7l\u0131k s\u0131n\u0131r\u0131n\u0131n alt\u0131nda belirleyen Asgari \u00dccret Komisyonunu ortadan kald\u0131rarak ve asgari \u00fccreti kamudaki en d\u00fc\u015f\u00fck maa\u015fa e\u015fitleyerek sosyal ve hukuksal a\u00e7\u0131dan adaleti<\/em><em> <\/em><em>sa\u011flamay\u0131 ba\u015farmal\u0131d\u0131r.<\/em><\/p>\n\n\n\n<p><em>UBP-DP-YDP h\u00fck\u00fcmeti, ger\u00e7ek \u00f6zg\u00fcrl\u00fc\u011f\u00fc, gericilik ve muhafazakarla\u015ft\u0131rma politikalar\u0131na dur diyerek; kad\u0131na y\u00f6nelik \u015fiddet, cinayet ve \u00e7ocuk istismar\u0131 vakalar\u0131n\u0131n \u00f6n\u00fcne yap\u0131c\u0131 \u00e7\u00f6z\u00fcmlerle ge\u00e7ip; cinsiyete, cinsel y\u00f6nelime, etnik k\u00f6kene, \u0131rka y\u00f6nelik ayr\u0131mc\u0131l\u0131\u011fa izin<\/em><em> <\/em><em>vermemelidir.<\/em><\/p>\n\n\n\n<p><em>\u00c7ok iyi biliyoruz ki, t\u00fcm bu \u00f6nermeler ve \u00e7ok daha fazlas\u0131 h\u00fck\u00fcmet edenlerin \u00f6n\u00fcne konsa da buna y\u00f6nelik hi\u00e7bir ad\u0131m at\u0131lmayacak. Zaten tarihsel olarak da son d\u00f6nemde dayat\u0131lan t\u00fcz\u00fckle de bu durum apa\u00e7\u0131k g\u00f6r\u00fcl\u00fcyor.<\/em><\/p>\n\n\n\n<p><em>K\u0131br\u0131sl\u0131 T\u00fcrk halk\u0131na yeterince T\u00fcrk de\u011filsiniz de dendi; siz \u00fcretmeyin biz size bakar\u0131z da dendi; asalak toplum yap\u0131s\u0131 da kurulmak istendi; k\u00fclt\u00fcr\u00fcne, sanat\u0131na, dans\u0131na, sporuna m\u00fcdahale de edildi, \u015fimdi de inan\u00e7 (veya inan\u00e7s\u0131zl\u0131k) \u00f6zg\u00fcrl\u00fc\u011f\u00fcne dayatma t\u00fcz\u00fck ile m\u00fcdahale ediliyor.<\/em><\/p>\n\n\n\n<p><em>On y\u0131llard\u0131r TC egemenlerinin de K\u0131br\u0131s\u2019taki i\u015fbirlik\u00e7ilerinin de anlayamad\u0131\u011f\u0131 yegane olgu K\u0131br\u0131sl\u0131 T\u00fcrk halk\u0131n\u0131n onlar\u0131n kab\u0131na s\u0131\u011fmad\u0131\u011f\u0131 ger\u00e7e\u011fidir. \u00d6zg\u00fcrl\u00fck kisvesi ile tek bir dinin tek bir mezhebini halka dayat\u0131p, k\u0131z \u00e7ocuklar\u0131n\u0131n ba\u015f\u0131n\u0131 kapatmaya \u00e7al\u0131\u015fan zihniyetlerin; ne adam\u0131zda ne de kktc denen yap\u0131n\u0131n h\u00fck\u00fcmet koltuklar\u0131nda i\u015fi var. AKP\u2013MHP eliyle T\u00fcrkiye halklar\u0131na on y\u0131llard\u0131r zulmeden T\u00fcrk-\u0130slam sentezini halk olarak \u00e7ok iyi biliyoruz. D\u00fcnyadan, ya\u015fad\u0131\u011f\u0131 co\u011frafyadan, haktan, hukuktan, \u00f6zg\u00fcrl\u00fckten, \u00e7ocuk haklar\u0131ndan bir haber olan UBP-DP-YDP h\u00fck\u00fcmetinin dar \u00e7\u0131karlar\u0131 u\u011fruna el pen\u00e7e divan halini g\u00f6r\u00fcyoruz. Kafalar\u0131n\u0131 AKP-MHP eli ile dayat\u0131lan siyasal \u0130slam k\u0131skac\u0131ndan \u00e7\u0131kart\u0131p, yak\u0131n co\u011frafyam\u0131za baksalar, g\u00f6recekleri; sek\u00fcler ya\u015fam ve laik toplum anlay\u0131\u015f\u0131n\u0131 hayata yerle\u015ftirmeyi becerebilen K\u0131br\u0131sl\u0131 T\u00fcrk halk\u0131ndan ba\u015fka bir \u015fey olmayacakt\u0131r!<\/em><\/p>\n\n\n\n<p><em>O nedenle emek\u00e7ilerin sesinin bir arada y\u00fckselmesine, \u00f6rg\u00fctl\u00fc g\u00fcc\u00fcn sokakta bir arada, s\u0131k\u0131la\u015farak hadlerini a\u015fmas\u0131na hi\u00e7 olmad\u0131\u011f\u0131 kadar ihtiya\u00e7 duyuyoruz&#8230;<\/em><\/p>\n\n\n\n<p><em>Sanat\u0131n sokakla bulu\u015fmas\u0131na; laik toplum yap\u0131m\u0131z\u0131n korunmas\u0131na; bilimin yolumuzu ayd\u0131nlatmas\u0131na giden yolda bulu\u015fmak ve kenetlenmek \u00fczere sizleri 1 May\u0131s y\u00fcr\u00fcy\u00fc\u015f\u00fcm\u00fcze \u00e7a\u011f\u0131r\u0131yoruz.<\/em><\/p>\n\n\n\n<p><em>1 May\u0131s Per\u015fembe g\u00fcn\u00fc saat 17.00\u2019da \u00c7a\u011flayan Park\u0131\u2019nda Baraka kortejinde bulu\u015fal\u0131m! \u00d6nce Ku\u011fulu Park\u2019a, daha sonra ise ara b\u00f6lgedeki etkinli\u011fe y\u00fcr\u00fcyece\u011fimiz eylemimizde bulu\u015fal\u0131m!<\/em><\/p>\n\n\n\n<p><em>\u00d6rg\u00fctl\u00fc g\u00fcc\u00fcm\u00fcz, s\u00f6z\u00fcm\u00fcz ve \u015fiar\u0131m\u0131zla bug\u00fcne vural\u0131m yar\u0131n\u0131 kural\u0131m&#8230;<\/em><\/p>\n","protected":false},"excerpt":{"rendered":"<p>\u0130\u015f\u00e7ilerin, emek\u00e7ilerin ve ezilen t\u00fcm kesimlerin hak ve \u00f6zg\u00fcrl\u00fcklerini bir arada co\u015fkuyla ifade etti\u011fi, sokakta isyan\u0131n\u0131 hayk\u0131rd\u0131\u011f\u0131 g\u00fcn, 1 May\u0131s\u2026 1 May\u0131s haftas\u0131na girdi\u011fimiz bu<\/p>\n","protected":false},"author":13,"featured_media":11084,"comment_status":"open","ping_status":"open","sticky":false,"template":"","format":"standard","meta":{"jetpack_post_was_ever_published":false,"_jetpack_newsletter_access":"","_jetpack_newsletter_tier_id":0,"jetpack_publicize_message":"","jetpack_is_tweetstorm":false,"jetpack_publicize_feature_enabled":true,"jetpack_social_post_already_shared":true,"jetpack_social_options":{"image_generator_settings":{"template":"highway","enabled":false}}},"categories":[51,41,45,9,1],"tags":[],"jetpack_publicize_connections":[],"jetpack_featured_media_url":"https:\/\/baraka.cc\/wp-content\/uploads\/2025\/04\/2.jpeg","jetpack_shortlink":"https:\/\/wp.me\/p4eHWX-2SL","jetpack_sharing_enabled":true,"_links":{"self":[{"href":"https:\/\/baraka.cc\/index.php?rest_route=\/wp\/v2\/posts\/11083"}],"collection":[{"href":"https:\/\/baraka.cc\/index.php?rest_route=\/wp\/v2\/posts"}],"about":[{"href":"https:\/\/baraka.cc\/index.php?rest_route=\/wp\/v2\/types\/post"}],"author":[{"embeddable":true,"href":"https:\/\/baraka.cc\/index.php?rest_route=\/wp\/v2\/users\/13"}],"replies":[{"embeddable":true,"href":"https:\/\/baraka.cc\/index.php?rest_route=%2Fwp%2Fv2%2Fcomments&post=11083"}],"version-history":[{"count":1,"href":"https:\/\/baraka.cc\/index.php?rest_route=\/wp\/v2\/posts\/11083\/revisions"}],"predecessor-version":[{"id":11086,"href":"https:\/\/baraka.cc\/index.php?rest_route=\/wp\/v2\/posts\/11083\/revisions\/11086"}],"wp:featuredmedia":[{"embeddable":true,"href":"https:\/\/baraka.cc\/index.php?rest_route=\/wp\/v2\/media\/11084"}],"wp:attachment":[{"href":"https:\/\/baraka.cc\/index.php?rest_route=%2Fwp%2Fv2%2Fmedia&parent=11083"}],"wp:term":[{"taxonomy":"category","embeddable":true,"href":"https:\/\/baraka.cc\/index.php?rest_route=%2Fwp%2Fv2%2Fcategories&post=11083"},{"taxonomy":"post_tag","embeddable":true,"href":"https:\/\/baraka.cc\/index.php?rest_route=%2Fwp%2Fv2%2Ftags&post=11083"}],"curies":[{"name":"wp","href":"https:\/\/api.w.org\/{rel}","templated":true}]}}