{"id":11088,"date":"2025-05-11T08:30:00","date_gmt":"2025-05-11T06:30:00","guid":{"rendered":"https:\/\/baraka.cc\/?p=11088"},"modified":"2025-05-10T13:04:49","modified_gmt":"2025-05-10T11:04:49","slug":"ozgurlugu-ortmek-ahmed-hikmet","status":"publish","type":"post","link":"https:\/\/baraka.cc\/?p=11088","title":{"rendered":"\u00d6zg\u00fcrl\u00fc\u011f\u00fc \u00d6rtmek &#8211; Ahmed Hikmet"},"content":{"rendered":"\n<figure class=\"wp-block-image size-large\"><a href=\"https:\/\/baraka.cc\/wp-content\/uploads\/2025\/05\/image.png\"><img decoding=\"async\" loading=\"lazy\" width=\"1024\" height=\"732\" src=\"https:\/\/baraka.cc\/wp-content\/uploads\/2025\/05\/image-1024x732.png\" alt=\"\" class=\"wp-image-11090\" srcset=\"https:\/\/baraka.cc\/wp-content\/uploads\/2025\/05\/image-1024x732.png 1024w, https:\/\/baraka.cc\/wp-content\/uploads\/2025\/05\/image-300x215.png 300w, https:\/\/baraka.cc\/wp-content\/uploads\/2025\/05\/image-768x549.png 768w, https:\/\/baraka.cc\/wp-content\/uploads\/2025\/05\/image-1170x837.png 1170w, https:\/\/baraka.cc\/wp-content\/uploads\/2025\/05\/image.png 1440w\" sizes=\"(max-width: 1024px) 100vw, 1024px\" \/><\/a><\/figure>\n\n\n\n<p>\u00dclke g\u00fcndeminin hareketli olmad\u0131\u011f\u0131, \u00fclkeyi y\u00f6netenlerin i\u015fbirlik\u00e7isi olduklar\u0131 Ankara h\u00fck\u00fcmeti ve adam\u0131z\u0131n sermayesinin \u00e7\u0131karlar\u0131na y\u00f6nelik karar almad\u0131\u011f\u0131 ve g\u00fcndelik sorunlar\u0131m\u0131z\u0131n \u00e7\u00f6z\u00fclmek yerine daha da \u00e7\u00f6z\u00fclemeyecek hale getirilmedi\u011fi bir d\u00f6nemi uzun y\u0131llard\u0131r ya\u015fayam\u0131yoruz.<\/p>\n\n\n\n<p>Aklanan kara paralar, gece kul\u00fcplerinde i\u015flenen cinayetler, trafik kazalar\u0131, yurtd\u0131\u015f\u0131ndan getirilen tetik\u00e7iler, i\u015f\u00e7i cinayetleri ve daha nice sorunlar \u00fclke g\u00fcndeminde, ya ayn\u0131 d\u00f6nemlerde ya da farkl\u0131 d\u00f6nemlerde ayr\u0131 ayr\u0131 yer ediniyorlar. Dolay\u0131s\u0131yla da dergimizde halk\u0131n sorunlar\u0131n\u0131 dile getirdi\u011fimiz g\u00fcndem yaz\u0131lar\u0131 i\u00e7in de konu bulmakta pek zorland\u0131\u011f\u0131m\u0131z\u0131 s\u00f6yleyemeyiz.<\/p>\n\n\n\n<p>G\u00fcndem yaz\u0131lar\u0131 i\u00e7in konu bulmakta zorlanaca\u011f\u0131m\u0131z g\u00fcnlerin olmas\u0131 \u00fcmidiyle son haftalarda halk\u0131n b\u00fcy\u00fck tepkisini alan, UBP-DP-YDP h\u00fck\u00fcmetinin ortaokullarda dini istismar\u0131n \u00f6n\u00fcn\u00fc a\u00e7an karar\u0131na ve yaratt\u0131\u011f\u0131 etkilere bakal\u0131m.<\/p>\n\n\n\n<p>E\u011fitim Bakanl\u0131\u011f\u0131 ve Bakanlar Kurulu sessiz sedas\u0131z bir \u015fekilde, Mart ay\u0131 ortalar\u0131nda Disiplin T\u00fcz\u00fc\u011f\u00fc\u2019nde yapt\u0131\u011f\u0131 de\u011fi\u015fiklikle (\u00d6\u011frencilerin dini inan\u00e7lar\u0131ndan dolay\u0131 ba\u015flar\u0131n\u0131 \u00f6rtmek istemeleri halinde, yaln\u0131zca bone \u00fczerine bandana yerle\u015ftirerek ba\u015flar\u0131n\u0131 \u00f6rtebilirler. Bone ve bandana \u00fczerinde herhangi bir \u015fekil, desen, yaz\u0131, sembol ve i\u015faret bulunamaz. Bone ve bandana okul \u00fcniformas\u0131 ile uyumlu renkte, d\u00fcz ve sade olmal\u0131d\u0131r.) on sekiz ya\u015f alt\u0131ndaki k\u0131z \u00e7ocuklar\u0131n\u0131n okullara t\u00fcrbanla gidebilmesinin \u00f6n\u00fcn\u00fc a\u00e7t\u0131.<\/p>\n\n\n\n<p>Bakan \u00c7avu\u015fo\u011flu T\u00fcrkiye medyas\u0131na, ald\u0131klar\u0131 bu karar\u0131 \u201cOrtaokullardaki t\u00fcrban yasa\u011f\u0131n\u0131 a\u015fm\u0131\u015f olduk\u201d \u015feklinde \u00f6v\u00fcnerek aktar\u0131rken, adam\u0131zdaki muhalif yap\u0131lardan ald\u0131\u011f\u0131 tepkilere ise pek kar\u015f\u0131l\u0131k veremedi.<\/p>\n\n\n\n<p>Biz karar\u0131n, \u00c7avu\u015fo\u011flu ve bakanlar kurulu taraf\u0131ndan al\u0131nsa da emrin Ankara h\u00fck\u00fcmetinden geldi\u011finin fark\u0131nday\u0131z. Ankara h\u00fck\u00fcmetinin K\u0131br\u0131sl\u0131 T\u00fcrk halk\u0131n\u0131n ya\u015fant\u0131s\u0131na kar\u0131\u015fmak i\u00e7in y\u0131llard\u0131r farkl\u0131 \u015fekillerde i\u015fbirlik\u00e7i h\u00fck\u00fcmetler arac\u0131l\u0131\u011f\u0131yla bask\u0131lar yaratt\u0131\u011f\u0131n\u0131n da pek tabii bilincindeyiz ve bu bask\u0131lara kar\u015f\u0131 da y\u0131lmadan m\u00fccadele etmekteyiz.<\/p>\n\n\n\n<p><strong>Nedir bu ba\u015f\u00f6rt\u00fcs\u00fcndeki ama\u00e7?<\/strong><\/p>\n\n\n\n<p>T\u00fcz\u00fckte yap\u0131lan de\u011fi\u015fiklikte her ne kadar dini inan\u00e7lar\u0131ndan dolay\u0131 denilip b\u00fct\u00fcn dinler kastediliyor san\u0131lsa da konuya mahsus olan din, sadece \u0130slamiyet\u2019tir ve \u0130slamiyet \u00f6zelinde de s\u00fcnni mezhebidir. Yani \u0130slamiyet d\u0131\u015f\u0131ndaki herhangi bir dine inanc\u0131 olan bir \u00f6\u011frenci, inanc\u0131na g\u00f6re ba\u015f\u0131n\u0131 \u00f6rterek okula gitmek istese, emin olun ki ilk kar\u015f\u0131 \u00e7\u0131kacak olan bu t\u00fcz\u00fck de\u011fi\u015fikli\u011fi karar\u0131n\u0131 alan ve ald\u0131ranlard\u0131r.<\/p>\n\n\n\n<p>Buradaki ama\u00e7 y\u0131llard\u0131r akp h\u00fck\u00fcmeti taraf\u0131ndan T\u00fcrkiye\u2019de yap\u0131lmaya \u00e7al\u0131\u015f\u0131lan\u0131n ayn\u0131s\u0131 yani toplumu \u0130slamla\u015ft\u0131rmad\u0131r; gerici zihniyetlerin \u00e7ocuklar\u0131m\u0131z\u0131 kendi yobazl\u0131klar\u0131 \u00e7er\u00e7evesinde yeti\u015ftirmeye \u00e7al\u0131\u015fmas\u0131d\u0131r; d\u00fc\u015f\u00fcnmeye, ara\u015ft\u0131rmaya, bilime ve sorgulamaya y\u00f6neltilmesi gereken \u00e7ocuklar\u0131 d\u00fc\u015f\u00fcnmeyen, sorgulamayan, biat eden bireyler yapma \u00e7abas\u0131d\u0131r; soyut d\u00fc\u015f\u00fcnme yetisi hen\u00fcz geli\u015fmemi\u015f olan \u00e7ocuklar\u0131 soyut kavramlara inand\u0131rmaya ve hayatlar\u0131n\u0131 bu kavramlar \u00fczerinden \u015fekillendirmeye zorlamakt\u0131r.<\/p>\n\n\n\n<p><strong>Ba\u015f\u00f6rt\u00fcs\u00fcn\u00fcn savunucular\u0131<\/strong><\/p>\n\n\n\n<p>Toplumumuza bu bask\u0131c\u0131 politikalar\u0131 uygulamaya \u00e7al\u0131\u015fan siyasal islamc\u0131lar kendilerini ma\u011fdur g\u00f6sterip insanlar\u0131n dini duygular\u0131 ve inan\u00e7lar\u0131 \u00fczerinden ideolojilerini yaymaya \u00e7al\u0131\u015fmaktad\u0131rlar.<\/p>\n\n\n\n<p>Disiplin T\u00fcz\u00fc\u011f\u00fc mevzusu \u00f6zelinde, muhalif yap\u0131lar\u0131n kar\u015f\u0131 \u00e7\u0131kmas\u0131 \u00fczerine sanki kendi dinlerine sald\u0131r\u0131l\u0131yormu\u015f\u00e7as\u0131na ve adam\u0131zda kendi inan\u00e7lar\u0131n\u0131 ya\u015fayam\u0131yormu\u015f\u00e7as\u0131na savunmaya ge\u00e7en bu yobazlar, ba\u015f\u00f6rt\u00fcs\u00fcyle att\u0131klar\u0131 ad\u0131m\u0131 b\u00fcy\u00fcterek T\u00fcrkiye\u2019de ve Ortado\u011fu\u2019da tan\u0131k oldu\u011fumuz islamc\u0131 zihniyeti bizlere dayatmaya \u00e7al\u0131\u015fmaktad\u0131rlar.<\/p>\n\n\n\n<p>Bug\u00fcn ba\u015f\u00f6rt\u00fcs\u00fcn\u00fc okullarda serbestle\u015ftiren zihniyet ba\u015f\u00f6rt\u00fcs\u00fcn\u00fc takt\u0131rd\u0131\u011f\u0131 \u00e7ocu\u011fun hangi i\u015fi yapaca\u011f\u0131n\u0131, kiminle e\u015f-dost-sevgili olaca\u011f\u0131n\u0131, nereye gidip-gidemeyece\u011fini k\u0131sacas\u0131 nas\u0131l ya\u015fayaca\u011f\u0131n\u0131 da belirlemeye \u00e7al\u0131\u015facakt\u0131r.<\/p>\n\n\n\n<p>Gece soka\u011fa \u00e7\u0131kan kad\u0131na \u201co saatte orada ne i\u015fin vard\u0131\u201d diyebilecek, kad\u0131na y\u00f6nelik tecav\u00fcz\u00fc, tacizi ve \u015fiddeti toplumda me\u015frula\u015ft\u0131rmaya \u00e7al\u0131\u015facakt\u0131r. Bunlar hayal \u00fcr\u00fcn\u00fc ya da kurgu de\u011fildir, en yak\u0131n co\u011frafyam\u0131zda ya\u015fanan durumlard\u0131r.<\/p>\n\n\n\n<p>Siyasal islamc\u0131lar\u0131n niyeti s\u00fcnni mezhebine mensup bireylerin inan\u00e7lar\u0131n\u0131 ya\u015famalar\u0131n\u0131 sa\u011flamak de\u011fil dini inan\u00e7lar \u00fczerinden toplumu bask\u0131larla, zorbal\u0131kla \u015fekillendirmektir. \u00c7\u00fcnk\u00fc zaten adam\u0131zda s\u00fcnni mezhebine mensup bireyler dini inan\u00e7lar\u0131n\u0131 \u00f6zg\u00fcrce ya\u015fayabiliyorlar.<\/p>\n\n\n\n<p>Gelelim ba\u015f\u00f6rt\u00fcs\u00fcn\u00fcn di\u011fer savunucular\u0131na; \u201c\u00f6zg\u00fcrl\u00fc\u011f\u00fcm\u00fcze el uzat\u0131yorlar\u201d diyen herkesin yan\u0131nda biten \u201c\u00f6zg\u00fcrl\u00fck savunucusu sazanlara\u201d yani liberallere.<\/p>\n\n\n\n<p>Sazan diyorum \u00e7\u00fcnk\u00fc herhangi bir konuda, konunun topluma ve bireylere nas\u0131l bir etkisi olabilece\u011fini d\u00fc\u015f\u00fcnmeden, ma\u011fdur rol\u00fc yapanlar\u0131n savunuculu\u011funu yap\u0131yor bu arkada\u015flar.<\/p>\n\n\n\n<p>Ekonomik ve sosyal a\u00e7\u0131dan anne-babaya ba\u011fl\u0131 olan \u00e7ocuklar\u0131n \u00f6zg\u00fcrce d\u00fc\u015f\u00fcn\u00fcp, islamiyetin s\u00fcnni mezhebini \u00f6zg\u00fcrce kabullenip, bu inanca g\u00f6re de \u00f6zg\u00fcrce ba\u015f\u00f6rt\u00fcs\u00fcn\u00fc takmay\u0131 se\u00e7ece\u011fine inanan liberaller yar\u0131n sokak ortas\u0131nda tuvaletini yapma \u00f6zg\u00fcrl\u00fc\u011f\u00fcn\u00fc g\u00f6steren bir ki\u015finin yan\u0131nda bu \u201c\u00f6zg\u00fcrl\u00fc\u011f\u00fc\u201d de savunabilirler.<\/p>\n\n\n\n<p>Bu zihniyet, \u00f6zg\u00fcrl\u00fck ba\u015fl\u0131\u011f\u0131 alt\u0131nda y\u0131llard\u0131r T\u00fcrkiye\u2019de siyasal islamc\u0131lara ge\u00e7it vermi\u015f, yobazlar\u0131n, tarikat\u00e7\u0131lar\u0131n, cemaat\u00e7ilerin toplumun ve devlet kurumlar\u0131n\u0131n her zerresine yerle\u015fmelerine sebep olmu\u015ftur.<\/p>\n\n\n\n<p>Bu sebeptendir ki bu \u201c\u00f6zg\u00fcrl\u00fck\u201d anlay\u0131\u015f\u0131ndan uzak durmal\u0131 ger\u00e7ek \u00f6zg\u00fcrl\u00fc\u011f\u00fcn toplumsal \u00e7\u0131karlar\u0131n g\u00f6zetildi\u011fi, bir ki\u015finin ya da z\u00fcmrenin \u00f6zg\u00fcrl\u00fc\u011f\u00fcne toplumun yap\u0131s\u0131na zarar verece\u011fi noktada dur denilmesi gerekti\u011fi bilinmelidir.<\/p>\n\n\n\n<p><strong>T\u00fcz\u00fck de\u011fi\u015fikli\u011fi sonras\u0131<\/strong><\/p>\n\n\n\n<p>Disiplin T\u00fcz\u00fc\u011f\u00fc\u2019ndeki de\u011fi\u015fiklikten sonra \u0130rsen K\u00fc\u00e7\u00fck Ortaokulu\u2019na ba\u015f\u00f6rt\u00fcs\u00fcyle girmek isteyen \u00e7ocu\u011fun yan\u0131na annesinin ve daha sonra da akp te\u015fkilat ba\u015fkan\u0131n\u0131n gelmesi; \u00e7ocuklar\u0131n kendi \u00f6zg\u00fcr iradeleriyle de\u011fil b\u00fcy\u00fcklerinin dayatmalar\u0131yla ba\u015flar\u0131n\u0131 kapatt\u0131klar\u0131 ve siyasal islamc\u0131lar\u0131n da bu durumu, \u00e7\u0131karlar\u0131 do\u011frultusunda kullanmaya \u00e7al\u0131\u015ft\u0131\u011f\u0131n\u0131n kan\u0131t\u0131d\u0131r.<\/p>\n\n\n\n<p>Bu ortaokuldaki \u00f6\u011fretmenlerin boykotlar\u0131 ve ard\u0131ndan sendikalar\u0131n el\u00e7ilik \u00f6n\u00fcnde ve daha sonra da E\u011fitim Bakanl\u0131\u011f\u0131 \u00f6n\u00fcnde d\u00fczenledikleri eylemler K\u0131br\u0131sl\u0131 T\u00fcrk halk\u0131 taraf\u0131ndan b\u00fcy\u00fck destek g\u00f6r\u00fcrken, karar\u0131 alan h\u00fck\u00fcmet bu tepkiler kar\u015f\u0131s\u0131nda geri ad\u0131m atmak zorunda kald\u0131 ve t\u00fcz\u00fck de\u011fi\u015fikli\u011fini iptal etti.<\/p>\n\n\n\n<p>Bu s\u00fcre\u00e7 bize yine g\u00f6sterdi ki K\u0131br\u0131sl\u0131 T\u00fcrk halk\u0131 ya\u015fant\u0131s\u0131na, \u00f6zg\u00fcrl\u00fc\u011f\u00fcne, ba\u011f\u0131ms\u0131zl\u0131\u011f\u0131na dokunanlara kar\u015f\u0131 biat etmeyen, m\u00fccadele eden ve etmeye de devam edecek olan bir halkt\u0131r.<\/p>\n","protected":false},"excerpt":{"rendered":"<p>\u00dclke g\u00fcndeminin hareketli olmad\u0131\u011f\u0131, \u00fclkeyi y\u00f6netenlerin i\u015fbirlik\u00e7isi olduklar\u0131 Ankara h\u00fck\u00fcmeti ve adam\u0131z\u0131n sermayesinin \u00e7\u0131karlar\u0131na y\u00f6nelik karar almad\u0131\u011f\u0131 ve g\u00fcndelik sorunlar\u0131m\u0131z\u0131n \u00e7\u00f6z\u00fclmek yerine daha da \u00e7\u00f6z\u00fclemeyecek<\/p>\n","protected":false},"author":17,"featured_media":11090,"comment_status":"open","ping_status":"open","sticky":false,"template":"","format":"standard","meta":{"jetpack_post_was_ever_published":false,"_jetpack_newsletter_access":"","_jetpack_newsletter_tier_id":0,"jetpack_publicize_message":"","jetpack_is_tweetstorm":false,"jetpack_publicize_feature_enabled":true,"jetpack_social_post_already_shared":true,"jetpack_social_options":{"image_generator_settings":{"template":"highway","enabled":false}}},"categories":[40,67,38,42,1,39],"tags":[],"jetpack_publicize_connections":[],"jetpack_featured_media_url":"https:\/\/baraka.cc\/wp-content\/uploads\/2025\/05\/image.png","jetpack_shortlink":"https:\/\/wp.me\/p4eHWX-2SQ","jetpack_sharing_enabled":true,"_links":{"self":[{"href":"https:\/\/baraka.cc\/index.php?rest_route=\/wp\/v2\/posts\/11088"}],"collection":[{"href":"https:\/\/baraka.cc\/index.php?rest_route=\/wp\/v2\/posts"}],"about":[{"href":"https:\/\/baraka.cc\/index.php?rest_route=\/wp\/v2\/types\/post"}],"author":[{"embeddable":true,"href":"https:\/\/baraka.cc\/index.php?rest_route=\/wp\/v2\/users\/17"}],"replies":[{"embeddable":true,"href":"https:\/\/baraka.cc\/index.php?rest_route=%2Fwp%2Fv2%2Fcomments&post=11088"}],"version-history":[{"count":1,"href":"https:\/\/baraka.cc\/index.php?rest_route=\/wp\/v2\/posts\/11088\/revisions"}],"predecessor-version":[{"id":11091,"href":"https:\/\/baraka.cc\/index.php?rest_route=\/wp\/v2\/posts\/11088\/revisions\/11091"}],"wp:featuredmedia":[{"embeddable":true,"href":"https:\/\/baraka.cc\/index.php?rest_route=\/wp\/v2\/media\/11090"}],"wp:attachment":[{"href":"https:\/\/baraka.cc\/index.php?rest_route=%2Fwp%2Fv2%2Fmedia&parent=11088"}],"wp:term":[{"taxonomy":"category","embeddable":true,"href":"https:\/\/baraka.cc\/index.php?rest_route=%2Fwp%2Fv2%2Fcategories&post=11088"},{"taxonomy":"post_tag","embeddable":true,"href":"https:\/\/baraka.cc\/index.php?rest_route=%2Fwp%2Fv2%2Ftags&post=11088"}],"curies":[{"name":"wp","href":"https:\/\/api.w.org\/{rel}","templated":true}]}}