{"id":11116,"date":"2025-05-28T08:30:00","date_gmt":"2025-05-28T06:30:00","guid":{"rendered":"https:\/\/baraka.cc\/?p=11116"},"modified":"2025-05-10T13:56:20","modified_gmt":"2025-05-10T11:56:20","slug":"emegin-kavgasina-adanmis-bir-omur-mehmet-seyis-ali-sahin","status":"publish","type":"post","link":"https:\/\/baraka.cc\/?p=11116","title":{"rendered":"Eme\u011fin Kavgas\u0131na Adanm\u0131\u015f Bir \u00d6m\u00fcr: Mehmet Seyis &#8211; Ali \u015eahin"},"content":{"rendered":"\n<figure class=\"wp-block-image size-large\"><a href=\"https:\/\/baraka.cc\/wp-content\/uploads\/2025\/05\/image-7.png\"><img decoding=\"async\" loading=\"lazy\" width=\"1024\" height=\"576\" src=\"https:\/\/baraka.cc\/wp-content\/uploads\/2025\/05\/image-7-1024x576.png\" alt=\"\" class=\"wp-image-11117\" srcset=\"https:\/\/baraka.cc\/wp-content\/uploads\/2025\/05\/image-7-1024x576.png 1024w, https:\/\/baraka.cc\/wp-content\/uploads\/2025\/05\/image-7-300x169.png 300w, https:\/\/baraka.cc\/wp-content\/uploads\/2025\/05\/image-7-768x432.png 768w, https:\/\/baraka.cc\/wp-content\/uploads\/2025\/05\/image-7-1170x658.png 1170w, https:\/\/baraka.cc\/wp-content\/uploads\/2025\/05\/image-7.png 1280w\" sizes=\"(max-width: 1024px) 100vw, 1024px\" \/><\/a><\/figure>\n\n\n\n<p>Mehmet Seyis ile hayat\u0131n\u0131 konu\u015faca\u011f\u0131m\u0131z bir s\u00f6zl\u00fc tarih \u00e7al\u0131\u015fmas\u0131 i\u00e7in anla\u015ft\u0131ktan k\u0131sa bir s\u00fcre sonra y\u00fcz y\u00fcze bulu\u015fma tarihini de kararla\u015ft\u0131rd\u0131k. Anla\u015ft\u0131k desem de, bu i\u015fe giri\u015fmenin \u00e7ok kolay oldu\u011funu sanmay\u0131n. \u00c7\u00fcnk\u00fc Mehmet abi, kendini de\u011ferli k\u0131lan \u00f6zelliklerinden biri olarak da hayat\u0131n\u0131 konu\u015fmaya m\u00fctevazili\u011fi gere\u011fi pek de g\u00f6n\u00fcll\u00fc de\u011fildi. O, kendinden ziyade ba\u015fkanl\u0131k da dahil \u00e7e\u015fitli kademelerinde y\u0131llarca g\u00f6revler \u00fcstlendi\u011fi Devrimci \u0130\u015f\u00e7i Sendikalar\u0131 Federasyonu\u2019nun (Dev-\u0130\u015f) kapsaml\u0131 bir tarihinin yaz\u0131lmas\u0131ndan yanayd\u0131. Fakat b\u00f6yle bir \u00e7al\u0131\u015fma hem benim boyumu a\u015fard\u0131 hem de esas niyetim onun m\u00fccadele dolu hayat\u0131 \u00fczerinden Dev-\u0130\u015f\u2019in ge\u00e7mi\u015fine de\u011finmekti. \u00c7\u00fcnk\u00fc Mehmet Seyis, sol hareketin s\u0131n\u0131f ve bar\u0131\u015f m\u00fccadelesi ba\u015fta olmak \u00fczere temel de\u011ferleri i\u00e7in sembol bir isimdi.<\/p>\n\n\n\n<p>Epey bir ayak diretse de sonunda biyografik bir s\u00f6zl\u00fc tarih \u00e7al\u0131\u015fmas\u0131 i\u00e7in kendini konu\u015fmay\u0131 kabul etti. Ancak Mehmet abi a\u011f\u0131r hastayd\u0131 ve kendisiyle her an bulu\u015fmak m\u00fcmk\u00fcn de\u011fildi. Bu y\u00fczden anla\u015fmam\u0131z\u0131n ard\u0131ndan kendimi bildim bileli ya\u015fad\u0131klar\u0131 Ma\u011fusa Bafl\u0131lar mahallesindeki evine sadece bir kere gidebildim. Sadece \u00e7ocukluk ve bir miktar da gen\u00e7lik y\u0131llar\u0131n\u0131 konu\u015fabildi\u011fimiz bu g\u00f6r\u00fc\u015fmenin hemen ard\u0131ndan da pandemi s\u00fcreci ba\u015flad\u0131 ve g\u00f6r\u00fc\u015fme imk\u00e2n\u0131m\u0131z daha da zora girdi. Kitap i\u00e7in yapabildi\u011fimiz tek g\u00f6r\u00fc\u015fmenin ard\u0131ndan bir araya gelmemiz sadece ziyaret ama\u00e7l\u0131 olarak gitti\u011fim Lefko\u015fa Hastanesi\u2019nde olabildi ve birka\u00e7 kere de telefon \u00fczerinden konu\u015fabildik. 18 A\u011fustos 2023\u2019ten ya\u015fam\u0131n\u0131 yitirece\u011fi tarihe kadar da bir daha bulu\u015famad\u0131k ve dolay\u0131s\u0131yla onun hayat\u0131n\u0131 konu\u015faca\u011f\u0131m\u0131z \u00e7al\u0131\u015fma maalesef m\u00fcmk\u00fcn olamad\u0131. Bu sebeple okudu\u011funuz bu k\u0131sac\u0131k yaz\u0131 da onu anlatmaya yetmeyecek \u00e7ok s\u0131n\u0131rl\u0131 bilgim \u00fczerinden kaleme al\u0131n\u0131yor.<\/p>\n\n\n\n<p>1958 y\u0131l\u0131nda Ma\u011fusa\u2019da do\u011fan Mehmet Seyis, bilinen ve 1970 y\u0131llarda Sanayi Holding\u2019te ba\u015flayan i\u015f\u00e7ilik ya\u015fam\u0131na esas olarak \u00e7ocukluk y\u0131llar\u0131ndan itibaren dahil oldu. K\u00fc\u00e7\u00fck ya\u015flarda babas\u0131n\u0131n Ma\u011fusa kale i\u00e7indeki kahvehanesinde \u00e7\u0131rakl\u0131k yapmaya ba\u015flad\u0131. Kale i\u00e7inin K\u0131br\u0131sl\u0131 Elenlerin giri\u015fine kapat\u0131lm\u0131\u015f oldu\u011fu o y\u0131llarda, kahvenin m\u00fcdavimleri sabah u\u011frayan K\u0131br\u0131sl\u0131 T\u00fcrk i\u015f\u00e7ilerdi. Mara\u015f\u2019ta \u00e7al\u0131\u015fan in\u015faat i\u015f\u00e7ileri ve limanda \u00e7al\u0131\u015fan i\u015f\u00e7iler Mehmet Seyis\u2019in babas\u0131na ait kahvede bulu\u015farak i\u015fe giderken \u00e7al\u0131\u015fma ya\u015fam\u0131na dair g\u00fcndemlerini de, yarat\u0131lan bask\u0131 ortam\u0131n\u0131 da konu\u015fabildikleri kadar o kahvede de konu\u015furlard\u0131. Bu i\u015f\u00e7iler aras\u0131nda toplumlar aras\u0131 \u00e7at\u0131\u015fmalar ba\u015flamadan \u00f6nce PEO\u2019da \u00f6rg\u00fctlenen ve hatta hapse at\u0131lm\u0131\u015f insanlar dahi vard\u0131r. Mehmet Seyis, i\u015f\u00e7i s\u0131n\u0131f\u0131n\u0131n ko\u015fullar\u0131n\u0131 ve buna ba\u011fl\u0131 olarak ya\u015fad\u0131klar\u0131 sorunlar\u0131 o ya\u015flardan duymaya ve tan\u0131maya ba\u015flad\u0131.<\/p>\n\n\n\n<p>1972 y\u0131l\u0131ndan itibaren Londra\u2019dan d\u00f6nen abisi kahveyi devral\u0131rken, kahve de hem gen\u00e7lerin bulu\u015ftu\u011fu hem de sol fikirlerin yay\u0131ld\u0131\u011f\u0131 bir mek\u00e2na d\u00f6n\u00fc\u015ft\u00fc. Bu d\u00f6n\u00fc\u015f\u00fcm de Mehmet Seyis\u2019in sempati d\u00fczeyinde olan sola y\u00f6neli\u015fini daha da artt\u0131rd\u0131. G\u00fcndelik\u00e7i olarak liman i\u015f\u00e7ili\u011fi yapsa da fabrikalardaki i\u015f\u00e7i ya\u015fam\u0131 1974 sonras\u0131nda K\u0130T olarak kurulan Sanayi Holding\u2019te ba\u015flad\u0131. \u0130\u015fe ba\u015flad\u0131\u011f\u0131 g\u00fcn DEV-\u0130\u015e \u00fcyesi olarak sendikal \u00f6rg\u00fctl\u00fcl\u00fc\u011fe de dahil oldu ve ya\u015fam\u0131n\u0131 yitirdi\u011fi g\u00fcne kadar emekli b\u00fcrosunda bu \u00f6rg\u00fctl\u00fcl\u00fc\u011f\u00fcn\u00fc s\u00fcrd\u00fcrd\u00fc.<\/p>\n\n\n\n<p>Bildi\u011fim kadar\u0131yla Sanayi Holding\u2019e ba\u011fl\u0131 s\u00fcnger ve boya gibi \u00fcretimlerin yap\u0131ld\u0131\u011f\u0131 fabrikalarda \u00e7al\u0131\u015fan Mehmet Seyis, k\u0131sa s\u00fcrede i\u015f yeri temsilcisi g\u00f6revlerini \u00fcstlendi ve 20\u2019li ya\u015flarda sendika y\u00f6netimine girdi. K\u0131br\u0131sl\u0131 T\u00fcrkleri \u00fcretimden koparmak amac\u0131yla Sanayi Holding\u2019in tasfiyesine giri\u015fildi\u011fi 80\u2019li y\u0131llar ortas\u0131nda i\u015ften at\u0131lan Seyis kamyon \u015fof\u00f6rl\u00fc\u011f\u00fcne ba\u015flad\u0131. Bu d\u00f6nemde Devrimci Genel-\u0130\u015f y\u00f6netiminde yer al\u0131rken bir m\u00fcddet sonra Federasyon y\u00f6netimine de girdi. DEV-\u0130\u015e y\u00f6netimine dahil olmas\u0131n\u0131n \u00fczerinden k\u0131sa bir s\u00fcre ge\u00e7tikten sonra ise sendika profesyoneli olarak \u00e7al\u0131\u015fmaya ba\u015flad\u0131. \u00dcretim yapan i\u015fyerlerinin yok edildi\u011fi uzunca bir s\u00fcre\u00e7 i\u00e7erisinde, sendikal m\u00fccadele, \u00e7e\u015fitli direni\u015flerle s\u00fcrece kar\u015f\u0131 \u00e7\u0131k\u0131lsa da bir daralma ya\u015fad\u0131. Bu k\u00f6t\u00fc d\u00f6nemden nasibini alanlar aras\u0131nda en b\u00fcy\u00fck paylardan biri DEV-\u0130\u015e\u2019e d\u00fc\u015ft\u00fc desek san\u0131r\u0131m yan\u0131lmay\u0131z.<\/p>\n\n\n\n<p>Fakat Mehmet Seyis\u2019in \u201csolun\u201d ba\u015f\u0131n\u0131 \u00e7ekenlerin dahi kafas\u0131n\u0131 allak bullak eden bir toz duman i\u00e7inde eme\u011fin saf\u0131nda kalan az insandan biri oldu\u011funun alt\u0131n\u0131 \u00e7izmeliyiz. DEV-\u0130\u015e\u2019in CTP ile olan yak\u0131n ili\u015fkisi d\u00fc\u015f\u00fcn\u00fcld\u00fc\u011f\u00fcnde sendika y\u00f6netiminde yer ald\u0131\u011f\u0131 bu uzun s\u00fcrecin her zaman CTP paralelinde gitti\u011fi d\u00fc\u015f\u00fcn\u00fclebilir fakat Mehmet Seyis\u2019in bu s\u00fcre\u00e7leri b\u00f6yle ya\u015fad\u0131\u011f\u0131 iddia edilemez. O d\u00f6nem CTP\u2019yi dahi kar\u015f\u0131s\u0131na alm\u0131\u015ft\u0131r.<\/p>\n\n\n\n<p>Mehmet Seyis s\u0131n\u0131f bilincine sahip bir insan olarak emek hareketinin K\u0131br\u0131s\u2019ta ya\u015fad\u0131\u011f\u0131 gerilemenin d\u00fcnyadan ba\u011f\u0131ms\u0131z olmad\u0131\u011f\u0131n\u0131, dolay\u0131s\u0131yla bu gerilemenin de ancak k\u00fcresel bir y\u00fckseli\u015fle a\u015f\u0131labilece\u011finin fark\u0131ndayd\u0131. Dolay\u0131s\u0131yla m\u00fccadelenin enternasyonal karakterine ve gereklili\u011fine her zaman vurgu yapt\u0131. Hastal\u0131\u011f\u0131 sonras\u0131 g\u00f6revden ayr\u0131ld\u0131ktan sonra verdi\u011fi deme\u00e7lerde dahi K\u0131br\u0131sl\u0131 T\u00fcrk emek hareketinin d\u00fcnya i\u015f\u00e7i s\u0131n\u0131f\u0131yla dayan\u0131\u015fma mecburiyetine vurgu yapard\u0131. Seyis bunu, K\u0131br\u0131sl\u0131 T\u00fcrklerin yar\u0131m as\u0131rd\u0131r hapsedildi\u011fi anomali ko\u015fullar\u0131na ra\u011fmen vurguluyordu. \u00c7\u00fcnk\u00fc o, Ankara\u2019n\u0131n dayatt\u0131\u011f\u0131 politikalar\u0131 da d\u00fcnyadan ba\u011f\u0131ms\u0131z ele almam\u0131\u015ft\u0131. 6 Mart 2015\u2019te Yeni D\u00fczen gazetesine verdi\u011fi bir r\u00f6portajda \u015f\u00f6yle diyordu: \u201c\u2026bizde T\u00fcrkiye\u2019deki h\u00fck\u00fcmetlerin oynad\u0131\u011f\u0131 rol, T\u00fcrkiye\u2019de ve di\u011fer \u00fclkelerde de D\u00fcnya Bankas\u0131\u2019n\u0131n, IMF\u2019nin, Troyka\u2019n\u0131n oynad\u0131\u011f\u0131 rol\u00fcn ayn\u0131s\u0131 asl\u0131nda. Benzer dayatmalar\u0131 di\u011fer \u00fclkelere de IMF, D\u00fcnya Bankas\u0131, \u015fimdi Troyka yap\u0131yor. Bizim IMF\u2019miz de T\u00fcrkiye\u2026\u201d<\/p>\n\n\n\n<p>H\u00fck\u00fcmetlerin uygulad\u0131\u011f\u0131 neoliberal politikalar\u0131 b\u00f6yle geni\u015f ve do\u011fru ba\u011flamda alan bir sendikal anlay\u0131\u015f bug\u00fcn maalesef \u00e7ok s\u0131n\u0131rl\u0131d\u0131r. K\u0131br\u0131s sorununu ve dolay\u0131s\u0131yla da Ankara h\u00fck\u00fcmetlerinin dayatmalar\u0131n\u0131, s\u0131n\u0131f m\u00fccadelesini b\u00fcy\u00fctmek yerine ertelemek \u00fczere ele alan bir sendikal hareket bug\u00fcn bask\u0131n haldedir. Sendikal hareketin genel gidi\u015fat\u0131n\u0131n aksine Mehmet Seyis\u2019in s\u0131n\u0131f merkezli olan anlay\u0131\u015f\u0131, onun tarihsel olarak par\u00e7as\u0131 oldu\u011fu CTP hareketine dahi kar\u015f\u0131 duru\u015f sergilemesini sa\u011flam\u0131\u015ft\u0131r.<\/p>\n\n\n\n<p>\u00d6te yandan Mehmet Seyis, sendikal m\u00fccadeleyi hi\u00e7bir zaman ekonomik kazan\u0131mlarla s\u0131n\u0131rl\u0131 g\u00f6rmedi. Bar\u0131\u015f ve demokrasi m\u00fccadelesinde her zaman \u00f6n saflarda yer ald\u0131. \u00d6zellikle Annan Plan\u0131 s\u00fcrecinde k\u00f6ylerden kentlere kadar her m\u00fccadelede yer alan bir \u00f6rnek b\u0131rakm\u0131\u015ft\u0131r. Onun prati\u011fi, ekonomist bir sendikac\u0131 akl\u0131n \u201cbu i\u015f bize d\u00fc\u015fmez\u201d s\u0131\u011fl\u0131\u011f\u0131na d\u00fc\u015fmedi. Mehmet Seyis, K\u0131br\u0131s\u2019\u0131 birle\u015ftirecek bir bar\u0131\u015f m\u00fccadelesinin i\u015f\u00e7i s\u0131n\u0131f\u0131 kavgas\u0131n\u0131n ayr\u0131lmaz bir par\u00e7as\u0131 oldu\u011funu berrak bir \u015fekilde g\u00f6sterdi.<\/p>\n\n\n\n<p>Ayn\u0131 siyasal geleneklerden ve her konuda ayn\u0131 \u00f6nermelere sahip olmamam\u0131za ra\u011fmen Mehmet Seyis\u2019i bizler dahil t\u00fcm sol hareket i\u00e7inde \u00f6nemli k\u0131lan da s\u0131n\u0131f m\u00fccadelesinden vazge\u00e7meyen bu onurlu duru\u015ftur. Ger\u00e7ekle\u015ftirmeyi hedefledi\u011fimiz kitap \u00fczerine d\u00fc\u015f\u00fcn\u00fcrken akl\u0131ma gelen isim \u201ceme\u011fin kavgas\u0131na adanm\u0131\u015f bir \u00f6m\u00fcr\u201dd\u00fc. Bir kitap kapa\u011f\u0131nda koyamam\u0131\u015f olsak da Mehmet Abi\u2019yi anlatacak daha iyi bir tan\u0131mlama halen bulam\u0131yorum.<\/p>\n","protected":false},"excerpt":{"rendered":"<p>Mehmet Seyis ile hayat\u0131n\u0131 konu\u015faca\u011f\u0131m\u0131z bir s\u00f6zl\u00fc tarih \u00e7al\u0131\u015fmas\u0131 i\u00e7in anla\u015ft\u0131ktan k\u0131sa bir s\u00fcre sonra y\u00fcz y\u00fcze bulu\u015fma tarihini de kararla\u015ft\u0131rd\u0131k. Anla\u015ft\u0131k desem de, bu<\/p>\n","protected":false},"author":17,"featured_media":11117,"comment_status":"open","ping_status":"open","sticky":false,"template":"","format":"standard","meta":{"jetpack_post_was_ever_published":false,"_jetpack_newsletter_access":"","_jetpack_newsletter_tier_id":0,"jetpack_publicize_message":"","jetpack_is_tweetstorm":false,"jetpack_publicize_feature_enabled":true,"jetpack_social_post_already_shared":true,"jetpack_social_options":{"image_generator_settings":{"template":"highway","enabled":false}}},"categories":[67,38,42,1],"tags":[],"jetpack_publicize_connections":[],"jetpack_featured_media_url":"https:\/\/baraka.cc\/wp-content\/uploads\/2025\/05\/image-7.png","jetpack_shortlink":"https:\/\/wp.me\/p4eHWX-2Ti","jetpack_sharing_enabled":true,"_links":{"self":[{"href":"https:\/\/baraka.cc\/index.php?rest_route=\/wp\/v2\/posts\/11116"}],"collection":[{"href":"https:\/\/baraka.cc\/index.php?rest_route=\/wp\/v2\/posts"}],"about":[{"href":"https:\/\/baraka.cc\/index.php?rest_route=\/wp\/v2\/types\/post"}],"author":[{"embeddable":true,"href":"https:\/\/baraka.cc\/index.php?rest_route=\/wp\/v2\/users\/17"}],"replies":[{"embeddable":true,"href":"https:\/\/baraka.cc\/index.php?rest_route=%2Fwp%2Fv2%2Fcomments&post=11116"}],"version-history":[{"count":1,"href":"https:\/\/baraka.cc\/index.php?rest_route=\/wp\/v2\/posts\/11116\/revisions"}],"predecessor-version":[{"id":11118,"href":"https:\/\/baraka.cc\/index.php?rest_route=\/wp\/v2\/posts\/11116\/revisions\/11118"}],"wp:featuredmedia":[{"embeddable":true,"href":"https:\/\/baraka.cc\/index.php?rest_route=\/wp\/v2\/media\/11117"}],"wp:attachment":[{"href":"https:\/\/baraka.cc\/index.php?rest_route=%2Fwp%2Fv2%2Fmedia&parent=11116"}],"wp:term":[{"taxonomy":"category","embeddable":true,"href":"https:\/\/baraka.cc\/index.php?rest_route=%2Fwp%2Fv2%2Fcategories&post=11116"},{"taxonomy":"post_tag","embeddable":true,"href":"https:\/\/baraka.cc\/index.php?rest_route=%2Fwp%2Fv2%2Ftags&post=11116"}],"curies":[{"name":"wp","href":"https:\/\/api.w.org\/{rel}","templated":true}]}}