{"id":11386,"date":"2025-08-15T18:36:31","date_gmt":"2025-08-15T16:36:31","guid":{"rendered":"https:\/\/baraka.cc\/?p=11386"},"modified":"2025-08-15T18:37:29","modified_gmt":"2025-08-15T16:37:29","slug":"bagimsiz-kibris-mucadelesi-icin-bir-14-agustosta-daha-sokaklardaydik","status":"publish","type":"post","link":"https:\/\/baraka.cc\/?p=11386","title":{"rendered":"Ba\u011f\u0131ms\u0131z K\u0131br\u0131s M\u00fccadelesi \u0130\u00e7in Bir 14 A\u011fustos\u2019ta Daha Sokaklardayd\u0131k!\u00a0"},"content":{"rendered":"\n<figure class=\"wp-block-image size-large\"><a href=\"https:\/\/baraka.cc\/wp-content\/uploads\/2025\/08\/WhatsApp-Gorsel-2025-08-15-saat-17.17.14_4f39e9c3.jpg\"><img decoding=\"async\" loading=\"lazy\" width=\"1024\" height=\"682\" src=\"https:\/\/baraka.cc\/wp-content\/uploads\/2025\/08\/WhatsApp-Gorsel-2025-08-15-saat-17.17.14_4f39e9c3-1024x682.jpg\" alt=\"\" class=\"wp-image-11387\" srcset=\"https:\/\/baraka.cc\/wp-content\/uploads\/2025\/08\/WhatsApp-Gorsel-2025-08-15-saat-17.17.14_4f39e9c3-1024x682.jpg 1024w, https:\/\/baraka.cc\/wp-content\/uploads\/2025\/08\/WhatsApp-Gorsel-2025-08-15-saat-17.17.14_4f39e9c3-300x200.jpg 300w, https:\/\/baraka.cc\/wp-content\/uploads\/2025\/08\/WhatsApp-Gorsel-2025-08-15-saat-17.17.14_4f39e9c3-768x512.jpg 768w, https:\/\/baraka.cc\/wp-content\/uploads\/2025\/08\/WhatsApp-Gorsel-2025-08-15-saat-17.17.14_4f39e9c3-1536x1023.jpg 1536w, https:\/\/baraka.cc\/wp-content\/uploads\/2025\/08\/WhatsApp-Gorsel-2025-08-15-saat-17.17.14_4f39e9c3-1170x780.jpg 1170w, https:\/\/baraka.cc\/wp-content\/uploads\/2025\/08\/WhatsApp-Gorsel-2025-08-15-saat-17.17.14_4f39e9c3.jpg 1600w\" sizes=\"(max-width: 1024px) 100vw, 1024px\" \/><\/a><\/figure>\n\n\n\n<p>&nbsp;<br><strong>Ba\u011f\u0131ms\u0131z K\u0131br\u0131s M\u00fccadelesi \u0130\u00e7in Bir 14 A\u011fustos\u2019ta Daha Sokaklardayd\u0131k!<\/strong>&nbsp;<\/p>\n\n\n\n<p>Y\u0131llard\u0131r, her 14 A\u011fustos\u2019ta oldu\u011fu gibi bu y\u0131l da Anonim Gen\u00e7lik \u00d6rg\u00fct\u00fc, Baraka K\u00fclt\u00fcr Merkezi ve Ba\u011f\u0131ms\u0131zl\u0131k Yolu olarak K\u0131br\u0131s\u2019\u0131n b\u00f6l\u00fcnm\u00fc\u015fl\u00fc\u011f\u00fcn\u00fc ve emperyalist ku\u015fatmay\u0131 protesto etmek i\u00e7in sokaktayd\u0131k.&nbsp;<\/p>\n\n\n\n<p>Ba\u011f\u0131ms\u0131z K\u0131br\u0131s Eylemimiz, Pronto \u00e7emberi olarak bilinen Dereboyu giri\u015finde toplan\u0131p \u201cOut Out Out! British Bases Out\u201d sloganlar\u0131 e\u015fli\u011finde \u0130ngiliz Y\u00fcksek Komiserli\u011fi \u00f6n\u00fcne y\u00fcr\u00fcy\u00fc\u015f\u00fcm\u00fczle ba\u015flad\u0131. Orada eylem komitesi ad\u0131na konu\u015fma yapan Baraka K\u00fclt\u00fcr Merkezi Y\u00f6netim Kurulu Ba\u015fkan\u0131 Mustafa Batak: \u201cDe\u011ferli yolda\u015flar, eylemimiz K\u0131br\u0131s\u2019ta ya\u015fanan b\u00f6l\u00fcnmenin, ada halklar\u0131n\u0131 birbirine k\u0131rd\u0131ran s\u00fcrecin, ge\u00e7mi\u015fte ve bug\u00fcnde de ba\u015f akt\u00f6rleri olan \u0130ngiliz Y\u00fcksek Komiserli\u011fi\u2019nin \u00f6n\u00fcnde ba\u015flam\u0131\u015f bulunuyor\u201d dedi.\u00a0<\/p>\n\n\n\n<figure class=\"wp-block-image size-large\"><a href=\"https:\/\/baraka.cc\/wp-content\/uploads\/2025\/08\/WhatsApp-Gorsel-2025-08-15-saat-17.17.14_595d4d63.jpg\"><img decoding=\"async\" loading=\"lazy\" width=\"1024\" height=\"682\" src=\"https:\/\/baraka.cc\/wp-content\/uploads\/2025\/08\/WhatsApp-Gorsel-2025-08-15-saat-17.17.14_595d4d63-1024x682.jpg\" alt=\"\" class=\"wp-image-11388\" srcset=\"https:\/\/baraka.cc\/wp-content\/uploads\/2025\/08\/WhatsApp-Gorsel-2025-08-15-saat-17.17.14_595d4d63-1024x682.jpg 1024w, https:\/\/baraka.cc\/wp-content\/uploads\/2025\/08\/WhatsApp-Gorsel-2025-08-15-saat-17.17.14_595d4d63-300x200.jpg 300w, https:\/\/baraka.cc\/wp-content\/uploads\/2025\/08\/WhatsApp-Gorsel-2025-08-15-saat-17.17.14_595d4d63-768x512.jpg 768w, https:\/\/baraka.cc\/wp-content\/uploads\/2025\/08\/WhatsApp-Gorsel-2025-08-15-saat-17.17.14_595d4d63-1536x1023.jpg 1536w, https:\/\/baraka.cc\/wp-content\/uploads\/2025\/08\/WhatsApp-Gorsel-2025-08-15-saat-17.17.14_595d4d63-1170x780.jpg 1170w, https:\/\/baraka.cc\/wp-content\/uploads\/2025\/08\/WhatsApp-Gorsel-2025-08-15-saat-17.17.14_595d4d63.jpg 1600w\" sizes=\"(max-width: 1024px) 100vw, 1024px\" \/><\/a><\/figure>\n\n\n\n<p>Konu\u015fmas\u0131n\u0131n devam\u0131nda Batak, \u201c&#8230;Bizler 14 A\u011fustos\u2019larda 14 y\u0131ldan fazla s\u00fcredir hem sokaklarda olman\u0131n hakl\u0131 gururunu hem de m\u00fccadelenin b\u00fcy\u00fcmeye ihtiyac\u0131n\u0131 ya\u015f\u0131yoruz. Ba\u011f\u0131ms\u0131zl\u0131k ada halklar\u0131n\u0131n \u00f6nemli bir ihtiyac\u0131d\u0131r ve bu ihtiyac\u0131 gidermek \u00fczere, bu adada halklar\u0131n s\u00f6z\u00fcn\u00fc k\u0131s\u0131p tahakk\u00fcm alt\u0131na almak isteyen odaklar\u0131 protesto ederek m\u00fccadelemizi s\u00fcrd\u00fcr\u00fcyoruz. \u0130\u00e7inden ge\u00e7ti\u011fimiz bu d\u00f6nemde ve co\u011frafyada ba\u011f\u0131ms\u0131zl\u0131\u011fa hi\u00e7 olmad\u0131\u011f\u0131m\u0131z kadar ihtiyac\u0131m\u0131z var&#8230;\u201d ifadelerini kulland\u0131.\u00a0<\/p>\n\n\n\n<figure class=\"wp-block-image size-large\"><a href=\"https:\/\/baraka.cc\/wp-content\/uploads\/2025\/08\/WhatsApp-Gorsel-2025-08-15-saat-17.17.14_188e71c4.jpg\"><img decoding=\"async\" loading=\"lazy\" width=\"1024\" height=\"682\" src=\"https:\/\/baraka.cc\/wp-content\/uploads\/2025\/08\/WhatsApp-Gorsel-2025-08-15-saat-17.17.14_188e71c4-1024x682.jpg\" alt=\"\" class=\"wp-image-11389\" srcset=\"https:\/\/baraka.cc\/wp-content\/uploads\/2025\/08\/WhatsApp-Gorsel-2025-08-15-saat-17.17.14_188e71c4-1024x682.jpg 1024w, https:\/\/baraka.cc\/wp-content\/uploads\/2025\/08\/WhatsApp-Gorsel-2025-08-15-saat-17.17.14_188e71c4-300x200.jpg 300w, https:\/\/baraka.cc\/wp-content\/uploads\/2025\/08\/WhatsApp-Gorsel-2025-08-15-saat-17.17.14_188e71c4-768x512.jpg 768w, https:\/\/baraka.cc\/wp-content\/uploads\/2025\/08\/WhatsApp-Gorsel-2025-08-15-saat-17.17.14_188e71c4-1536x1023.jpg 1536w, https:\/\/baraka.cc\/wp-content\/uploads\/2025\/08\/WhatsApp-Gorsel-2025-08-15-saat-17.17.14_188e71c4-1170x780.jpg 1170w, https:\/\/baraka.cc\/wp-content\/uploads\/2025\/08\/WhatsApp-Gorsel-2025-08-15-saat-17.17.14_188e71c4.jpg 1600w\" sizes=\"(max-width: 1024px) 100vw, 1024px\" \/><\/a><\/figure>\n\n\n\n<p>Eylemimiz, \u201cNehirden Denize \u00d6zg\u00fcr Filistin\u201d ve \u201cKatil ABD Ortado\u011fu\u2019dan Defol\u201d sloganlar\u0131yla Amerikan Temsilcili\u011fi \u00f6n\u00fcne do\u011fru y\u00fcr\u00fcyerek devam etti. Burada Anonim Gen\u00e7lik \u00fcyesi Ahmet Sucuba\u015f\u0131: \u201c\u00d6nce aday\u0131 on y\u0131llar boyunca s\u00f6m\u00fcrgesi alt\u0131nda y\u00f6netmi\u015f Britanya&#8217;n\u0131n Y\u00fcksek Komiserli\u011fi \u00f6n\u00fcndeydik. \u015eimdi ise Britanya ile girdi\u011fi yeni s\u00f6m\u00fcrgecilik yar\u0131\u015f\u0131nda adaya ta\u015feron ordular\u0131 ve \u00e7eteleriyle; sava\u015f, y\u0131k\u0131m getirmi\u015f ter\u00f6r devleti Amerika&#8217;n\u0131n temsilcili\u011fi \u00f6n\u00fcndeyiz&#8230;\u201d diyerek s\u00f6zlerine ba\u015flad\u0131.\u00a0<\/p>\n\n\n\n<figure class=\"wp-block-image size-large\"><a href=\"https:\/\/baraka.cc\/wp-content\/uploads\/2025\/08\/520553094_1190771016411365_5864224799912445229_n.jpg\"><img decoding=\"async\" loading=\"lazy\" width=\"1024\" height=\"683\" src=\"https:\/\/baraka.cc\/wp-content\/uploads\/2025\/08\/520553094_1190771016411365_5864224799912445229_n-1024x683.jpg\" alt=\"\" class=\"wp-image-11390\" srcset=\"https:\/\/baraka.cc\/wp-content\/uploads\/2025\/08\/520553094_1190771016411365_5864224799912445229_n-1024x683.jpg 1024w, https:\/\/baraka.cc\/wp-content\/uploads\/2025\/08\/520553094_1190771016411365_5864224799912445229_n-300x200.jpg 300w, https:\/\/baraka.cc\/wp-content\/uploads\/2025\/08\/520553094_1190771016411365_5864224799912445229_n-768x512.jpg 768w, https:\/\/baraka.cc\/wp-content\/uploads\/2025\/08\/520553094_1190771016411365_5864224799912445229_n-1536x1024.jpg 1536w, https:\/\/baraka.cc\/wp-content\/uploads\/2025\/08\/520553094_1190771016411365_5864224799912445229_n-1170x780.jpg 1170w, https:\/\/baraka.cc\/wp-content\/uploads\/2025\/08\/520553094_1190771016411365_5864224799912445229_n.jpg 2048w\" sizes=\"(max-width: 1024px) 100vw, 1024px\" \/><\/a><\/figure>\n\n\n\n<p>Sucuba\u015f\u0131: \u201c&#8230;Ada halklar\u0131 bir yandan burjuvazinin diktat\u00f6rl\u00fc\u011f\u00fc alt\u0131nda ezilirken bir yandan da ada, emperyalistlerin \u00e7\u0131karlar\u0131 do\u011frultusunda yerli i\u015fbirlik\u00e7ileri ve ta\u015feronlar\u0131 arac\u0131l\u0131\u011f\u0131yla y\u00f6netilmekte, adan\u0131n tamam\u0131 i\u015fgal ve ku\u015fatma alt\u0131nda tutulmaktad\u0131r. K\u0131br\u0131s adas\u0131, emperyalist sald\u0131rganl\u0131klar\u0131n bir par\u00e7as\u0131 ve Ortado\u011fu\u2019daki karakolu olarak g\u00f6r\u00fclmekte; adan\u0131n kuzeyinden g\u00fcneyine d\u00f6rt bir yan\u0131 NATO\u2019nun ordular\u0131 ve donanmalar\u0131yla konu\u015flanm\u0131\u015f durumdad\u0131r&#8230;\u201d dedi.\u00a0<\/p>\n\n\n\n<p><\/p>\n\n\n\n<p>Daha sonra &#8221;Ankara Elini Yak\u0131m\u0131zdan \u00c7ek, Ba\u011f\u0131ms\u0131z K\u0131br\u0131s B\u00fct\u00fcn Halklar Karde\u015ftir!&#8221; sloganlar\u0131yla TC Lefko\u015fa B\u00fcy\u00fckel\u00e7ili\u011fi \u00f6n\u00fcne y\u00fcr\u00fcnd\u00fc. Orada s\u00f6z alan Emek\u00e7inin Partisi Ba\u011f\u0131ms\u0131zl\u0131k Yolu&#8217;nun Mali Sekreteri M\u00fcn\u00fcr Rahvanc\u0131o\u011flu, \u201cE\u011fer b\u00f6l\u00fcnm\u00fc\u015f adam\u0131z\u0131n kuzey yar\u0131s\u0131nda bir Yunanistan el\u00e7ili\u011fi olsayd\u0131 oraya gitmek de boynumuzun borcu olurdu\u201d diyerek konu\u015fmas\u0131na ba\u015flad\u0131.\u00a0<\/p>\n\n\n\n<figure class=\"wp-block-image size-large\"><a href=\"https:\/\/baraka.cc\/wp-content\/uploads\/2025\/08\/WhatsApp-Gorsel-2025-08-15-saat-17.17.14_e0ffcc6a.jpg\"><img decoding=\"async\" loading=\"lazy\" width=\"1024\" height=\"682\" src=\"https:\/\/baraka.cc\/wp-content\/uploads\/2025\/08\/WhatsApp-Gorsel-2025-08-15-saat-17.17.14_e0ffcc6a-1024x682.jpg\" alt=\"\" class=\"wp-image-11391\" srcset=\"https:\/\/baraka.cc\/wp-content\/uploads\/2025\/08\/WhatsApp-Gorsel-2025-08-15-saat-17.17.14_e0ffcc6a-1024x682.jpg 1024w, https:\/\/baraka.cc\/wp-content\/uploads\/2025\/08\/WhatsApp-Gorsel-2025-08-15-saat-17.17.14_e0ffcc6a-300x200.jpg 300w, https:\/\/baraka.cc\/wp-content\/uploads\/2025\/08\/WhatsApp-Gorsel-2025-08-15-saat-17.17.14_e0ffcc6a-768x512.jpg 768w, https:\/\/baraka.cc\/wp-content\/uploads\/2025\/08\/WhatsApp-Gorsel-2025-08-15-saat-17.17.14_e0ffcc6a-1536x1023.jpg 1536w, https:\/\/baraka.cc\/wp-content\/uploads\/2025\/08\/WhatsApp-Gorsel-2025-08-15-saat-17.17.14_e0ffcc6a-1170x780.jpg 1170w, https:\/\/baraka.cc\/wp-content\/uploads\/2025\/08\/WhatsApp-Gorsel-2025-08-15-saat-17.17.14_e0ffcc6a.jpg 1600w\" sizes=\"(max-width: 1024px) 100vw, 1024px\" \/><\/a><\/figure>\n\n\n\n<p>Rahvanc\u0131o\u011flu: \u201c&#8230;14 A\u011fustos, 20 Temmuz olmadan d\u00fc\u015f\u00fcn\u00fclemez. Ancak 20 Temmuz da 15 Temmuz olmadan d\u00fc\u015f\u00fcn\u00fclemez. Bize denilir ki 15 Temmuz\u2019da bozulmu\u015f anayasal d\u00fczeni tesis etmek amac\u0131yla 20 Temmuz harek\u00e2t\u0131, ard\u0131ndan da stratejik nedenlerle 14 A\u011fustos ger\u00e7ekle\u015fti. Ancak biz \u00e7ok iyi biliyoruz ki anayasal nizam K\u0131br\u0131s\u2019ta 15 Temmuz\u2019da bozulmu\u015f de\u011fil. Her iki taraf\u0131n i\u015fbirlik\u00e7i liderli\u011finin de istemeyerek kabul etti\u011fi KC anayasas\u0131 neredeyse hi\u00e7 uygulanmadan fiilen 1963\u2019te devre d\u0131\u015f\u0131 kalm\u0131\u015f, K\u0131br\u0131sl\u0131 T\u00fcrkler siyasal bir erk olmaktan \u00e7\u0131km\u0131\u015f durumdayd\u0131. Bu sadece kendi aras\u0131nda bir yar\u0131\u015f i\u00e7erisinde olan iki milliyet\u00e7i liderli\u011fin eseri de\u011fildi. Bu ayn\u0131 zamanda biraz \u00f6nce gitti\u011fimiz Amerikan Temsilcili\u011fi ve Britanya Y\u00fcksek Komiserli\u011fi\u2019nin temsil etti\u011fi \u00e7\u0131karlar \u00e7er\u00e7evesinde y\u00fcr\u00fct\u00fclen, emperyalizmin Ortado\u011fu\u2019daki \u00e7\u0131karlar\u0131n\u0131 korumas\u0131 i\u00e7in ger\u00e7ekle\u015fmi\u015f bir s\u00fcre\u00e7ti&#8230;\u201d dedi.\u00a0<\/p>\n\n\n\n<figure class=\"wp-block-image size-large\"><a href=\"https:\/\/baraka.cc\/wp-content\/uploads\/2025\/08\/WhatsApp-Gorsel-2025-08-15-saat-17.17.14_d215b7b0.jpg\"><img decoding=\"async\" loading=\"lazy\" width=\"1024\" height=\"682\" src=\"https:\/\/baraka.cc\/wp-content\/uploads\/2025\/08\/WhatsApp-Gorsel-2025-08-15-saat-17.17.14_d215b7b0-1024x682.jpg\" alt=\"\" class=\"wp-image-11393\" srcset=\"https:\/\/baraka.cc\/wp-content\/uploads\/2025\/08\/WhatsApp-Gorsel-2025-08-15-saat-17.17.14_d215b7b0-1024x682.jpg 1024w, https:\/\/baraka.cc\/wp-content\/uploads\/2025\/08\/WhatsApp-Gorsel-2025-08-15-saat-17.17.14_d215b7b0-300x200.jpg 300w, https:\/\/baraka.cc\/wp-content\/uploads\/2025\/08\/WhatsApp-Gorsel-2025-08-15-saat-17.17.14_d215b7b0-768x512.jpg 768w, https:\/\/baraka.cc\/wp-content\/uploads\/2025\/08\/WhatsApp-Gorsel-2025-08-15-saat-17.17.14_d215b7b0-1536x1023.jpg 1536w, https:\/\/baraka.cc\/wp-content\/uploads\/2025\/08\/WhatsApp-Gorsel-2025-08-15-saat-17.17.14_d215b7b0-1170x780.jpg 1170w, https:\/\/baraka.cc\/wp-content\/uploads\/2025\/08\/WhatsApp-Gorsel-2025-08-15-saat-17.17.14_d215b7b0.jpg 1600w\" sizes=\"(max-width: 1024px) 100vw, 1024px\" \/><\/a><\/figure>\n\n\n\n<figure class=\"wp-block-image size-large\"><a href=\"https:\/\/baraka.cc\/wp-content\/uploads\/2025\/08\/WhatsApp-Gorsel-2025-08-15-saat-17.17.15_811a5a53.jpg\"><img decoding=\"async\" loading=\"lazy\" width=\"1024\" height=\"682\" src=\"https:\/\/baraka.cc\/wp-content\/uploads\/2025\/08\/WhatsApp-Gorsel-2025-08-15-saat-17.17.15_811a5a53-1024x682.jpg\" alt=\"\" class=\"wp-image-11394\" srcset=\"https:\/\/baraka.cc\/wp-content\/uploads\/2025\/08\/WhatsApp-Gorsel-2025-08-15-saat-17.17.15_811a5a53-1024x682.jpg 1024w, https:\/\/baraka.cc\/wp-content\/uploads\/2025\/08\/WhatsApp-Gorsel-2025-08-15-saat-17.17.15_811a5a53-300x200.jpg 300w, https:\/\/baraka.cc\/wp-content\/uploads\/2025\/08\/WhatsApp-Gorsel-2025-08-15-saat-17.17.15_811a5a53-768x512.jpg 768w, https:\/\/baraka.cc\/wp-content\/uploads\/2025\/08\/WhatsApp-Gorsel-2025-08-15-saat-17.17.15_811a5a53-1536x1023.jpg 1536w, https:\/\/baraka.cc\/wp-content\/uploads\/2025\/08\/WhatsApp-Gorsel-2025-08-15-saat-17.17.15_811a5a53-1170x780.jpg 1170w, https:\/\/baraka.cc\/wp-content\/uploads\/2025\/08\/WhatsApp-Gorsel-2025-08-15-saat-17.17.15_811a5a53.jpg 1600w\" sizes=\"(max-width: 1024px) 100vw, 1024px\" \/><\/a><\/figure>\n\n\n\n<p>Daha sonra Ba\u011f\u0131ms\u0131z K\u0131br\u0131s Eylem Komitemiz ad\u0131na Celal \u00d6zk\u0131zan ve Hasan \u00c7. Tezba\u015far ortak bas\u0131n a\u00e7\u0131klamam\u0131z\u0131 okudu. A\u00e7\u0131klaman\u0131n tamam\u0131 \u015fu \u015fekildeydi:\u00a0\u00a0<\/p>\n\n\n\n<p>As\u0131l \u015eimdi Ba\u011f\u0131ms\u0131z K\u0131br\u0131s! Y\u00fczy\u0131llard\u0131r, b\u00f6lgemize h\u00e2kim olan ya da d\u00fcnya \u00f6l\u00e7e\u011finde egemenlik icra eden g\u00fc\u00e7lerin elini \u00fczerinden \u00e7ekmedi\u011fi adam\u0131z K\u0131br\u0131s, ge\u00e7ti\u011fimiz y\u0131llarda yeniden k\u0131ymete bindi. Ersin Tatar ve T\u00fcrkiye egemenleri iki devletli \u00e7\u00f6z\u00fcmden s\u00f6z ededursun, adadaki \u00fc\u00e7\u00fcnc\u00fc devlet olan Britanya\u2019n\u0131n \u00fcsleri, \u0130srail\u2019in Gazze\u2019de Filistinlilere y\u00f6nelik uygulad\u0131\u011f\u0131 soyk\u0131r\u0131m\u0131n en \u00f6nemli destek\u00e7ilerinden biri haline geldi. Emperyalizmin i\u015fbirlik\u00e7isi K\u0131br\u0131s Cumhuriyeti egemenleri, Baf\u2019taki bir askeri \u00fcss\u00fc ABD ba\u015fta olmak \u00fczere NATO\u2019nun kullan\u0131m\u0131na sunulmak \u00fczere tam donan\u0131ml\u0131 bir hale getirmek i\u00e7in ad\u0131mlar atmaya ba\u015flad\u0131. Zaten K\u0131br\u0131s Cumhuriyeti egemenleri, \u00fclkeyi NATO \u00fcyesi haline getirmek i\u00e7in canla ba\u015fla \u00e7al\u0131\u015f\u0131yorlar. K\u0131br\u0131s Cumhuriyeti egemenleri ayr\u0131ca, Fransa ordusuna K\u0131br\u0131s topraklar\u0131nda operasyon d\u00fczenleme yetkisi veren bir antla\u015fmaya imza atm\u0131\u015f, \u0130talya ordusuna topraklar\u0131n\u0131 a\u00e7m\u0131\u015f, adada askeri bulunan Yunanistan ve M\u0131s\u0131r ile ortak askeri tatbikatlar d\u00fczenlemi\u015f, Ermenistan ile askeri i\u015f birli\u011fine gitmi\u015f ve soyk\u0131r\u0131mc\u0131 \u0130srail devleti ile i\u015f birli\u011fini derinle\u015ftirmi\u015f durumdad\u0131r. Yetmemi\u015f, Hindistan ordusu ile donanma konusunda i\u015f birli\u011fi yap\u0131lm\u0131\u015ft\u0131r. Ge\u00e7mi\u015fe g\u00f6re etkisinde bir azalma g\u00f6r\u00fclse de Rusya\u2019n\u0131n da K\u0131br\u0131s Cumhuriyeti \u00fczerindeki n\u00fcfuzu ortadan kalkm\u0131\u015f de\u011fildir. AB emperyalizminin K\u0131br\u0131s Cumhuriyeti \u00fczerindeki egemenli\u011fini anlatmaya ise gerek bile yoktur. K\u0131br\u0131s\u2019\u0131n kuzeyi ise 51 y\u0131ld\u0131r, zaten bir NATO \u00fcyesi olan T\u00fcrkiye devletinin ordusunun kontrol\u00fc alt\u0131ndand\u0131r. Hi\u00e7bir hukuki dayana\u011f\u0131 bulunmayan ve hi\u00e7bir K\u0131br\u0131sl\u0131 T\u00fcrk makama kar\u015f\u0131 hesap verme sorumlulu\u011fu olmayan T\u00fcrkiye ordusu i\u00e7in 1974\u2019ten bu yana, K\u0131br\u0131s\u2019\u0131n kuzeyi b\u00fct\u00fcn\u00fcyle bir askeri \u00fcst\u00fcr. Ersin Tatar \u201cegemen e\u015fitlik\u201dten s\u00f6z ededursun, yaratt\u0131klar\u0131 biat d\u00fczeni ve ge\u00e7ici 10. madde garabeti, K\u0131br\u0131sl\u0131 T\u00fcrk halk\u0131n\u0131n mevcut ko\u015fullardaki yurdu olan K\u0131br\u0131s\u2019\u0131n kuzeyinde dahi egemenlik icra etmesine engel olmaktad\u0131r. T\u00fcm bunlar yetmiyormu\u015f gibi Ge\u00e7itkale Havaliman\u0131, T\u00fcrkiye ordusunun insans\u0131z askeri ara\u00e7lar\u0131 i\u00e7in bir \u00fcsse d\u00f6n\u00fc\u015ft\u00fcr\u00fclm\u00fc\u015f durumdad\u0131r. Bug\u00fcn burada toplanmam\u0131z\u0131n nedeni, K\u0131br\u0131s\u2019\u0131n kuzeyinin T\u00fcrkiye devleti taraf\u0131ndan i\u015fgalinin elli birinci y\u0131ld\u00f6n\u00fcm\u00fcnde bu i\u015fgali protesto etmektir. 15 Temmuz 1974\u2019te, Yunanistan\u2019\u0131n fa\u015fist askeri cuntas\u0131n\u0131n ve bu cuntan\u0131n K\u0131br\u0131s\u2019taki bir avu\u00e7 i\u015fbirlik\u00e7isinin d\u00f6nemin K\u0131br\u0131s Cumhuriyeti h\u00fck\u00fcmetine y\u00f6nelik darbesinden be\u015f g\u00fcn sonra T\u00fcrkiye devleti, Garanti Antla\u015fmas\u0131\u2019ndan do\u011fan hakk\u0131n\u0131 kullanarak adaya askeri bir m\u00fcdahale ger\u00e7ekle\u015ftirmi\u015f, ancak bu m\u00fcdahale, 14 A\u011fustos 1974\u2019te at\u0131lan ikinci bir ad\u0131mla fiili bir askeri i\u015fgale d\u00f6n\u00fc\u015fm\u00fc\u015ft\u00fcr. Ard\u0131ndansa siyasi ve ekonomik boyunduruk ile k\u00fclt\u00fcrel asimilasyon artarak devam etmi\u015ftir. Yasama, y\u00fcr\u00fctme ve yarg\u0131ya yap\u0131lanlar\u0131n yan\u0131 s\u0131ra K\u0131br\u0131sl\u0131 T\u00fcrklerin de\u011ferlerine ve ya\u015fam bi\u00e7imine, bilhassa da laikli\u011fe yap\u0131lan m\u00fcdahaleler herkesin malumudur. Bizler, K\u0131br\u0131s\u2019\u0131n kuzeyinde y\u00fcr\u00fctt\u00fc\u011f\u00fcm\u00fcz s\u00f6z, yetki, karar ve iktid\u00e2r m\u00fccadelesinin, yani toplumsal ve siyasal irade m\u00fccadelesinin ancak K\u0131br\u0131s adas\u0131n\u0131n bir b\u00fct\u00fcn olarak \u00f6zg\u00fcrle\u015fmesiyle m\u00fcmk\u00fcn olabilece\u011finin bilincindeyiz. Bu nedenle, K\u0131br\u0131s\u2019\u0131n kuzeyindeki T\u00fcrkiye devleti hakimiyeti kadar, K\u0131br\u0131s Cumhuriyeti \u015fovenizmine ve adan\u0131n tamam\u0131 \u00fczerindeki Britanya, ABD, NATO ve AB emperyalizmlerinin hakimiyetine de kar\u015f\u0131y\u0131z. K\u0131br\u0131s Cumhuriyeti egemenleri, on y\u0131llard\u0131r K\u0131br\u0131sl\u0131 Elen halk\u0131na \u201cunutmad\u0131k, b\u00fct\u00fcn K\u0131br\u0131s vatan\u0131m\u0131zd\u0131r\u201d diye propaganda yapm\u0131\u015f olmas\u0131na ra\u011fmen, Annan Plan\u0131 ve Crans Montana gibi kritik s\u00fcre\u00e7lerde \u00e7\u00f6z\u00fcm iradesinin alt\u0131n\u0131 oymu\u015f, \u00e7\u00f6z\u00fcms\u00fcz tavr\u0131na bahane g\u00f6sterdi\u011fi fakt\u00f6rleri ortadan kald\u0131rmak i\u00e7in ciddi anlamda yap\u0131c\u0131 ad\u0131mlar atmam\u0131\u015ft\u0131r. K\u0131br\u0131sl\u0131 T\u00fcrk egemenleri ise ayr\u0131l\u0131k\u00e7\u0131 politikalar\u0131nda \u0131srar edip bizi d\u00fcnyadan izole, tan\u0131nmam\u0131\u015f bu garabetli\u011fin i\u00e7ine mahk\u00fbm etmekle kalmam\u0131\u015f, kendi kurduklar\u0131 devleti dahi ciddiye almayarak altyap\u0131s\u0131 ve kurumlar\u0131 d\u00f6k\u00fclen bir yurtsuzluk hali yaratm\u0131\u015ft\u0131r. K\u0131br\u0131s\u2019\u0131, \u00fczerinde hayat kurmaya \u00e7al\u0131\u015fan insanlar yokmu\u015f gibi sadece askeri bir \u00fcsten ibaret g\u00f6ren emperyalist ve b\u00f6lgesel g\u00fc\u00e7ler, ellerini ovu\u015fturarak bu b\u00f6l\u00fcnm\u00fc\u015fl\u00fckten sonuna kadar fayda sa\u011flamaya devam etmektedir. K\u0131br\u0131s Cumhuriyeti egemenleri, kendilerini T\u00fcrkiye devletine kar\u015f\u0131 g\u00fcvence alt\u0131na almak ad\u0131 alt\u0131nda, d\u00fcnyan\u0131n b\u00fct\u00fcn kirli askeri g\u00fc\u00e7lerinin K\u0131br\u0131s\u2019a y\u0131\u011f\u0131nak yapmas\u0131na m\u00fcsaade edecek kadar kendinden ge\u00e7mi\u015f haldedir. Ruhunu ve kendi halk\u0131n\u0131 \u015feytana satmak ve aday\u0131 b\u00f6lgedeki kirli sava\u015f oyunlar\u0131n\u0131n tam ortas\u0131na atmak gibi \u00e7ok tehlikeli bir oyunu, g\u00f6z\u00fcn\u00fc bile k\u0131rpmadan oynayan K\u0131br\u0131s Cumhuriyeti egemenleri, b\u0131rak\u0131n K\u0131br\u0131sl\u0131 T\u00fcrkleri, K\u0131br\u0131sl\u0131 Elen halk\u0131n\u0131n egemenli\u011fini dahi emperyalistlerin keyfine terk etmi\u015ftir. T\u00fcrkiye ise K\u0131br\u0131sl\u0131 T\u00fcrklerle dostluk ad\u0131 alt\u0131nda dahi bir spor m\u00fcsabakas\u0131 yapmay\u0131 bize \u00e7ok g\u00f6rmekte bununla birlikte askeri ve politik \u00e7\u0131karlar\u0131 i\u00e7in K\u0131br\u0131s\u2019\u0131n kuzeyini rehin olarak tutmaktan geri durmamaktad\u0131r. Ankara h\u00fck\u00fcmetleri, K\u0131br\u0131sl\u0131 T\u00fcrkleri d\u00fcnyaya tan\u0131tmak s\u00f6z konusu oldu\u011funda alt\u0131 bo\u015f hamasi s\u00f6zler s\u00f6ylemekten \u00f6teye gitmemekte ancak K\u0131br\u0131sl\u0131 T\u00fcrklerin i\u00e7 i\u015flerine kar\u0131\u015fmak s\u00f6z konusu oldu\u011funda sald\u0131rgan bir i\u015ftahla toplumsal hayat\u0131m\u0131z\u0131n her alan\u0131na m\u00fcdahale etmektedir. K\u0131br\u0131s adas\u0131, kuzeyiyle ve g\u00fcneyiyle esaret alt\u0131ndad\u0131r ve bu esaretten en \u00e7ok K\u0131br\u0131s halklar\u0131 zarar g\u00f6rmektedir. Ya\u015fam ko\u015fullar\u0131 ve ekonomik durumlar\u0131 her ge\u00e7en g\u00fcn k\u00f6t\u00fcye giden iki halk, ruhunu ve ba\u011f\u0131ms\u0131zl\u0131\u011f\u0131n\u0131 b\u00fcy\u00fck g\u00fc\u00e7lere satm\u0131\u015f yerli egemenlerin milliyet\u00e7i ve hamasi masallar\u0131yla ba\u015f ba\u015fa b\u0131rak\u0131lm\u0131\u015ft\u0131r. Halklar karde\u015fle\u015fip g\u00fc\u00e7lerini birle\u015ftirerek K\u0131br\u0131s\u2019\u0131n ba\u011f\u0131ms\u0131zl\u0131\u011f\u0131n\u0131 ve birle\u015fmesini savunmad\u0131k\u00e7a, emperyalistlerin, b\u00f6lgesel g\u00fc\u00e7lerin ve kendi yerli egemenlerinin g\u00fc\u00e7lerine g\u00fc\u00e7 ve servetlerine servet katt\u0131klar\u0131 bu oyunda bir piyon olmaktan \u00f6teye gidemeyecek, bo\u015f kar\u0131nlar\u0131n\u0131 milliyet\u00e7i nutuklarla, sefil hayatlar\u0131n\u0131 hamasi yalanlarla doldurmakla yetineceklerdir. K\u0131br\u0131sl\u0131 T\u00fcrk ve K\u0131br\u0131sl\u0131 Elen halklar\u0131, ge\u00e7mi\u015fte ya\u015fad\u0131klar\u0131 ac\u0131lara ve bug\u00fcn i\u00e7ine \u00e7ekilmeye \u00e7al\u0131\u015f\u0131ld\u0131klar\u0131 hamasi ortama ra\u011fmen bu adada ancak karde\u015f\u00e7e, bar\u0131\u015f i\u00e7inde, birle\u015fik ve ba\u011f\u0131ms\u0131z bir \u00fclkede kendi kaderlerini kendi ellerine alabilirler. Ve bunun m\u00fccadelesini verdik\u00e7e daha g\u00fczel yar\u0131nlara kavu\u015fabilirler. Bunu ba\u015farman\u0131n yolu da iki halk\u0131n i\u00e7inde emek siyasetinin g\u00fc\u00e7 kazanmas\u0131ndan ve bu iki emek siyasetinin g\u00fc\u00e7lerini ortak paydada birle\u015ftirmesinden ge\u00e7er. Bu ba\u015far\u0131lmad\u0131\u011f\u0131 m\u00fcddet\u00e7e, iki taraf\u0131n egemenleri de sermayeyi bizlere vatan diye yutturmaya, askeri y\u0131\u011f\u0131naklar\u0131 bize bar\u0131\u015f\u0131n g\u00fcvencesi diye itelemeye, esareti bize egemenlik diye pazarlamaya ve emperyalist manevralar\u0131 \u201c\u00e7\u00f6z\u00fcm s\u00fcreci\u201d diye \u00f6n\u00fcm\u00fcze koymaya devam edeceklerdir. Ba\u011f\u0131ms\u0131z K\u0131br\u0131s kuzeyde ge\u00e7im s\u0131k\u0131nt\u0131s\u0131 \u00e7eken \u00f6zel sekt\u00f6r \u00e7al\u0131\u015fan\u0131n\u0131n umududur. Ba\u011f\u0131ms\u0131z K\u0131br\u0131s, g\u00fcneyde ba\u015f\u0131n\u0131 sokacak bir ev bulmakta zorlananlar\u0131n umududur. Ba\u011f\u0131ms\u0131z K\u0131br\u0131s Filistinli \u00e7ocu\u011fun, yoksul T\u00fcrk\u2019\u00fcn ve K\u00fcrt\u2019\u00fcn, i\u015fsiz b\u0131rak\u0131lm\u0131\u015f Yunan\u2019\u0131n, karanl\u0131\u011fa s\u00fcr\u00fcklenmi\u015f L\u00fcbnanl\u0131 ve Suriyeli emek\u00e7ilerin, zorbal\u0131k alt\u0131nda ya\u015fayan M\u0131s\u0131r halk\u0131n\u0131n da umududur. Bu umuda hepimiz omuz vermeliyiz. Ya\u015fas\u0131n emek\u00e7ilerin iktidar\u0131ndaki ba\u011f\u0131ms\u0131z, birle\u015fik ve t\u00fcm yabanc\u0131 g\u00fc\u00e7lerden ar\u0131nd\u0131r\u0131lm\u0131\u015f K\u0131br\u0131s! Ya\u015fas\u0131n halklar\u0131n karde\u015fli\u011fi!&#8221; A\u00e7\u0131klaman\u0131n ard\u0131ndan eylemimiz co\u015fkulu sloganlarla birlikte sonland\u0131.\u00a0<\/p>\n\n\n\n<figure class=\"wp-block-image size-large\"><a href=\"https:\/\/baraka.cc\/wp-content\/uploads\/2025\/08\/WhatsApp-Gorsel-2025-08-15-saat-17.17.15_47995b87-1.jpg\"><img decoding=\"async\" loading=\"lazy\" width=\"1024\" height=\"682\" src=\"https:\/\/baraka.cc\/wp-content\/uploads\/2025\/08\/WhatsApp-Gorsel-2025-08-15-saat-17.17.15_47995b87-1-1024x682.jpg\" alt=\"\" class=\"wp-image-11395\" srcset=\"https:\/\/baraka.cc\/wp-content\/uploads\/2025\/08\/WhatsApp-Gorsel-2025-08-15-saat-17.17.15_47995b87-1-1024x682.jpg 1024w, https:\/\/baraka.cc\/wp-content\/uploads\/2025\/08\/WhatsApp-Gorsel-2025-08-15-saat-17.17.15_47995b87-1-300x200.jpg 300w, https:\/\/baraka.cc\/wp-content\/uploads\/2025\/08\/WhatsApp-Gorsel-2025-08-15-saat-17.17.15_47995b87-1-768x512.jpg 768w, https:\/\/baraka.cc\/wp-content\/uploads\/2025\/08\/WhatsApp-Gorsel-2025-08-15-saat-17.17.15_47995b87-1-1536x1023.jpg 1536w, https:\/\/baraka.cc\/wp-content\/uploads\/2025\/08\/WhatsApp-Gorsel-2025-08-15-saat-17.17.15_47995b87-1-1170x780.jpg 1170w, https:\/\/baraka.cc\/wp-content\/uploads\/2025\/08\/WhatsApp-Gorsel-2025-08-15-saat-17.17.15_47995b87-1.jpg 1600w\" sizes=\"(max-width: 1024px) 100vw, 1024px\" \/><\/a><\/figure>\n\n\n\n<figure class=\"wp-block-image size-large\"><a href=\"https:\/\/baraka.cc\/wp-content\/uploads\/2025\/08\/WhatsApp-Gorsel-2025-08-15-saat-17.17.13_cf614dfc.jpg\"><img decoding=\"async\" loading=\"lazy\" width=\"1024\" height=\"682\" src=\"https:\/\/baraka.cc\/wp-content\/uploads\/2025\/08\/WhatsApp-Gorsel-2025-08-15-saat-17.17.13_cf614dfc-1024x682.jpg\" alt=\"\" class=\"wp-image-11396\" srcset=\"https:\/\/baraka.cc\/wp-content\/uploads\/2025\/08\/WhatsApp-Gorsel-2025-08-15-saat-17.17.13_cf614dfc-1024x682.jpg 1024w, https:\/\/baraka.cc\/wp-content\/uploads\/2025\/08\/WhatsApp-Gorsel-2025-08-15-saat-17.17.13_cf614dfc-300x200.jpg 300w, https:\/\/baraka.cc\/wp-content\/uploads\/2025\/08\/WhatsApp-Gorsel-2025-08-15-saat-17.17.13_cf614dfc-768x512.jpg 768w, https:\/\/baraka.cc\/wp-content\/uploads\/2025\/08\/WhatsApp-Gorsel-2025-08-15-saat-17.17.13_cf614dfc-1536x1023.jpg 1536w, https:\/\/baraka.cc\/wp-content\/uploads\/2025\/08\/WhatsApp-Gorsel-2025-08-15-saat-17.17.13_cf614dfc-1170x780.jpg 1170w, https:\/\/baraka.cc\/wp-content\/uploads\/2025\/08\/WhatsApp-Gorsel-2025-08-15-saat-17.17.13_cf614dfc.jpg 1600w\" sizes=\"(max-width: 1024px) 100vw, 1024px\" \/><\/a><\/figure>\n","protected":false},"excerpt":{"rendered":"<p>&nbsp;Ba\u011f\u0131ms\u0131z K\u0131br\u0131s M\u00fccadelesi \u0130\u00e7in Bir 14 A\u011fustos\u2019ta Daha Sokaklardayd\u0131k!&nbsp; Y\u0131llard\u0131r, her 14 A\u011fustos\u2019ta oldu\u011fu gibi bu y\u0131l da Anonim Gen\u00e7lik \u00d6rg\u00fct\u00fc, Baraka K\u00fclt\u00fcr Merkezi ve<\/p>\n","protected":false},"author":17,"featured_media":11387,"comment_status":"open","ping_status":"open","sticky":false,"template":"","format":"standard","meta":{"jetpack_post_was_ever_published":false,"_jetpack_newsletter_access":"","_jetpack_newsletter_tier_id":0,"jetpack_publicize_message":"","jetpack_is_tweetstorm":false,"jetpack_publicize_feature_enabled":true,"jetpack_social_post_already_shared":true,"jetpack_social_options":{"image_generator_settings":{"template":"highway","enabled":false}}},"categories":[54,45,47,9,1],"tags":[],"jetpack_publicize_connections":[],"jetpack_featured_media_url":"https:\/\/baraka.cc\/wp-content\/uploads\/2025\/08\/WhatsApp-Gorsel-2025-08-15-saat-17.17.14_4f39e9c3.jpg","jetpack_shortlink":"https:\/\/wp.me\/p4eHWX-2XE","jetpack_sharing_enabled":true,"_links":{"self":[{"href":"https:\/\/baraka.cc\/index.php?rest_route=\/wp\/v2\/posts\/11386"}],"collection":[{"href":"https:\/\/baraka.cc\/index.php?rest_route=\/wp\/v2\/posts"}],"about":[{"href":"https:\/\/baraka.cc\/index.php?rest_route=\/wp\/v2\/types\/post"}],"author":[{"embeddable":true,"href":"https:\/\/baraka.cc\/index.php?rest_route=\/wp\/v2\/users\/17"}],"replies":[{"embeddable":true,"href":"https:\/\/baraka.cc\/index.php?rest_route=%2Fwp%2Fv2%2Fcomments&post=11386"}],"version-history":[{"count":1,"href":"https:\/\/baraka.cc\/index.php?rest_route=\/wp\/v2\/posts\/11386\/revisions"}],"predecessor-version":[{"id":11397,"href":"https:\/\/baraka.cc\/index.php?rest_route=\/wp\/v2\/posts\/11386\/revisions\/11397"}],"wp:featuredmedia":[{"embeddable":true,"href":"https:\/\/baraka.cc\/index.php?rest_route=\/wp\/v2\/media\/11387"}],"wp:attachment":[{"href":"https:\/\/baraka.cc\/index.php?rest_route=%2Fwp%2Fv2%2Fmedia&parent=11386"}],"wp:term":[{"taxonomy":"category","embeddable":true,"href":"https:\/\/baraka.cc\/index.php?rest_route=%2Fwp%2Fv2%2Fcategories&post=11386"},{"taxonomy":"post_tag","embeddable":true,"href":"https:\/\/baraka.cc\/index.php?rest_route=%2Fwp%2Fv2%2Ftags&post=11386"}],"curies":[{"name":"wp","href":"https:\/\/api.w.org\/{rel}","templated":true}]}}