{"id":11515,"date":"2025-09-09T13:26:49","date_gmt":"2025-09-09T11:26:49","guid":{"rendered":"https:\/\/baraka.cc\/?p=11515"},"modified":"2025-09-09T13:31:04","modified_gmt":"2025-09-09T11:31:04","slug":"baraka-kultur-merkezi-acik-hava-film-gosterimlerine-eylul-ayinda-dangerous-beauty-tehlikeli-guzellik-1998-abd-filmiyle-devam-ediyor","status":"publish","type":"post","link":"https:\/\/baraka.cc\/?p=11515","title":{"rendered":"Baraka K\u00fclt\u00fcr Merkezi a\u00e7\u0131k hava film g\u00f6sterimlerine Eyl\u00fcl ay\u0131nda \u201cDangerous Beauty (Tehlikeli G\u00fczellik)\u201d (1998, ABD) filmiyle devam ediyor."},"content":{"rendered":"\n<p> <\/p>\n\n\n\n<figure class=\"wp-block-image size-large\"><a href=\"https:\/\/baraka.cc\/wp-content\/uploads\/2025\/09\/1000070256.jpg\"><img decoding=\"async\" loading=\"lazy\" width=\"819\" height=\"1024\" src=\"https:\/\/baraka.cc\/wp-content\/uploads\/2025\/09\/1000070256-819x1024.jpg\" alt=\"\" class=\"wp-image-11516\" srcset=\"https:\/\/baraka.cc\/wp-content\/uploads\/2025\/09\/1000070256-819x1024.jpg 819w, https:\/\/baraka.cc\/wp-content\/uploads\/2025\/09\/1000070256-240x300.jpg 240w, https:\/\/baraka.cc\/wp-content\/uploads\/2025\/09\/1000070256-768x960.jpg 768w, https:\/\/baraka.cc\/wp-content\/uploads\/2025\/09\/1000070256.jpg 1024w\" sizes=\"(max-width: 819px) 100vw, 819px\" \/><\/a><\/figure>\n\n\n\n<p> Sun-\u0130zle-Tart\u0131\u015f format\u0131nda ger\u00e7ekle\u015ftirece\u011fimiz g\u00f6sterimde izleyece\u011fimiz film, R\u00f6nesans d\u00f6nemi Venedik&#8217;in k\u0131s\u0131tlay\u0131c\u0131 de\u011ferleriyle \u00f6zg\u00fcrl\u00fc\u011f\u00fc ve a\u015fk\u0131 aras\u0131nda s\u0131k\u0131\u015fm\u0131\u015f bir kad\u0131n\u0131n hik\u00e2yesini beyazperdeye ta\u015f\u0131yor.<\/p>\n\n\n\n<p> Tehlikeli G\u00fczellik, g\u00fczelli\u011fi ve zek\u00e2s\u0131yla d\u00f6nemin Venedik sosyetesinde dikkat \u00e7eken Veronica Franco\u2019nun ya\u015fam\u0131n\u0131 konu al\u0131yor. Film, onun kendi se\u00e7imlerini yapabilme arzusunu, a\u015fk\u0131 ve tutkuyu aray\u0131\u015f\u0131n\u0131 i\u015flerken, kad\u0131nlar\u0131n toplum i\u00e7indeki konumunu ve \u00f6zg\u00fcrl\u00fck m\u00fccadelesini incelikle ele al\u0131yor. D\u00f6nemin ihti\u015faml\u0131 saraylar\u0131, \u015fiirleri, a\u015fklar\u0131 ve ayn\u0131 zamanda karanl\u0131k taraflar\u0131 film boyunca izleyiciyi i\u00e7ine \u00e7ekiyor. Veronica Franco\u2019nun hik\u00e2yesi yaln\u0131zca ki\u015fisel bir ser\u00fcven de\u011fil, ayn\u0131 zamanda d\u00f6nemin ataerkil d\u00fczenine kar\u015f\u0131 g\u00fc\u00e7l\u00fc bir meydan okuma niteli\u011fi ta\u015f\u0131yor.<\/p>\n\n\n\n<p> Tehlikeli G\u00fczellik g\u00f6sterime girdi\u011fi tarihten bu yana hem tarihi d\u00f6nemin ruhuna yakla\u015f\u0131m\u0131 hem de a\u015fk, \u00f6zg\u00fcrl\u00fck ve cesaret \u00fczerine s\u00f6yledikleriyle tart\u0131\u015fma yaratan filmler aras\u0131nda yer al\u0131yor. Nitekim filmden sonra yapaca\u011f\u0131m\u0131z tart\u0131\u015fmada yaln\u0131zca Veronica Franco\u2019nun hik\u00e2yesi de\u011fil, bug\u00fcne kadar s\u00fcregelen toplumsal meseleler de g\u00fcndeme gelecektir.<\/p>\n\n\n\n<p><strong>13 Eyl\u00fcl Cumartesi ak\u015fam\u0131 saat 20:00\u2019de Baraka\u2019n\u0131n a\u00e7\u0131k hava g\u00f6steriminde bulu\u015fuyoruz!<\/strong><\/p>\n\n\n\n<p><strong>G\u00f6sterimimiz kamuya a\u00e7\u0131k ve \u00fccretsizdir, kat\u0131lmak isteyen herkesi bekleriz <\/strong><\/p>\n","protected":false},"excerpt":{"rendered":"<p>Sun-\u0130zle-Tart\u0131\u015f format\u0131nda ger\u00e7ekle\u015ftirece\u011fimiz g\u00f6sterimde izleyece\u011fimiz film, R\u00f6nesans d\u00f6nemi Venedik&#8217;in k\u0131s\u0131tlay\u0131c\u0131 de\u011ferleriyle \u00f6zg\u00fcrl\u00fc\u011f\u00fc ve a\u015fk\u0131 aras\u0131nda s\u0131k\u0131\u015fm\u0131\u015f bir kad\u0131n\u0131n hik\u00e2yesini beyazperdeye ta\u015f\u0131yor. Tehlikeli G\u00fczellik, g\u00fczelli\u011fi ve<\/p>\n","protected":false},"author":17,"featured_media":11517,"comment_status":"open","ping_status":"open","sticky":false,"template":"","format":"standard","meta":{"jetpack_post_was_ever_published":false,"_jetpack_newsletter_access":"","_jetpack_newsletter_tier_id":0,"jetpack_publicize_message":"","jetpack_is_tweetstorm":false,"jetpack_publicize_feature_enabled":true,"jetpack_social_post_already_shared":true,"jetpack_social_options":{"image_generator_settings":{"template":"highway","enabled":false}}},"categories":[45,9,28,60,1],"tags":[],"jetpack_publicize_connections":[],"jetpack_featured_media_url":"https:\/\/baraka.cc\/wp-content\/uploads\/2025\/09\/IMG-20250909-WA0000.jpg","jetpack_shortlink":"https:\/\/wp.me\/p4eHWX-2ZJ","jetpack_sharing_enabled":true,"_links":{"self":[{"href":"https:\/\/baraka.cc\/index.php?rest_route=\/wp\/v2\/posts\/11515"}],"collection":[{"href":"https:\/\/baraka.cc\/index.php?rest_route=\/wp\/v2\/posts"}],"about":[{"href":"https:\/\/baraka.cc\/index.php?rest_route=\/wp\/v2\/types\/post"}],"author":[{"embeddable":true,"href":"https:\/\/baraka.cc\/index.php?rest_route=\/wp\/v2\/users\/17"}],"replies":[{"embeddable":true,"href":"https:\/\/baraka.cc\/index.php?rest_route=%2Fwp%2Fv2%2Fcomments&post=11515"}],"version-history":[{"count":1,"href":"https:\/\/baraka.cc\/index.php?rest_route=\/wp\/v2\/posts\/11515\/revisions"}],"predecessor-version":[{"id":11518,"href":"https:\/\/baraka.cc\/index.php?rest_route=\/wp\/v2\/posts\/11515\/revisions\/11518"}],"wp:featuredmedia":[{"embeddable":true,"href":"https:\/\/baraka.cc\/index.php?rest_route=\/wp\/v2\/media\/11517"}],"wp:attachment":[{"href":"https:\/\/baraka.cc\/index.php?rest_route=%2Fwp%2Fv2%2Fmedia&parent=11515"}],"wp:term":[{"taxonomy":"category","embeddable":true,"href":"https:\/\/baraka.cc\/index.php?rest_route=%2Fwp%2Fv2%2Fcategories&post=11515"},{"taxonomy":"post_tag","embeddable":true,"href":"https:\/\/baraka.cc\/index.php?rest_route=%2Fwp%2Fv2%2Ftags&post=11515"}],"curies":[{"name":"wp","href":"https:\/\/api.w.org\/{rel}","templated":true}]}}