{"id":11551,"date":"2025-09-10T19:02:01","date_gmt":"2025-09-10T17:02:01","guid":{"rendered":"https:\/\/baraka.cc\/?p=11551"},"modified":"2025-10-08T19:07:14","modified_gmt":"2025-10-08T17:07:14","slug":"baraka-genclik-orkestrasi-sahnelerde","status":"publish","type":"post","link":"https:\/\/baraka.cc\/?p=11551","title":{"rendered":"Baraka Gen\u00e7lik Orkestras\u0131 Sahnelerde"},"content":{"rendered":"\n<p>Baraka K\u00fclt\u00fcr Merkezi b\u00fcnyesinde yer alan Baraka Gen\u00e7lik Orkestras\u0131 yaz aylar\u0131 boyunca \u00e7ok \u00e7e\u015fitli etkinliklerde sahne ald\u0131.<\/p>\n\n\n\n<figure class=\"wp-block-image size-large\"><a href=\"https:\/\/baraka.cc\/wp-content\/uploads\/2025\/10\/1000072439.jpg\"><img decoding=\"async\" loading=\"lazy\" width=\"1024\" height=\"771\" src=\"https:\/\/baraka.cc\/wp-content\/uploads\/2025\/10\/1000072439-1024x771.jpg\" alt=\"\" class=\"wp-image-11552\" srcset=\"https:\/\/baraka.cc\/wp-content\/uploads\/2025\/10\/1000072439-1024x771.jpg 1024w, https:\/\/baraka.cc\/wp-content\/uploads\/2025\/10\/1000072439-300x226.jpg 300w, https:\/\/baraka.cc\/wp-content\/uploads\/2025\/10\/1000072439-768x578.jpg 768w, https:\/\/baraka.cc\/wp-content\/uploads\/2025\/10\/1000072439-1536x1157.jpg 1536w, https:\/\/baraka.cc\/wp-content\/uploads\/2025\/10\/1000072439-1170x881.jpg 1170w, https:\/\/baraka.cc\/wp-content\/uploads\/2025\/10\/1000072439.jpg 2040w\" sizes=\"(max-width: 1024px) 100vw, 1024px\" \/><\/a><\/figure>\n\n\n\n<p> Saadet \u00c7aluda\u2019n\u0131n kolayla\u015ft\u0131r\u0131c\u0131l\u0131\u011f\u0131n\u0131 yapt\u0131\u011f\u0131 ekip, haz\u0131rlad\u0131\u011f\u0131 repertuar\u0131yla davet edildi\u011fi konserlerde b\u00fcy\u00fck be\u011feni toplad\u0131. Baraka Gen\u00e7lik Orkestras\u0131 son olarak 9 Eyl\u00fcl ak\u015fam\u0131 KT\u00d6S salonunda \u201cDe\u011ferlerimizden Gelece\u011fimize\u201d isimli etkinlikte yer alarak seyirciden tam destek almay\u0131 ba\u015fard\u0131. <\/p>\n\n\n\n<figure class=\"wp-block-image size-large\"><a href=\"https:\/\/baraka.cc\/wp-content\/uploads\/2025\/10\/1000072438.jpg\"><img decoding=\"async\" loading=\"lazy\" width=\"1024\" height=\"771\" src=\"https:\/\/baraka.cc\/wp-content\/uploads\/2025\/10\/1000072438-1024x771.jpg\" alt=\"\" class=\"wp-image-11553\" srcset=\"https:\/\/baraka.cc\/wp-content\/uploads\/2025\/10\/1000072438-1024x771.jpg 1024w, https:\/\/baraka.cc\/wp-content\/uploads\/2025\/10\/1000072438-300x226.jpg 300w, https:\/\/baraka.cc\/wp-content\/uploads\/2025\/10\/1000072438-768x578.jpg 768w, https:\/\/baraka.cc\/wp-content\/uploads\/2025\/10\/1000072438-1536x1157.jpg 1536w, https:\/\/baraka.cc\/wp-content\/uploads\/2025\/10\/1000072438-1170x881.jpg 1170w, https:\/\/baraka.cc\/wp-content\/uploads\/2025\/10\/1000072438.jpg 2040w\" sizes=\"(max-width: 1024px) 100vw, 1024px\" \/><\/a><\/figure>\n","protected":false},"excerpt":{"rendered":"<p>Baraka K\u00fclt\u00fcr Merkezi b\u00fcnyesinde yer alan Baraka Gen\u00e7lik Orkestras\u0131 yaz aylar\u0131 boyunca \u00e7ok \u00e7e\u015fitli etkinliklerde sahne ald\u0131. Saadet \u00c7aluda\u2019n\u0131n kolayla\u015ft\u0131r\u0131c\u0131l\u0131\u011f\u0131n\u0131 yapt\u0131\u011f\u0131 ekip, haz\u0131rlad\u0131\u011f\u0131 repertuar\u0131yla davet<\/p>\n","protected":false},"author":17,"featured_media":11552,"comment_status":"open","ping_status":"open","sticky":false,"template":"","format":"standard","meta":{"jetpack_post_was_ever_published":false,"_jetpack_newsletter_access":"","_jetpack_newsletter_tier_id":0,"jetpack_publicize_message":"","jetpack_is_tweetstorm":false,"jetpack_publicize_feature_enabled":true,"jetpack_social_post_already_shared":true,"jetpack_social_options":{"image_generator_settings":{"template":"highway","enabled":false}}},"categories":[63,46,45,9],"tags":[],"jetpack_publicize_connections":[],"jetpack_featured_media_url":"https:\/\/baraka.cc\/wp-content\/uploads\/2025\/10\/1000072439.jpg","jetpack_shortlink":"https:\/\/wp.me\/p4eHWX-30j","jetpack_sharing_enabled":true,"_links":{"self":[{"href":"https:\/\/baraka.cc\/index.php?rest_route=\/wp\/v2\/posts\/11551"}],"collection":[{"href":"https:\/\/baraka.cc\/index.php?rest_route=\/wp\/v2\/posts"}],"about":[{"href":"https:\/\/baraka.cc\/index.php?rest_route=\/wp\/v2\/types\/post"}],"author":[{"embeddable":true,"href":"https:\/\/baraka.cc\/index.php?rest_route=\/wp\/v2\/users\/17"}],"replies":[{"embeddable":true,"href":"https:\/\/baraka.cc\/index.php?rest_route=%2Fwp%2Fv2%2Fcomments&post=11551"}],"version-history":[{"count":1,"href":"https:\/\/baraka.cc\/index.php?rest_route=\/wp\/v2\/posts\/11551\/revisions"}],"predecessor-version":[{"id":11554,"href":"https:\/\/baraka.cc\/index.php?rest_route=\/wp\/v2\/posts\/11551\/revisions\/11554"}],"wp:featuredmedia":[{"embeddable":true,"href":"https:\/\/baraka.cc\/index.php?rest_route=\/wp\/v2\/media\/11552"}],"wp:attachment":[{"href":"https:\/\/baraka.cc\/index.php?rest_route=%2Fwp%2Fv2%2Fmedia&parent=11551"}],"wp:term":[{"taxonomy":"category","embeddable":true,"href":"https:\/\/baraka.cc\/index.php?rest_route=%2Fwp%2Fv2%2Fcategories&post=11551"},{"taxonomy":"post_tag","embeddable":true,"href":"https:\/\/baraka.cc\/index.php?rest_route=%2Fwp%2Fv2%2Ftags&post=11551"}],"curies":[{"name":"wp","href":"https:\/\/api.w.org\/{rel}","templated":true}]}}