{"id":11559,"date":"2025-10-21T07:30:00","date_gmt":"2025-10-21T05:30:00","guid":{"rendered":"https:\/\/baraka.cc\/?p=11559"},"modified":"2025-10-20T16:16:05","modified_gmt":"2025-10-20T14:16:05","slug":"barakada-kizillar-reds-filmi-izlenerek-ekim-devrimi-tartisilacak","status":"publish","type":"post","link":"https:\/\/baraka.cc\/?p=11559","title":{"rendered":"Baraka\u2019da K\u0131z\u0131llar (Reds) Filmi \u0130zlenerek Ekim Devrimi Tart\u0131\u015f\u0131lacak"},"content":{"rendered":"\n<figure class=\"wp-block-image size-full\"><a href=\"https:\/\/baraka.cc\/wp-content\/uploads\/2025\/10\/1000073179-1.jpg\"><img decoding=\"async\" loading=\"lazy\" width=\"940\" height=\"788\" src=\"https:\/\/baraka.cc\/wp-content\/uploads\/2025\/10\/1000073179-1.jpg\" alt=\"\" class=\"wp-image-11561\" srcset=\"https:\/\/baraka.cc\/wp-content\/uploads\/2025\/10\/1000073179-1.jpg 940w, https:\/\/baraka.cc\/wp-content\/uploads\/2025\/10\/1000073179-1-300x251.jpg 300w, https:\/\/baraka.cc\/wp-content\/uploads\/2025\/10\/1000073179-1-768x644.jpg 768w\" sizes=\"(max-width: 940px) 100vw, 940px\" \/><\/a><\/figure>\n\n\n\n<p>Varaka K\u00fclt\u00fcr Merkezi, \u201cSun-\u0130zle-Tart\u0131\u015f\u201d etkinli\u011fi kapsam\u0131nda Ekim ve Kas\u0131m ay\u0131 filmlerini Reds (K\u0131z\u0131llar) olarak belirledi. \u0130ki b\u00f6l\u00fcm halinde g\u00f6sterilecek filmin birinci b\u00f6l\u00fcm\u00fc<strong> 25 Ekim Cumartesi<\/strong>, ikinci b\u00f6l\u00fcm\u00fc ise <strong>1 Kas\u0131m Cumartesi<\/strong> ak\u015fam\u0131 saat <strong>19.00<\/strong>\u2019<strong>da<\/strong> Baraka Lokali\u2019nde izleyicilerle bulu\u015facak. Etkinli\u011fin sunu\u015f k\u0131sm\u0131nda <strong>Ekim Devrimi <\/strong>hakk\u0131nda bilgilendirme yap\u0131lacak. <\/p>\n\n\n\n<p>Warren Beatty, Diane Keaton ve Jack Nicholson\u2019\u0131n ba\u015frollerini payla\u015ft\u0131\u011f\u0131 film, <em>D\u00fcnyay\u0131 Sarsan On G\u00fcn <\/em>kitab\u0131n\u0131n yazar\u0131 John Reed ile feminizmin \u00f6nc\u00fclerinden Louise Bryant\u2019\u0131n ili\u015fkisini merkeze al\u0131rken, ayn\u0131 zamanda 1917 Ekim Devrimi\u2019ni ve 1920\u2019lerdeki Amerikan politika ile sanat \u00e7evresini beyaz perdeye ta\u015f\u0131yor. Film, y\u00f6netmen <strong>Warren Beatty<\/strong>\u2019ye <strong>En \u0130yi Film<\/strong> ve <strong>Y\u00f6netmen<\/strong> dallar\u0131nda <strong>Oscar \u00f6d\u00fcl\u00fc <\/strong>kazand\u0131rm\u0131\u015f; ayr\u0131ca d\u00f6rt oyunculuk kategorisinde <strong>Akademi \u00d6d\u00fcl\u00fc\u2019ne aday g\u00f6sterilen yap\u0131mlardan <\/strong>biri olmu\u015ftur.<\/p>\n\n\n\n<p> G\u00f6sterimlerin ard\u0131ndan yap\u0131lacak tart\u0131\u015fma b\u00f6l\u00fcm\u00fcnde, izleyiciler filmin temalar\u0131 \u00fczerine fikir al\u0131\u015fveri\u015finde bulunabilecek ve <strong>1917 Devrimi\u2019nin<\/strong> g\u00fcn\u00fcm\u00fcze etkilerini birlikte de\u011ferlendirecekler. T\u00fcm sinemaseverler bu \u00fccretsiz etkinli\u011fe davetlidir. <\/p>\n","protected":false},"excerpt":{"rendered":"<p>Varaka K\u00fclt\u00fcr Merkezi, \u201cSun-\u0130zle-Tart\u0131\u015f\u201d etkinli\u011fi kapsam\u0131nda Ekim ve Kas\u0131m ay\u0131 filmlerini Reds (K\u0131z\u0131llar) olarak belirledi. \u0130ki b\u00f6l\u00fcm halinde g\u00f6sterilecek filmin birinci b\u00f6l\u00fcm\u00fc 25 Ekim Cumartesi,<\/p>\n","protected":false},"author":17,"featured_media":11561,"comment_status":"open","ping_status":"open","sticky":false,"template":"","format":"standard","meta":{"jetpack_post_was_ever_published":false,"_jetpack_newsletter_access":"","_jetpack_newsletter_tier_id":0,"jetpack_publicize_message":"","jetpack_is_tweetstorm":false,"jetpack_publicize_feature_enabled":true,"jetpack_social_post_already_shared":true,"jetpack_social_options":{"image_generator_settings":{"template":"highway","enabled":false}}},"categories":[46,45,9,28,60,1],"tags":[],"jetpack_publicize_connections":[],"jetpack_featured_media_url":"https:\/\/baraka.cc\/wp-content\/uploads\/2025\/10\/1000073179-1.jpg","jetpack_shortlink":"https:\/\/wp.me\/p4eHWX-30r","jetpack_sharing_enabled":true,"_links":{"self":[{"href":"https:\/\/baraka.cc\/index.php?rest_route=\/wp\/v2\/posts\/11559"}],"collection":[{"href":"https:\/\/baraka.cc\/index.php?rest_route=\/wp\/v2\/posts"}],"about":[{"href":"https:\/\/baraka.cc\/index.php?rest_route=\/wp\/v2\/types\/post"}],"author":[{"embeddable":true,"href":"https:\/\/baraka.cc\/index.php?rest_route=\/wp\/v2\/users\/17"}],"replies":[{"embeddable":true,"href":"https:\/\/baraka.cc\/index.php?rest_route=%2Fwp%2Fv2%2Fcomments&post=11559"}],"version-history":[{"count":1,"href":"https:\/\/baraka.cc\/index.php?rest_route=\/wp\/v2\/posts\/11559\/revisions"}],"predecessor-version":[{"id":11562,"href":"https:\/\/baraka.cc\/index.php?rest_route=\/wp\/v2\/posts\/11559\/revisions\/11562"}],"wp:featuredmedia":[{"embeddable":true,"href":"https:\/\/baraka.cc\/index.php?rest_route=\/wp\/v2\/media\/11561"}],"wp:attachment":[{"href":"https:\/\/baraka.cc\/index.php?rest_route=%2Fwp%2Fv2%2Fmedia&parent=11559"}],"wp:term":[{"taxonomy":"category","embeddable":true,"href":"https:\/\/baraka.cc\/index.php?rest_route=%2Fwp%2Fv2%2Fcategories&post=11559"},{"taxonomy":"post_tag","embeddable":true,"href":"https:\/\/baraka.cc\/index.php?rest_route=%2Fwp%2Fv2%2Ftags&post=11559"}],"curies":[{"name":"wp","href":"https:\/\/api.w.org\/{rel}","templated":true}]}}