{"id":11563,"date":"2025-10-27T10:22:17","date_gmt":"2025-10-27T08:22:17","guid":{"rendered":"https:\/\/baraka.cc\/?p=11563"},"modified":"2025-10-27T10:24:32","modified_gmt":"2025-10-27T08:24:32","slug":"barakada-reds-kizillar-filmi-izlenerek-ekim-devrimi-uzerine-sunus-yapildi","status":"publish","type":"post","link":"https:\/\/baraka.cc\/?p=11563","title":{"rendered":"Baraka&#8217;da Reds (K\u0131z\u0131llar) Filmi \u0130zlenerek Ekim Devrimi \u00dczerine Sunu\u015f Yap\u0131ld\u0131"},"content":{"rendered":"\n<figure class=\"wp-block-image size-large\"><a href=\"https:\/\/baraka.cc\/wp-content\/uploads\/2025\/10\/1000073596.jpg\"><img decoding=\"async\" loading=\"lazy\" width=\"768\" height=\"1024\" src=\"https:\/\/baraka.cc\/wp-content\/uploads\/2025\/10\/1000073596-768x1024.jpg\" alt=\"\" class=\"wp-image-11564\" srcset=\"https:\/\/baraka.cc\/wp-content\/uploads\/2025\/10\/1000073596-768x1024.jpg 768w, https:\/\/baraka.cc\/wp-content\/uploads\/2025\/10\/1000073596-225x300.jpg 225w, https:\/\/baraka.cc\/wp-content\/uploads\/2025\/10\/1000073596-1152x1536.jpg 1152w, https:\/\/baraka.cc\/wp-content\/uploads\/2025\/10\/1000073596-1170x1560.jpg 1170w, https:\/\/baraka.cc\/wp-content\/uploads\/2025\/10\/1000073596.jpg 1536w\" sizes=\"(max-width: 768px) 100vw, 768px\" \/><\/a><\/figure>\n\n\n\n<p>Baraka K\u00fclt\u00fcr Merkezi &#8220;Sun-\u0130zle-Tart\u0131\u015f&#8221; etkinliklerinde, Ekim ve Kas\u0131m filmi olarak Reds (K\u0131z\u0131llar)&#8221; filmi, iki b\u00f6l\u00fcm halinde g\u00f6steriliyor. \u0130lki, 25 Ekim Cumartesi ger\u00e7ekle\u015fen etkinli\u011fin ikinci b\u00f6l\u00fcm\u00fc 1 Kas\u0131m Cumartesi Baraka&#8217;n\u0131n K\u0131z\u0131lba\u015f&#8217;taki lokalinde yer alacak.  Filmin sunu\u015funda &#8220;D\u00fcnyay\u0131 Sarsan On G\u00fcn&#8221; kitab\u0131n\u0131n yazar\u0131 ve filme konu olan Amerikal\u0131 gazeteci John Reed hakk\u0131nda bilgilerin yan\u0131 s\u0131ra Ekim Devrimi&#8217;ni haz\u0131rlayan sosyo ekonomik ko\u015fullar anlat\u0131ld\u0131. D\u00fcnyada ve Rusya&#8217;da, 20. y\u00fczy\u0131l\u0131n en \u00f6nemli geli\u015fmelerinin ve proleter devrimin nas\u0131l ve neden ya\u015fand\u0131\u011f\u0131n\u0131n analiz edildi\u011fi, gen\u00e7ler i\u00e7in bir e\u011ftim \u00e7al\u0131\u015fmas\u0131 niteli\u011finde olan sunu\u015fta, Bol\u015feviklerin ve Lenin&#8217;in stratejilerinden de bahsedildi. <\/p>\n\n\n\n<figure class=\"wp-block-image size-large is-resized\"><a href=\"https:\/\/baraka.cc\/wp-content\/uploads\/2025\/10\/1000073590.jpg\"><img decoding=\"async\" loading=\"lazy\" src=\"https:\/\/baraka.cc\/wp-content\/uploads\/2025\/10\/1000073590-576x1024.jpg\" alt=\"\" class=\"wp-image-11565\" width=\"367\" height=\"653\" srcset=\"https:\/\/baraka.cc\/wp-content\/uploads\/2025\/10\/1000073590-576x1024.jpg 576w, https:\/\/baraka.cc\/wp-content\/uploads\/2025\/10\/1000073590-169x300.jpg 169w, https:\/\/baraka.cc\/wp-content\/uploads\/2025\/10\/1000073590-768x1365.jpg 768w, https:\/\/baraka.cc\/wp-content\/uploads\/2025\/10\/1000073590-864x1536.jpg 864w, https:\/\/baraka.cc\/wp-content\/uploads\/2025\/10\/1000073590.jpg 900w\" sizes=\"(max-width: 367px) 100vw, 367px\" \/><\/a><\/figure>\n\n\n\n<p>Film sonras\u0131 yap\u0131lan s\u00f6yle\u015fide ise kat\u0131l\u0131mc\u0131lar filmle ilgili g\u00f6r\u00fc\u015flerini ve Ekim Devrimi konusundaki de\u011ferlendirmelerini payla\u015ft\u0131lar. Warren Beatty, Diane Keaton ve Jack Nicholson\u2019\u0131n ba\u015frollerini payla\u015ft\u0131\u011f\u0131 film, John Reed ile feminizmin \u00f6nc\u00fclerinden Louise Bryant\u2019\u0131n ili\u015fkisini merkeze al\u0131rken, ayn\u0131 zamanda 1917 Ekim Devrimi\u2019ni ve 1920\u2019lerdeki Amerikan politika ile sanat \u00e7evresini beyaz perdeye ta\u015f\u0131yor. Film, y\u00f6netmen Warren Beatty\u2019ye En \u0130yi Film ve Y\u00f6netmen dallar\u0131nda Oscar \u00f6d\u00fcl\u00fc kazand\u0131rm\u0131\u015f; ayr\u0131ca d\u00f6rt oyunculuk kategorisinde Akademi \u00d6d\u00fcl\u00fc\u2019ne aday g\u00f6sterilen yap\u0131mlardan biri olmu\u015ftur.<\/p>\n\n\n\n<figure class=\"wp-block-image size-large\"><a href=\"https:\/\/baraka.cc\/wp-content\/uploads\/2025\/10\/1000073593.jpg\"><img decoding=\"async\" loading=\"lazy\" width=\"768\" height=\"1024\" src=\"https:\/\/baraka.cc\/wp-content\/uploads\/2025\/10\/1000073593-768x1024.jpg\" alt=\"\" class=\"wp-image-11567\" srcset=\"https:\/\/baraka.cc\/wp-content\/uploads\/2025\/10\/1000073593-768x1024.jpg 768w, https:\/\/baraka.cc\/wp-content\/uploads\/2025\/10\/1000073593-225x300.jpg 225w, https:\/\/baraka.cc\/wp-content\/uploads\/2025\/10\/1000073593-1152x1536.jpg 1152w, https:\/\/baraka.cc\/wp-content\/uploads\/2025\/10\/1000073593-1170x1560.jpg 1170w, https:\/\/baraka.cc\/wp-content\/uploads\/2025\/10\/1000073593.jpg 1536w\" sizes=\"(max-width: 768px) 100vw, 768px\" \/><\/a><\/figure>\n\n\n\n<figure class=\"wp-block-image size-large\"><a href=\"https:\/\/baraka.cc\/wp-content\/uploads\/2025\/10\/1000073587.jpg\"><img decoding=\"async\" loading=\"lazy\" width=\"576\" height=\"1024\" src=\"https:\/\/baraka.cc\/wp-content\/uploads\/2025\/10\/1000073587-576x1024.jpg\" alt=\"\" class=\"wp-image-11566\" srcset=\"https:\/\/baraka.cc\/wp-content\/uploads\/2025\/10\/1000073587-576x1024.jpg 576w, https:\/\/baraka.cc\/wp-content\/uploads\/2025\/10\/1000073587-169x300.jpg 169w, https:\/\/baraka.cc\/wp-content\/uploads\/2025\/10\/1000073587-768x1365.jpg 768w, https:\/\/baraka.cc\/wp-content\/uploads\/2025\/10\/1000073587-864x1536.jpg 864w, https:\/\/baraka.cc\/wp-content\/uploads\/2025\/10\/1000073587.jpg 900w\" sizes=\"(max-width: 576px) 100vw, 576px\" \/><\/a><\/figure>\n","protected":false},"excerpt":{"rendered":"<p>Baraka K\u00fclt\u00fcr Merkezi &#8220;Sun-\u0130zle-Tart\u0131\u015f&#8221; etkinliklerinde, Ekim ve Kas\u0131m filmi olarak Reds (K\u0131z\u0131llar)&#8221; filmi, iki b\u00f6l\u00fcm halinde g\u00f6steriliyor. \u0130lki, 25 Ekim Cumartesi ger\u00e7ekle\u015fen etkinli\u011fin ikinci b\u00f6l\u00fcm\u00fc<\/p>\n","protected":false},"author":17,"featured_media":11564,"comment_status":"open","ping_status":"open","sticky":false,"template":"","format":"standard","meta":{"jetpack_post_was_ever_published":false,"_jetpack_newsletter_access":"","_jetpack_newsletter_tier_id":0,"jetpack_publicize_message":"","jetpack_is_tweetstorm":false,"jetpack_publicize_feature_enabled":true,"jetpack_social_post_already_shared":true,"jetpack_social_options":{"image_generator_settings":{"template":"highway","enabled":false}}},"categories":[46,9,28,29,60,1],"tags":[],"jetpack_publicize_connections":[],"jetpack_featured_media_url":"https:\/\/baraka.cc\/wp-content\/uploads\/2025\/10\/1000073596.jpg","jetpack_shortlink":"https:\/\/wp.me\/p4eHWX-30v","jetpack_sharing_enabled":true,"_links":{"self":[{"href":"https:\/\/baraka.cc\/index.php?rest_route=\/wp\/v2\/posts\/11563"}],"collection":[{"href":"https:\/\/baraka.cc\/index.php?rest_route=\/wp\/v2\/posts"}],"about":[{"href":"https:\/\/baraka.cc\/index.php?rest_route=\/wp\/v2\/types\/post"}],"author":[{"embeddable":true,"href":"https:\/\/baraka.cc\/index.php?rest_route=\/wp\/v2\/users\/17"}],"replies":[{"embeddable":true,"href":"https:\/\/baraka.cc\/index.php?rest_route=%2Fwp%2Fv2%2Fcomments&post=11563"}],"version-history":[{"count":1,"href":"https:\/\/baraka.cc\/index.php?rest_route=\/wp\/v2\/posts\/11563\/revisions"}],"predecessor-version":[{"id":11568,"href":"https:\/\/baraka.cc\/index.php?rest_route=\/wp\/v2\/posts\/11563\/revisions\/11568"}],"wp:featuredmedia":[{"embeddable":true,"href":"https:\/\/baraka.cc\/index.php?rest_route=\/wp\/v2\/media\/11564"}],"wp:attachment":[{"href":"https:\/\/baraka.cc\/index.php?rest_route=%2Fwp%2Fv2%2Fmedia&parent=11563"}],"wp:term":[{"taxonomy":"category","embeddable":true,"href":"https:\/\/baraka.cc\/index.php?rest_route=%2Fwp%2Fv2%2Fcategories&post=11563"},{"taxonomy":"post_tag","embeddable":true,"href":"https:\/\/baraka.cc\/index.php?rest_route=%2Fwp%2Fv2%2Ftags&post=11563"}],"curies":[{"name":"wp","href":"https:\/\/api.w.org\/{rel}","templated":true}]}}