{"id":11789,"date":"2026-01-20T16:48:27","date_gmt":"2026-01-20T14:48:27","guid":{"rendered":"https:\/\/baraka.cc\/?p=11789"},"modified":"2026-01-20T16:49:00","modified_gmt":"2026-01-20T14:49:00","slug":"baraka-kultur-merkezi-2025-yili-faaliyet-raporu","status":"publish","type":"post","link":"https:\/\/baraka.cc\/?p=11789","title":{"rendered":"Baraka K\u00fclt\u00fcr Merkezi 2025 Y\u0131l\u0131 Faaliyet Raporu"},"content":{"rendered":"\n<p><strong>S\u00dcREKL\u0130 FAAL\u0130YETLER\u0130M\u0130Z:<\/strong><\/p>\n\n\n\n<p><strong>Sun-\u0130zle-Tart\u0131\u015f (\u00dccretsiz Sinema Etkinli\u011fi)<\/strong><\/p>\n\n\n\n<p>Baraka K\u00fclt\u00fcr Merkezi&#8217;nin 2026 senesi i\u00e7erisinde 25. senesini dolduracak olan, her ay bir filmin izlendi\u011fi Sun-\u0130zle-Tart\u0131\u015f etkinli\u011fi 2025 senesinde de devam etti. Sinema sanat\u0131n\u0131n hayat\u0131m\u0131za dokunmu\u015f ve ba\u015fka bir k\u00fclt\u00fcr hayal edebilmemizi sa\u011flayan \u00f6rneklerini demokratik yollarla se\u00e7ti\u011fimiz, filmler hakk\u0131nda sunu\u015f ve tart\u0131\u015fmalar yapt\u0131\u011f\u0131m\u0131z \u00fccretsiz etkinli\u011fimiz, bu sene de birbirinden g\u00fczel insanlara ve filmlere ev sahipli\u011fi yapt\u0131. \u0130lk filmimiz Ocak ay\u0131nda g\u00f6sterilen &#8220;\u0130yi Patron&#8221; idi. Javier Bardem&#8217;in ba\u015frol\u00fcn\u00fc oynad\u0131\u011f\u0131, iyi niyetin yetersiz kald\u0131\u011f\u0131 durumlar\u0131n bir portresi olmas\u0131n\u0131n yan\u0131nda iyi niyetin nerelerde mumla arand\u0131\u011f\u0131n\u0131 da g\u00f6zler \u00f6n\u00fcne seren, s\u00fcr\u00fckleyici bir film idi. \u015eubat ay\u0131nda izledi\u011fimiz &#8220;Don&#8217;t Look Up&#8221; ise g\u00fcn\u00fcm\u00fczde gittik\u00e7e daha s\u0131k kar\u015f\u0131la\u015ft\u0131\u011f\u0131m\u0131z \u00e7evre felaketlerine verilen aldat\u0131c\u0131 tepkileri esprili bir dille beyaz perdeye aktaran ba\u015far\u0131l\u0131 bir yap\u0131m olarak haf\u0131zam\u0131zda yer etti. Mart ay\u0131nda 8 Mart D\u00fcnya Emek\u00e7i Kad\u0131nlar G\u00fcn\u00fc vesilesiyle &#8220;9&#8217;dan 5&#8217;e&#8221; filmini g\u00f6sterdik. Filmde cinsiyet\u00e7ili\u011fe ve zorbal\u0131\u011fa maruz kalan \u00fc\u00e7 kad\u0131n\u0131n bir tesad\u00fcf sonucu \u015firketin ba\u015f\u0131na ge\u00e7mesi ve akabinde kurduklar\u0131 d\u00fczen konu edildi. Nisan ay\u0131nda &#8220;Sacco ile Vanzetti&#8221; ismindeki iki anar\u015fistin dava s\u00fcrecini anlatan ayn\u0131 isimdeki tarihsel ve politik filmi izledik. May\u0131s ay\u0131 laikliik eylemlerine odaklanmam\u0131z dolay\u0131s\u0131yla, Haziran ay\u0131 ise \u0130\u015f\u00e7i Filmleri Festivali dolay\u0131s\u0131yla yapmad\u0131\u011f\u0131m\u0131z Sun-\u0130zle-Tart\u0131\u015f etkinlikliklerimiz, Temmuz ay\u0131ndan itibnaren a\u00e7\u0131k hava g\u00f6sterimleriyle devam etti. \u00c7ay\u0131m\u0131z\u0131 demleyip m\u0131s\u0131r\u0131m\u0131z\u0131 patlatt\u0131k ve lokalimizin bah\u00e7esinde 1980&#8217;lerde Amerika&#8217;da ilk defa kamusal olarak kendisini var etmeye ba\u015flayan cinsiyet \u00f6zg\u00fcrl\u00fc\u011f\u00fc m\u00fccadelesini konu edinen &#8220;Milk&#8221; filmini izledik. A\u011fustos ay\u0131nda K\u0131br\u0131s&#8217;la da derinlemesine ba\u011flar\u0131 olan b\u00fcy\u00fck m\u00fczisyenin hayat\u0131n\u0131 anlatan &#8220;Cem Karaca&#8217;n\u0131n G\u00f6zya\u015flar\u0131&#8221; filmini izledik ve m\u00fczik k\u00fclt\u00fcr\u00fcn\u00fcn zirvelerinden biri olan o d\u00f6nemler hakk\u0131nda kapsaml\u0131 bilgileri birbirimizle payla\u015ft\u0131k. Eyl\u00fcl ay\u0131nda  hem feminist, hem felsefi, hem de tarihsel n\u00fcveler bar\u0131nd\u0131ran &#8220;Tehlikeli G\u00fczellik&#8221; filmiyle a\u00e7\u0131k hava g\u00f6sterimlerimizi sonland\u0131rd\u0131k. Ekim ve Kas\u0131m aylar\u0131nda &#8220;Reds&#8221; filminin, iki par\u00e7a halinde ve uzun sunu\u015flar e\u015fli\u011finde g\u00f6sterimini ger\u00e7ekle\u015ftirdik. Bu senenin Sun-\u0130zle-Tart\u0131\u015f etkinliklerini, Aral\u0131k ay\u0131nda, yine \u00e7evre konusunu ele alan, adada ses getirmi\u015f 2025 yap\u0131m\u0131 &#8220;Ba\u015fka K\u0131br\u0131s Yok&#8221; belgeseliyle, yap\u0131mc\u0131lar\u0131n ve y\u00f6netmenin kat\u0131l\u0131m\u0131yla, tamamlad\u0131k. Tart\u0131\u015fmalar\u0131n giderek geli\u015fti\u011fi, sinema bilgi ve sevgimizin her ge\u00e7en ay peki\u015fti\u011fi bir seneyi daha geride b\u0131rakarak gelecek y\u0131l da h\u0131z kesmeden etkinliklerimize devam etmek \u00fczere seneye veda ettik.<\/p>\n\n\n\n<p><strong>Sol Anahtar\u0131<\/strong><\/p>\n\n\n\n<p>Baraka K\u00fclt\u00fcr Merkezi M\u00fczik Grubu Sol Anahtar\u0131, her y\u0131l oldu\u011fu gibi 2025 y\u0131l\u0131nda da pek \u00e7ok dayan\u0131\u015fma konserinde, anma etkinli\u011finde, k\u00fclt\u00fcr-sanat festivalinde \u00fccretsiz olarak sahne ald\u0131. Sahne performanslar\u0131n\u0131n yan\u0131 s\u0131ra grubumuz, \u201cSpotify\u201d, \u201cApple Music\u201d, \u201cYoutube Music\u201d, \u201cDeezer\u201d, \u201cAmazon Music\u201d, \u201cSoundcloud\u201d gibi dijital m\u00fczik platformlar\u0131nda da yerini almaya devam etmektedir.Grubumuz, y\u0131l\u0131n ilk yar\u0131s\u0131nda sendikalar taraf\u0131ndan organize edilen \u201cDisiplin T\u00fcz\u00fc\u011f\u00fc ve Laiklik\u201d eylemlerinde pek \u00e7ok kez sahne alarak dayan\u0131\u015fma sergiledi. Bu eylemler boyunca \u00e7e\u015fitli il\u00e7elerde konserler veren grubumuz, toplumsal muhalefete \u00f6nemli bir katk\u0131da bulundu ve b\u00fcy\u00fck be\u011feni toplad\u0131. Bu sebepledir ki Sol Anahtar\u0131, bu y\u0131l ilk kez \u201c24. Kutlu Adal\u0131 Bas\u0131n \u00d6d\u00fclleri\u201d kapsam\u0131nda \u201cHakan \u00c7akmak K\u00fclt\u00fcr ve Sanat \u00d6d\u00fcl\u00fc\u201dne lay\u0131k g\u00f6r\u00fcld\u00fc. Grubumuz her y\u0131l oldu\u011fu gibi bu y\u0131l da \u201cBa\u011f\u0131ms\u0131zl\u0131k Yolu\u201d ile dayan\u0131\u015fma amac\u0131yla Lefko\u015fa\u2019da ger\u00e7ekle\u015fen yemekli etkinlikte sahne ald\u0131. Ayr\u0131ca G\u00f6\u00e7-Ta\u015f taraf\u0131ndan Lefko\u015fa\u2019da d\u00fczenlenen 13. Uluslararas\u0131 K\u00fclt\u00fcr Sanat Festivali\u2019nde  \u015fark\u0131lar\u0131m\u0131zla sahnedeydik. <\/p>\n\n\n\n<p><strong>Baraka Gen\u00e7lik Orkestras\u0131<\/strong><\/p>\n\n\n\n<p>Gen\u00e7lerin hem m\u00fczik ve enstr\u00fcman e\u011fitimi alarak kendini geli\u015ftirdi\u011fi hem de konserlere \u00e7\u0131kt\u0131\u011f\u0131 Baraka Gen\u00e7lik Orkestras\u0131, 2025 y\u0131l\u0131 boyunca rutin e\u011fitim \u00e7al\u0131\u015fmalar\u0131na devam ederek \u00e7e\u015fitli etkinliklerde konserler verdi. 28 Haziran\u2019da Khora Yay\u0131nlar\u0131ndan \u00e7\u0131kan kitaplar\u0131n ve yazarlar\u0131n bulu\u015ftu\u011fu etkinlikte verdi\u011fi mini konserin ard\u0131ndan 7 Eyl\u00fcl tarihinde 13. Uluslararas\u0131 G\u00f6\u00e7-Ta\u015f K\u00fclt\u00fcr ve Sanat Festivali\u2019nde sahne ald\u0131. Baraka Gen\u00e7lik Orkestras\u0131 son olarak 9 Eyl\u00fcl ak\u015fam\u0131 KT\u00d6S salonunda \u201cDe\u011ferlerimizden Gelece\u011fimize\u201d isimli etkinlikte yer alarak seyirciden tam destek almay\u0131 ba\u015fard\u0131.<\/p>\n\n\n\n<p><strong>Baraka Tiyatro Ekibi (BTE)<\/strong><\/p>\n\n\n\n<p>Baraka Tiyatro Ekibi 2025 y\u0131l\u0131n\u0131n Mart ay\u0131nda tiyatral teorik metinleri okuma \u00e7al\u0131\u015fmalar\u0131 i\u00e7in bir araya geldi. 16. y\u00fczy\u0131lda \u0130talya&#8217;da ortaya \u00e7\u0131kan, profesyonel gezici tiyatro topluluklar\u0131 taraf\u0131ndan sahnelenen, maskeli ve do\u011fa\u00e7lamaya dayal\u0131 \u0130talyan tiyatro t\u00fcr\u00fc olan Commedia dell\u2019arte hakk\u0131nda \u00e7e\u015fitli makaleler okuyup, \u00f6rnek videolar izleyen ekip, 27 Mart D\u00fcnya Tiyatro G\u00fcn\u00fc\u2019nde kolektif bir bildiriye imza att\u0131.Yeni sezonu Ekim 2025\u2019te e\u011fitim \u00e7al\u0131\u015fmalar\u0131yla a\u00e7an Tiyatro Ekibimiz, 20\u2019ye yak\u0131n yeni tiyatro g\u00f6n\u00fcll\u00fcs\u00fc ile birlikte iki ay boyunca e\u011fitim \u00e7al\u0131\u015fmalar\u0131n\u0131 s\u00fcrd\u00fcrd\u00fc. Nefes, ses, v\u00fccut kulan\u0131m\u0131, yarat\u0131c\u0131 do\u011fa\u00e7lama, Sol Anahtar\u0131 m\u00fczisyenlerinin katk\u0131s\u0131yla ritim ve m\u00fczik  \u00e7al\u0131\u015fmalar\u0131 y\u00fcr\u00fcten Baraka oyuncular\u0131, dramaturg Prof. Dr. Kerem Karabo\u011fa\u2019n\u0131n konu\u015fmac\u0131 olarak kat\u0131ld\u0131\u011f\u0131, Haldun Taner ve T\u00fcrk Tiyatrosuna Etkileri konulu bir seminer de ger\u00e7ekle\u015ftirdi. Aral\u0131k ay\u0131ndan itibaren ise Haldun Taner taraf\u0131ndan kaleme al\u0131nan \u201cE\u015fe\u011fin G\u00f6lgesi\u201d isimli oyunun provalar\u0131na ba\u015flanm\u0131\u015f olup May\u0131s ay\u0131nda seyirciye sunulmas\u0131 planlanmaktad\u0131r. <\/p>\n\n\n\n<p><strong>Argasdi (K\u00fclt\u00fcr-Sanat-Politika Dergisi)<\/strong><\/p>\n\n\n\n<p>K\u00fclt\u00fcr-sanat-politika dergimiz Argasdi 2025 y\u0131l\u0131nda; \u201cRosa L\u00fcxsemburg- K\u0131z\u0131l Rosa\u201d, \u201c\u0130z B\u0131rakanlar 1\u201d, \u201cMemleketin Ahvali\u201d ve \u201cBo\u015fa Zaman HarcaMA\u201d dosya konular\u0131yla yay\u0131n hayat\u0131na devam etti. Dosya konular\u0131n\u0131n \u00e7e\u015fitli boyutlar\u0131yla irdelendi\u011fi Argasdi\u2019de bu y\u0131l yine derginin s\u00fcrekli sayfalar\u0131 olan \u201cMemleketin Ahvali\u201d, \u201cFeminist-\u0130Z\u201d, \u201cK\u0131br\u0131s K\u00fclt\u00fcr\u00fc\u201d gibi b\u00f6l\u00fcmler okuyucuyla bulu\u015fmaya devam etti. Hem d\u00fcnyada hem de K\u0131br\u0131s tarihinde ya\u015fanan olaylar \u201cBellek\u201d sayfas\u0131ndan aktar\u0131l\u0131rken, \u00fclke g\u00fcndemindeki konular\u0131n de\u011ferlendirilmesi ile \u00e7e\u015fitli m\u00fccadele alanlar\u0131ndan yaz\u0131lar Argasdi sayfalar\u0131na ta\u015f\u0131nd\u0131. Bunun yan\u0131 s\u0131ra \u015fiir, m\u00fczik, karikat\u00fcr, kitap, film, \u00fclke g\u00fcndemi ve tiyatro yaz\u0131lar\u0131n\u0131n yer ald\u0131\u011f\u0131 k\u00fclt\u00fcr-sanat sayfalar\u0131 da pek \u00e7ok farkl\u0131 yazar\u0131n kaleminden okurlar\u0131n be\u011fenisine sunuldu. 24 sayfal\u0131k renkli dergi, \u00fclkemizin en uzun s\u00fcre kesintisiz yay\u0131mlanan k\u00fclt\u00fcr-sanat-politika dergisi olarak, yirmi \u00fc\u00e7\u00fcnc\u00fc ya\u015f\u0131na girece\u011fi 2026 y\u0131l\u0131nda da derne\u011fimizin ve emekten yana m\u00fccadele edenlerin fikri ve s\u00f6z\u00fc olmaya devam edecek.<\/p>\n\n\n\n<p><strong>Okuma-Tart\u0131\u015fma Grubu<\/strong><\/p>\n\n\n\n<p>Okuma-Tart\u0131\u015fma grubumuz 2025 y\u0131l\u0131nda da birlikte okuyup, birlikte tart\u0131\u015fmaya devam etti. Baraka\u2019n\u0131n en uzun soluklu etkinlik gruplar\u0131ndan biri olan Okuma-Tart\u0131\u015fma grubu, haftada bir toplan\u0131yor, grup i\u00e7erisinde birlikte karar al\u0131narak belirlenen kitap okunup tart\u0131\u015f\u0131l\u0131yor. Birlikte okuma, kar\u015f\u0131l\u0131kl\u0131 \u00f6\u011frenme ve birlikte d\u00fc\u015f\u00fcnebilme \u00fczerine kurulu grubumuz, ge\u00e7ti\u011fimiz y\u0131la Carl Sagan\u2019\u0131n kaleme ald\u0131\u011f\u0131, \u201cKaranl\u0131k Bir D\u00fcnyada Bilimin Mum I\u015f\u0131\u011f\u0131\u201d kitab\u0131n\u0131 okuyarak girmi\u015fti. Carl Sagan\u2019\u0131n sahte bilim, Yeni \u00c7a\u011f inan\u00e7lar\u0131 ve k\u00f6ktendinci fanatizm gibi d\u00fc\u015f\u00fcnme bi\u00e7imlerini, bilimsel varsay\u0131mlardan ay\u0131rt etmeyi sal\u0131k verdi\u011fi bu kitap vesilesiyle Baraka\u2019da bilimsel d\u00fc\u015f\u00fcnme y\u00f6ntemleri \u00fczerine verimli tart\u0131\u015fmalar yap\u0131ld\u0131.2025 y\u0131l\u0131n\u0131n May\u0131s ay\u0131nda Onur Haftas\u0131 sebebiyle Toplumsal Cinsiyet At\u00f6lyesi d\u00fczenlendi. A\u011fustos ve Ekim aylar\u0131nda ise Baraka\u2019n\u0131n 3 ayda bir \u00e7\u0131kan k\u00fclt\u00fcr-sanat-politika dergisi Argasdi\u2019nin g\u00fcncel say\u0131lar\u0131ndan makaleler, yazarlar\u0131n\u0131n da kat\u0131l\u0131m\u0131yla okundu ve tart\u0131\u015f\u0131ld\u0131. Akademisyen yazar Nevzat Evrim \u00d6nal\u2019\u0131n daha \u00f6nce \u201c\u0130nsan Bencil mi?\u201d adl\u0131 kitab\u0131n\u0131 okuyan grubumuz, ayn\u0131 yazar\u0131n \u201cKi\u015filik Seyrelmesi\u201d, \u201cKi\u015filik S\u0131k\u0131\u015fmas\u0131\u201d ve \u201cD\u00fc\u015f\u00fcnsel \u00c7orakla\u015fma Kar\u015f\u0131s\u0131nda\u201d isimli k\u00f6\u015fe yaz\u0131lar\u0131n\u0131 da birlikte okuyup de\u011ferlendirdi.  Grubumuz 2025 y\u0131l\u0131n\u0131n Kas\u0131m ay\u0131nda ba\u015flad\u0131\u011f\u0131, Danny Katch\u2019in \u201cCiddi Ciddi Sosyalizm\u201d kitab\u0131n\u0131 okumaya ve tart\u0131\u015fmaya devam ediyor. Yazar, kapitalizm ele\u015ftirisi yapt\u0131\u011f\u0131 kitab\u0131nda, sosyalizmin tarihsel ve g\u00fcncel anlam\u0131n\u0131 tart\u0131\u015f\u0131yor. <\/p>\n\n\n\n<p><strong>\u00c7ocuklara Y\u00f6nelik Yaz Etkinlikleri<\/strong><\/p>\n\n\n\n<p>Baraka \u00fcyeleri ve dostlar\u0131, yaz tatilinde 5 hafta boyunca, ilkokul \u00e7ocuklar\u0131na y\u00f6nelik \u00fccretsiz etkinlikler d\u00fczenledi. \u201cBilimle, Sanatla ve Sporla Doya Doya Oyna\u201d temas\u0131yla haftan\u0131n alt\u0131 g\u00fcn\u00fc ger\u00e7ekle\u015ftirilen kurslar, \u201cOkuyan \u0130nsan Halk\u0131n\u0131n Yan\u0131ndad\u0131r\u201d \u00e7a\u011fr\u0131s\u0131yla katk\u0131 koymak isteyen, alan\u0131nda uzman ve deneyimli g\u00f6n\u00fcll\u00fc e\u011fitmenlerle birlikte ger\u00e7ekle\u015ftirildi. \u0130ki etaptan olu\u015fan yaz etkinliklerinde \u00e7ocuklar ilk hafta e\u011fitsel spor oyunlar\u0131 ile hem bedenlerini daha iyi tan\u0131ma f\u0131rsat\u0131 yakalad\u0131 hem de fiziksel becerilerini geli\u015ftirme imk\u00e2n\u0131 buldu.Etkinliklerin ikinci etab\u0131nda ise m\u00fczik, satran\u00e7, yoga, K\u0131br\u0131s k\u00fclt\u00fcr\u00fc, felsefe, g\u00f6rsel sanatlar, halk danslar\u0131, modern dans, fen deneyleri yan\u0131nda, hayvan sevgisi gibi \u00e7e\u015fitli temalarda bilgilendirici ve fark\u0131ndal\u0131k yarat\u0131c\u0131 seminerler verildi. Etkinlikler sonunda yap\u0131lan \u015fenlikte, \u00e7ocuklar ailelerine ve seyircilere \u00e7e\u015fitli g\u00f6steriler sunuldu, ayn\u0131 zamanda g\u00f6rsel sanatlar dersindeki \u00fcretimleri sergilendi ve okuma al\u0131\u015fkanl\u0131\u011f\u0131n\u0131 geli\u015ftirmek i\u00e7in \u00e7ocuklara kitaplar hediye edildi. \u00c7ocuklar\u0131n spor, bilim, sanat ve k\u00fclt\u00fcrel de\u011ferlerle b\u00fcy\u00fcmesinin \u00f6nemine inanan ve t\u00fcm \u00e7ocuklara \u00fccretsiz olarak kap\u0131lar\u0131n\u0131 a\u00e7man\u0131n en b\u00fcy\u00fck sorumluluklardan biri oldu\u011funu d\u00fc\u015f\u00fcnen Baraka, 11 y\u0131ld\u0131r devam eden etkinli\u011fi \u00fccretsiz olarak her y\u0131l tekrarlamay\u0131 planl\u0131yor.<\/p>\n\n\n\n<p><strong>K\u00fclt\u00fcr-Sanat-Bilim Yaz Kamp\u0131<\/strong><\/p>\n\n\n\n<p>Baraka K\u00fclt\u00fcr Merkezi\u2019nin 17. kez d\u00fczenledi\u011fi yaz kamp\u0131, \u201cdevrimci laiklik bilimle gelecek\u201d temas\u0131yla 31 Temmuz-3 A\u011fustos tarihleri ars\u0131nda Limnidi\u2019de  (Ye\u015fil\u0131rmak) \u00e7ad\u0131r kamp\u0131 \u015feklindeger\u00e7ekle\u015ftirildi. Yakla\u015f\u0131k 50 Baraka \u00fcyesi ve sempatizan\u0131n\u0131n kat\u0131ld\u0131\u011f\u0131 kampta, e\u011fitici ve e\u011flenceli oyunlar, k\u00fclt\u00fcr-sanat at\u00f6lyeleri, tarihi eser gezileri, konser, forum, belgesel g\u00f6sterimi, bilimsel sunumlar ve g\u00f6ky\u00fcz\u00fc g\u00f6zlemi gibi faaliyetler yap\u0131ld\u0131. Kamp\u0131n ilk g\u00fcn\u00fcn\u00fcn program\u0131nda, Limnidi b\u00f6lgesinin tarihi ve k\u00fclt\u00fcr\u00fc hakk\u0131nda tan\u0131\u015fma ve kayna\u015fma oyunlar\u0131 ile plastik geri d\u00f6n\u00fc\u015f\u00fcm\u00fc hakk\u0131nda sun-izle-tart\u0131\u015f etkinli\u011fi yer ald\u0131. \u0130kinci g\u00fcn Vuni Saray\u0131\u2019n\u0131 ziyaret eden kamp\u00e7\u0131lar, rehber Hasan Karl\u0131ta\u015f\u2019tan \u00f6nemli bilgiler ald\u0131lar. Satran\u00e7 ve Andrez turnuvalar\u0131 ile S\u0131n\u0131f M\u00fccadelesi oyununda rekabetin de\u011fil dayan\u0131\u015fman\u0131n tad\u0131n\u0131 \u00e7\u0131kran Baraka \u00fcyeleri, ayn\u0131 g\u00fcn\u00fcn ak\u015fam\u0131nda New Horizon K\u0131br\u0131s Astronomi ve Uzay Bilimleri \u0130nisiyatifi e\u011fitmenlerinin sunumlar\u0131n\u0131 dinlediler. New Horizon e\u011fitmenlerinin \u201cEvrende \u0130z B\u0131rakanlar: Bilim Kad\u0131nlar\u0131 ve Y\u0131ld\u0131zlar\u0131n Evrimi\u201d ba\u015fl\u0131kl\u0131 e\u011fitici sunumundan sonra teleskopla g\u00f6ky\u00fcz\u00fc g\u00f6zlemi ger\u00e7ekle\u015ftirildi. Kamp\u0131n \u00fc\u00e7\u00fcnc\u00fc g\u00fcn\u00fcnde \u201cDevrimci Laiklik Bilimle Gelecek\u201d ba\u015fl\u0131kl\u0131 forumda laiklik kavram\u0131n\u0131, tarihsel geli\u015fimini, \u00fclkemizdeki kar\u015f\u0131l\u0131\u011f\u0131n\u0131, din-toplum-devlet ili\u015fkilerini tart\u0131\u015fan kamp\u00e7\u0131lar, bilimin halk\u0131n hizmetine sunulmas\u0131n\u0131n \u00f6nemini vurgulad\u0131lar. Ayn\u0131 esnada \u00e7ocuklar i\u00e7in K\u0131br\u0131s \u00e7ocuk oyunlar\u0131 etkinlikleri d\u00fczenlendi. \u00d6\u011fleden sonra ger\u00e7ekle\u015fen \u00fc\u00e7 farkl\u0131 at\u00f6lyede ise sirtaki, ritim ve ta\u015f boyama etkinlikleri yap\u0131ld\u0131. Kamp\u0131n son ak\u015fam\u0131 sahne alan Baraka Gen\u00e7lik Orkestras\u0131\u2019n\u0131n yan\u0131 s\u0131ra, Sol Anahtar\u0131 \u00f6zel bir dinleti sunarak Erdin\u00e7 G\u00fcnd\u00fcz\u2019\u00fcn an\u0131s\u0131na \u015fark\u0131lar s\u00f6yledi.<\/p>\n\n\n\n<p><strong> \u201cNe Biling?\u201d Soru ve Oyun Gecesi <\/strong><\/p>\n\n\n\n<p>Baraka\u2019n\u0131n yeni d\u00fc\u015f\u00fcnce ve e\u011flence serisi olan \u201cNe Biling?\u201d, Aral\u0131k ay\u0131nda ilk etkinli\u011fini ger\u00e7ekle\u015ftirdi. G\u00fcndelik ya\u015famda s\u0131k\u00e7a kar\u015f\u0131m\u0131za \u00e7\u0131kan ancak \u00e7o\u011fu zaman \u00fczerine d\u00fc\u015f\u00fcnmeye f\u0131rsat bulmad\u0131\u011f\u0131m\u0131z kavramlar, ki\u015filer, olaylar ve mek\u00e2nlar\u2026 Bu etkinlikte hepsi, belirlenen tema do\u011frultusunda yeniden anlam kazan\u0131yor. K\u00fclt\u00fcr, sanat, bilim, siyaset, felsefe, spor ve hayat\u0131n her k\u00f6\u015fesine s\u0131zan ba\u015fka pek \u00e7ok alandan olu\u015fturulan ba\u015fl\u0131klarla sorular y\u00f6neltiliyor; yan\u0131tlar\u0131 birlikte bulunuyor. Bu sadece bir yar\u0131\u015fma de\u011fil; bilgiyi hat\u0131rlama kadar onu sorgulama, yorumlama ve yeniden ke\u015ffetme deneyimi.Ayda bir olmas\u0131 planlanan etkinli\u011fin ilk konusu \u201cK\u0131br\u0131s Kelimeleri ve Mekanlar\u0131 Hakk\u0131nda Ne Biling?\u201d oldu. K\u0131br\u0131s kelimeleri ve mekanlar\u0131 hakk\u0131nda unuttuklar\u0131m\u0131z\u0131 hat\u0131rlat\u0131rken bilmediklerimizi de \u00f6\u011fretti ve birlikte yard\u0131mla\u015farak hareket etmenin \u00f6nemini hat\u0131rlatt\u0131.<\/p>\n\n\n\n<p><strong>Do\u011fa ve K\u00fclt\u00fcr Gezileri<\/strong><\/p>\n\n\n\n<p>Derne\u011fimiz, \u201csevmek tan\u0131makla ba\u015flar\u201d \u015fiar\u0131yla, ilkbahar ve sonbaharda, biri Kaleburnu (Galinopourni) di\u011feri Lefke olmak \u00fczere iki b\u00f6lgeye, do\u011fa ve k\u00fclt\u00fcr gezisi d\u00fczenledi. 50\u2019ye yak\u0131n ki\u015finin kat\u0131ld\u0131\u011f\u0131 gezilerde, b\u00f6lgenin ileri gelenleri ile temaslar kurularak de\u011ferli bilgiler de al\u0131nd\u0131.6 Nisan Pazar g\u00fcn\u00fc Kaleburnu\u2019na do\u011fru \u00e7\u0131k\u0131lan otob\u00fcs yolculu\u011funda kat\u0131l\u0131mc\u0131lara, arkeolog Tuncer Ba\u011f\u0131\u015fkan\u2019\u0131n yaz\u0131lar\u0131ndan derlenen tarihi bilgiler verildi. K\u00f6y kahvesinde Muhtar Halil Ye\u015filbulut ve b\u00f6lge halk\u0131 ile s\u00f6yle\u015fi ger\u00e7ekle\u015ftiren ve hediyeler sunan Baraka \u00fcyeleri, ard\u0131ndan Kral Tepesi\u2019ne bir y\u00fcr\u00fcy\u00fc\u015f yapt\u0131. Kemal Deveci\u2019nin etnografya evini de ziyaret eden kat\u0131l\u0131mc\u0131lar, yak\u0131n tarihimiz ve ge\u00e7mi\u015fte kullan\u0131lan \u00fcretim e\u015fyalar\u0131 hakk\u0131nda g\u00f6zlemlerde bulundular. 9 Kas\u0131m Pazar g\u00fcn\u00fc ise \u201cCMC\u2019nin \u0130zinde\u201d temas\u0131yla Lefke\u2019de \u00e7e\u015fitli ziyaretler ger\u00e7ekle\u015ftiren Barakac\u0131lar, Enver B\u0131ld\u0131r\u2019\u0131n CMC ve Lefke hakk\u0131ndaki detayl\u0131 sunumunun ard\u0131ndan Hasan Karl\u0131ta\u015f rehberli\u011finde Maden M\u00fczesi\u2019nin gezdiler. Madenci An\u0131t\u0131\u2019nda, b\u00f6lgenin tarihi, k\u00fclt\u00fcrel yap\u0131s\u0131, madencilerin \u00e7al\u0131\u015fma ko\u015fullar\u0131, madenin yaratt\u0131\u011f\u0131 ekolojik tahribat ve 1948 maden grevi hakk\u0131nda \u00f6nemli bilgiler alan Baraka \u00fcyeleri, Gemikona\u011f\u0131 G\u00f6leti ve Karada\u011f a\u00e7\u0131k madeni de ziyaret ettiler. <\/p>\n\n\n\n<p><strong>Foto\u011fraf\u00e7\u0131l\u0131k Kul\u00fcb\u00fc<\/strong><\/p>\n\n\n\n<p>\u00dcyelere \u00f6zel etkinlikler ve foto\u011fraf\u00e7\u0131l\u0131k \u00fczerine e\u011fitimlerle faaliyete ge\u00e7en Baraka Foto\u011fraf\u00e7\u0131l\u0131k Kul\u00fcb\u00fc, 2025 y\u0131l\u0131 i\u00e7erisinde \u00fcyeleriyle birlikte Vasilya\u2019da bulunan Sina Manast\u0131r\u0131\u2019na foto\u011fraf ve do\u011fa gezisi d\u00fczenledi. Tarihin, mimarinin ve do\u011fan\u0131n i\u00e7 i\u00e7e oldu\u011fu manast\u0131r hakk\u0131nda bilgiler de edinen kul\u00fcp \u00fcyeleri farkl\u0131 foto\u011fraf\u00e7\u0131l\u0131k t\u00fcrlerini de deneyimlemi\u015f oldular. Y\u0131l\u0131n ikinci d\u00f6neminde ise d\u0131\u015far\u0131ya a\u00e7\u0131lan Baraka Foto\u011fraf\u00e7\u0131l\u0131k Kul\u00fcb\u00fc, Alevkayas\u0131\u2019nda bulunan Sourp Magar Ermeni Manast\u0131r\u0131\u2019na, hem \u00fcyelerinin hem de \u00fcye olmayan foto\u011fraf merakl\u0131s\u0131 ki\u015filerin kat\u0131l\u0131m\u0131yla do\u011fa ve foto\u011fraf gezisi d\u00fczenledi. Kat\u0131l\u0131mc\u0131lar, harabe olarak kalan manast\u0131r\u0131n bak\u0131ms\u0131z olsa da do\u011fa i\u00e7indeki g\u00fczelli\u011fini ve Alevkayas\u0131\u2019n\u0131n ye\u015fil dokusunu kadrajlar\u0131na s\u0131\u011fd\u0131rd\u0131lar.<\/p>\n\n\n\n<p><strong>Bir Mikrofon Bir Hikaye<\/strong><\/p>\n\n\n\n<p>K\u0131sa r\u00f6portajlar ile belgesel tad\u0131nda videolar haz\u0131rlayan \u00e7al\u0131\u015fma grubumuz \u201cBir Mikrofon Bir Hikaye\u201d, bu y\u0131l da \u00e7e\u015fitli tarihsel konular\u0131 izleyicilerine ula\u015ft\u0131rd\u0131 ve Youtube kanal\u0131nda yay\u0131nlayarak tarihe bir not d\u00fc\u015fm\u00fc\u015f oldu.Senenin ilk hikayesi K\u0131br\u0131sl\u0131 T\u00fcrk halk\u0131n\u0131n bat\u0131r\u0131lan \u00f6nemli bir de\u011feri olan K\u0131br\u0131s T\u00fcrk Hava Yollar\u0131 direni\u015fiydi. Halka sa\u011flad\u0131\u011f\u0131 ula\u015f\u0131m imkan\u0131n\u0131n \u00f6tesinde, varl\u0131\u011f\u0131 ile yaratt\u0131\u011f\u0131 olumlu hava ile moral kayna\u011f\u0131 olan bu \u00f6nemli kurumun emek\u00e7isine; Tarkan Atakan\u2019a mikrofonumuzu uzatt\u0131k. Hem K\u0131br\u0131s T\u00fcrk Hava Yollar\u0131\u2019n\u0131n i\u015fleyi\u015fini hem orada olu\u015fturulan yap\u0131y\u0131 hem de kapat\u0131lma s\u00fcrecinde emek\u00e7ilerin koydu\u011fu eylemi, y\u00fckseltti\u011fi s\u00f6ylemi ve g\u00f6rd\u00fc\u011f\u00fc dayan\u0131\u015fmay\u0131 dinledik.Bir di\u011fer videomuzda ise 8 Mart D\u00fcnya Emek\u00e7i Kad\u0131nlar g\u00fcn\u00fcnde sokakta ilk kez ger\u00e7ekle\u015fen eylemin hikayesini ele ald\u0131k. Sosyalist feminizmin yay\u0131lmas\u0131nda \u00f6nemli e\u015fiklerden biri olan 8 Mart g\u00fcn\u00fcne ve 2010 tarihine d\u00f6n\u00fcp bakt\u0131k ve soka\u011f\u0131n \u00f6rg\u00fctlendi\u011fi bu \u00f6nemli g\u00fcnde ger\u00e7ekle\u015fen eylemin \u00f6ncesini ve sonras\u0131n\u0131 dinlemek i\u00e7in mikrofonumuzu Baraka K\u00fclt\u00fcr Merkezi Y\u00f6netim Kurulu \u00dcyesi Nazen \u015eansal\u2019a uzatt\u0131k. Bir Mikrofon Bir Hik\u00e2ye ekibi olarak bir sonraki hik\u00e2yede, ada halklar\u0131n\u0131 birbirine k\u0131rd\u0131ran, ac\u0131lar ya\u015fat\u0131p g\u00f6\u00e7e zorlayan sava\u015f y\u0131llar\u0131na uzand\u0131k. Mikrofonumuzun ucunda, patlayan bir silahtan \u00e7\u0131kan kur\u015funlarla yaralanan ve yaral\u0131 haliyle bilmedi\u011fi bir yolculu\u011fa \u00e7\u0131kan \u0130smet Konca ve bu yolculukta k\u00fc\u00e7\u00fck \u0130smet\u2019e yolda\u015fl\u0131k eden Andreas Haralambous vard\u0131. Sava\u015f y\u0131llar\u0131nda, k\u00fc\u00e7\u00fck \u0130smet\u2019in Adnreas taraf\u0131ndan nas\u0131l hayata kazand\u0131rd\u0131\u011f\u0131n\u0131 anlatan bu \u00f6zel hik\u00e2yeyi izleyicilerle bulu\u015fturduk.<\/p>\n\n\n\n<p><strong>Umut Bah\u00e7esi<\/strong><\/p>\n\n\n\n<p> Kentsel yerle\u015fim kaynakl\u0131 betonla\u015fman\u0131n artmas\u0131 ve toplu ta\u015f\u0131ma yoksunlu\u011funda bireysel ta\u015f\u0131t say\u0131s\u0131n\u0131n artmas\u0131yla kirli gaz sal\u0131m\u0131n\u0131n da yo\u011funla\u015fmas\u0131 gibi \u00e7evresel fakt\u00f6rler, sa\u011fl\u0131kl\u0131 ya\u015fam hakk\u0131m\u0131z\u0131 elimizden almaktad\u0131r. Bu durumda da ya\u015fam alanlar\u0131m\u0131zda ye\u015fil alanlara ihtiyac\u0131m\u0131z bulunmaktad\u0131r. Bu d\u00fc\u015f\u00fcnceyle 2017 y\u0131l\u0131nda Lefko\u015fa\u2019da hayata kazand\u0131rd\u0131\u011f\u0131m\u0131z Umut Bah\u00e7esi 7 y\u0131l\u0131 a\u015fk\u0131n s\u00fcredir temiz havaya dair bir nefes umut olmaya devam ediyor. 2021 y\u0131l\u0131nda LTB Belediye Meclisi\u2019nin onay\u0131yla \u201cUmut Bah\u00e7esi\u201d ad\u0131n\u0131 alan, Ba\u011f\u0131ms\u0131zl\u0131k Yolu ile Baraka K\u00fclt\u00fcr Merkezinin var etti\u011fi ye\u015fil alanda d\u00fczenli olarak bak\u0131m, sulama ve temizlik faaliyetleri son 7 y\u0131ld\u0131r oldu\u011fu gibi 2025 y\u0131l\u0131nda da s\u00fcrd\u00fcr\u00fcld\u00fc. Kolektif \u00e7abam\u0131zla ve umutlar\u0131m\u0131zla birlikte ye\u015fermeye devam eden bah\u00e7enin, \u00f6n\u00fcm\u00fczdeki y\u0131llarda keyifli etkinliklere ev sahipli\u011fi yapmas\u0131 i\u00e7in \u00e7al\u0131\u015f\u0131l\u0131yor.<\/p>\n\n\n\n<p><strong>K\u00fct\u00fcphane<\/strong><\/p>\n\n\n\n<p>Derne\u011fimiz b\u00fcnyesinde yer alan ve ar\u015fiv niteli\u011fi ta\u015f\u0131yan k\u00fct\u00fcphanemiz, 2025 y\u0131l\u0131 i\u00e7erisinde yeniden d\u00fczenlenmi\u015f; raflar\u0131 yenilenerek gerekli bak\u0131m ve iyile\u015ftirme \u00e7al\u0131\u015fmalar\u0131 ger\u00e7ekle\u015ftirilmi\u015ftir. A\u011f\u0131rl\u0131kl\u0131 olarak yerli yazarlar\u0131m\u0131za ait olmak \u00fczere \u00e7ok say\u0131da yeni eser k\u00fct\u00fcphane ar\u015fivimize kazand\u0131r\u0131lm\u0131\u015ft\u0131r. Halka a\u00e7\u0131k olan k\u00fct\u00fcphanemizden, dileyen herkes kitap \u00f6d\u00fcn\u00e7 alabilmektedir. Kitaplar\u0131m\u0131z, daha fazla dostumuza ula\u015fabilmesi amac\u0131yla 1 ay s\u00fcreyle \u00f6d\u00fcn\u00e7 verilmektedir. Kitap \u00f6d\u00fcn\u00e7 almak isteyenlerin derne\u011fimize gelerek se\u00e7tikleri kitab\u0131 dernekte bulunan \u00fcyemize kay\u0131t yapt\u0131rmalar\u0131 yeterlidir.<\/p>\n\n\n\n<p><strong>B\u0130LE\u015eEN\u0130 OLDU\u011eUMUZ\/KATILDI\u011eIMIZ ORGAN\u0130ZASYONLAR:<\/strong><\/p>\n\n\n\n<p><strong>Uluslararas\u0131 K\u0131br\u0131s \u0130\u015f\u00e7i Filmleri Festivali<\/strong><\/p>\n\n\n\n<p>Pek \u00e7ok sendika ve \u00f6rg\u00fctle birlikte, 11-21 Haziran tarihleri aras\u0131nda Uluslararas\u0131 K\u0131br\u0131s \u0130\u015f\u00e7i Filmleri Festivali d\u00fczenledik. Biletsiz ve \u00fccretsiz g\u00f6sterimlerle eme\u011fin sesini beyaz perdeden yans\u0131tarak Lefko\u015fa\u2019da 4, Ma\u011fusa\u2019da 1 film g\u00f6sterimi ger\u00e7ekle\u015ftirdik. Lefko\u015fa\u2019da s\u0131ras\u0131 ile Persepolis, \u0130\u015f\u00e7ilerin Haziran\u0131, G\u00fcl\u00fcn Ad\u0131 ve Made In Bangladesh filmlerini ekrana yans\u0131tt\u0131k. \u201cI\u015f\u0131klar a\u00e7\u0131k, Plan \u00e7ok, Karanl\u0131\u011fa Ge\u00e7ik Yok\u201d temas\u0131yla d\u00fczenlenen festivalin Ma\u011fusa g\u00f6steriminde ise \u00dclke ve \u00d6zg\u00fcrl\u00fck filmi izlendi. <\/p>\n\n\n\n<p><strong>D\u00fcnya Yaln\u0131z Bizim De\u011fil Hareketi<\/strong><\/p>\n\n\n\n<p> Bile\u015feni oldu\u011fumuz D\u00fcnya Yaln\u0131z Bizim De\u011fil hareketi ve hayvansever \u00f6rg\u00fctlerle birlikte, Karpaz e\u015feklerinin ve sokak hayvanlar\u0131n\u0131n korunmas\u0131 amac\u0131yla \u015eubat ay\u0131nda Meclis \u00f6n\u00fcnde bir bas\u0131n a\u00e7\u0131klamas\u0131 ger\u00e7ekle\u015ftirdik. Sadece e\u015feklerimize de\u011fil t\u00fcm canlara sahip \u00e7\u0131kmak i\u00e7in m\u00fccadeleye devam edece\u011fimizi vurgulad\u0131k. \u0130nsan haklar\u0131 ile hayvan haklar\u0131n\u0131n birlikte geli\u015fece\u011fini belirterek, Hayvan Refah\u0131 Yasas\u0131\u2019n\u0131n uygulanmas\u0131 ve ve iyile\u015ftirilmesi, Ceza Yasas\u0131\u2019n\u0131n de\u011fi\u015ftirilmesi talebimizi yineledik. Meclis Komitesindeki katk\u0131lar\u0131m\u0131z ve t\u00fcm hayvanseverlerin emekleriyle, hayvanlara eziyet edenlerin cezaland\u0131r\u0131lmas\u0131n\u0131 sa\u011flayacak olan Ceza (De\u011fi\u015fiklik) Yasas\u0131 Meclisten ge\u00e7ti. <\/p>\n\n\n\n<p><strong>Kad\u0131n E\u011fitimi Kolektifi<\/strong><\/p>\n\n\n\n<p>Bile\u015feni oldu\u011fumuz Kad\u0131n E\u011fiti Kolektifi 2025 y\u0131l\u0131nda da hem e\u011fitim ve bilin\u00e7 y\u00fckseltme \u00e7al\u0131\u015fmalar\u0131na hem de eylem ve etkinliklerine devam etti ve Baraka \u00fcyeleri olarak bu etkinliklere gerek e\u011fitmen gerekse kat\u0131l\u0131mc\u0131 olarak katk\u0131 koyduk. 8 Mart, 25 Kas\u0131m gibi \u00f6zel g\u00fcnlerdeki eylemleri organize ettik. <\/p>\n\n\n\n<p> <strong>Toplumsal M\u00fccadele Platformu<\/strong><\/p>\n\n\n\n<p>Ma\u011fusa\u2019daki \u00f6rg\u00fctlerin ba\u015f\u0131n\u0131 \u00e7ekti\u011fi Toplumsal M\u00fccadele Platformu\u2019nun bile\u015feni olarak kad\u0131n cinayetlerinin etkin soru\u015fturulmas\u0131 i\u00e7in m\u00fccadele verdik.  Ahsen Nur Kilit\u00e7io\u011flu\u2019nun \u015f\u00fcpheli \u00f6l\u00fcm\u00fc ile ilgli eylem ve etkinliklere kat\u0131ld\u0131k. <\/p>\n\n\n\n<p><strong>Hasder Yuvarlak Masa Toplant\u0131s\u0131 <\/strong><\/p>\n\n\n\n<p>Baraka K\u00fclt\u00fcr Merkezi olarak Lefko\u015fa Gen\u00e7lik G\u00fcnleri kapsam\u0131nda Hasder Gen\u00e7lik Kul\u00fcb\u00fc\u2019n\u00fcn organize etti\u011fi yuvarlak masa toplant\u0131s\u0131na kat\u0131ld\u0131k. \u201cS\u00fcrd\u00fcr\u00fclebilir Bir Gelecek \u0130\u00e7in Gen\u00e7lerin G\u00fc\u00e7lendirilmesi\u201d konulu toplant\u0131da g\u00f6r\u00fc\u015flerimizi, yaz\u0131l\u0131 ve s\u00f6zl\u00fc olarak di\u011fer kat\u0131l\u0131mc\u0131larla payla\u015ft\u0131k ve sorular\u0131 yan\u0131tlad\u0131k. Ger\u00e7ek s\u00fcrd\u00fcr\u00fclebilirli\u011fin ancak e\u015fitlik\u00e7i ve adil bir toplumsal d\u00fczenle m\u00fcmk\u00fcn olabilece\u011finin alt\u0131n\u0131 \u00e7izdik.<\/p>\n\n\n\n<p><strong>EYLEMLER\u0130M\u0130Z:<\/strong><\/p>\n\n\n\n<p><strong>8 Mart D\u00fcnya Emek\u00e7i Kad\u0131nlar G\u00fcn\u00fc<\/strong><\/p>\n\n\n\n<p>Onlarca sendika ve \u00f6rg\u00fctle birlikte, 8 Mart Organizasyon Komitesi\u2019nin bile\u015feni olarak Lefko\u015fa\u2019da organize etti\u011fimiz gece y\u00fcr\u00fcy\u00fc\u015f\u00fcnde pankart ve sloganlar\u0131m\u0131zla yerimizi ald\u0131k. Girne\u2019de de Kaymakaml\u0131k \u00f6n\u00fcndeki bas\u0131n a\u00e7\u0131klamas\u0131na kat\u0131larak yetkilileri kad\u0131nlar\u0131n taleplerini duymaya ve gere\u011fini yapmaya \u00e7a\u011f\u0131rd\u0131k. <\/p>\n\n\n\n<p><strong>1 May\u0131s \u0130\u015f\u00e7i Bayram\u0131, Emek ve Dayan\u0131\u015fma G\u00fcn\u00fc<\/strong><\/p>\n\n\n\n<p>Baraka K\u00fclt\u00fcr Merkezi olarak 1 May\u0131s\u2019ta \u201cNe K\u00fclliye Ne Sermaye Sosyalizm Tek \u00c7are\u201d pankart\u0131m\u0131zla sokaktayd\u0131k. \u0130\u015f\u00e7ilerin, emek\u00e7ilerin ve ezilen t\u00fcm kesimlerin hak ve \u00f6zg\u00fcrl\u00fcklerini bir arada co\u015fkuyla ifade etti\u011fi, sokakta isyan\u0131n\u0131 hayk\u0131rd\u0131\u011f\u0131 bug\u00fcnde kortejimiz, bayrak ve sloganlar\u0131m\u0131zla sokaktaki yerimiz ald\u0131k. <\/p>\n\n\n\n<p><strong>17 May\u0131s Uluslararas\u0131 Homofobi, Bifobi ve Transfobi Kar\u015f\u0131tl\u0131\u011f\u0131 G\u00fcn\u00fc<\/strong><\/p>\n\n\n\n<p>Her sene oldu\u011fu gibi bu sene de \u00e7e\u015fitli \u00f6rg\u00fctlerden olu\u015fan organizasyon komitesinde yer ald\u0131k. \u00d6rg\u00fctlerin etkinliklerini ger\u00e7ekle\u015ftirdikleri iki haftal\u0131k s\u00fcre\u00e7 sonras\u0131nda, \u201cBask\u0131 Tek Renktir Direni\u015f G\u00f6kku\u015fa\u011f\u0131\u201d temas\u0131 ile ger\u00e7ekle\u015fen Onur Y\u00fcr\u00fcy\u00fc\u015f\u00fc\u2019ne kat\u0131ld\u0131k. Ayr\u0131ca Baraka lokalinde Homofobi, Transfobi ve Bifobi Kar\u015f\u0131tl\u0131\u011f\u0131 Haftas\u0131 etkinlikleri \u00e7er\u00e7evesinde keyifli ve ufuk a\u00e7\u0131c\u0131 bir &#8220;Toplumsal Cinsiyet At\u00f6lyesi&#8221; ger\u00e7ekle\u015ftirdik.<\/p>\n\n\n\n<p> <strong>14 A\u011fustos Ba\u011f\u0131ms\u0131z K\u0131br\u0131s Y\u00fcr\u00fcy\u00fc\u015f\u00fc<\/strong><\/p>\n\n\n\n<p>Her sene oldu\u011fu gibi bu sene de Ba\u011f\u0131ms\u0131z K\u0131br\u0131s i\u00e7in sokaklardayd\u0131k; sesimiz meydanlarda, ad\u0131mlar\u0131m\u0131z yollarda yank\u0131land\u0131. Anonim Gen\u00e7lik, Baraka K\u00fclt\u00fcr Merkezi ve Ba\u011f\u0131ms\u0131zl\u0131k Yolu\u2019nun organize etti\u011fi Ba\u011f\u0131ms\u0131z K\u0131br\u0131s y\u00fcr\u00fcy\u00fc\u015f\u00fcnde  ilk olarak \u0130ngiliz Y\u00fcksek Komiserli\u011fi\u2019nde ard\u0131ndan da Amerikan Temsilcili\u011fi\u2019nde ve TC Lefko\u015fa B\u00fcy\u00fckel\u00e7ili\u011fi \u00f6n\u00fcnde ortak bas\u0131n a\u00e7\u0131klamas\u0131 yapt\u0131k. 1 Eyl\u00fcl D\u00fcnya Bar\u0131\u015f G\u00fcn\u00fc1 Eyl\u00fcl\u2019de \u00e7\u00f6z\u00fcm,  federasyon ve halklar\u0131n karde\u015fli\u011fi i\u00e7in sokaktayd\u0131k. Lefko\u015fa, Ku\u011fulu Park\u2019ta bulu\u015fup sendikalar\u0131n organize etti\u011fi \u201ciki toplumlu bar\u0131\u015f etkinli\u011fi\u201dne kat\u0131ld\u0131k. Emperyalizmin \u00fcss\u00fc haline getirilmi\u015f, onlarca y\u0131ld\u0131r b\u00f6l\u00fcnm\u00fc\u015fl\u00fc\u011f\u00fcn ac\u0131s\u0131n\u0131 ya\u015fayan adam\u0131zdan; Siyonist ve emperyalist sald\u0131rganl\u0131klar\u0131n kan g\u00f6l\u00fcne \u00e7evirdi\u011fi yak\u0131n co\u011frafyam\u0131zda s\u00fcren y\u0131k\u0131mlara kar\u015f\u0131 dayan\u0131\u015fmam\u0131z\u0131 g\u00f6sterdik.<\/p>\n\n\n\n<p><strong>25 Kas\u0131m Kad\u0131na Y\u00f6nelik \u015eiddete Kar\u015f\u0131 M\u00fccadele G\u00fcn\u00fc<\/strong><\/p>\n\n\n\n<p>Onlarca sendika ve \u00f6rg\u00fctle birlikte, 25 Kas\u0131m Organizasyon Komitesi\u2019nin bile\u015feni olarak Lefko\u015fa\u2019da organize etti\u011fimiz gece y\u00fcr\u00fcy\u00fc\u015f\u00fcnde pankart ve sloganlar\u0131m\u0131zla yerimizi ald\u0131k. Ayr\u0131ca Girne\u2019de de Kaymakaml\u0131k \u00f6n\u00fcndeki bas\u0131n a\u00e7\u0131klamas\u0131na katk\u0131 koyduk. Gece kul\u00fcplerinde, i\u015fyerlerinde, evlerde yok edilen kad\u0131nlar\u0131n hesab\u0131n\u0131n sorulmas\u0131 i\u00e7in adalet talebimizi y\u00fckselttik.<\/p>\n\n\n\n<p><strong>BAZI DAYANI\u015eMA EYLEMLER\u0130M\u0130Z\/A\u00c7IKLAMALARIMIZ:<\/strong><\/p>\n\n\n\n<p>&#8211; \u00d6\u011fretmen sendikalar\u0131n\u0131n ba\u015f\u0131n\u0131 \u00e7ekti\u011fi ve onlarca sendika ve \u00f6rg\u00fct ile birlikte yer ald\u0131\u011f\u0131m\u0131z laiklik m\u00fccadelesinde \u00e7e\u015fitli g\u00f6revler \u00fcstlendik. Ortaokul ve lise \u00e7a\u011f\u0131ndaki \u00e7ocuklar\u0131n ba\u015f\u0131n\u0131 \u00f6rtmesine ve \u00e7ocuk istismar\u0131na yol a\u00e7acak olan Disiplin T\u00fcz\u00fc\u011f\u00fc\u2019n\u00fcn Anayasa Mahkemesi\u2019nde iptal edilmesine kadar t\u00fcm eylem ve etkinliklerde rol ald\u0131k.<\/p>\n\n\n\n<p>&#8211; Gazetecilere y\u00f6nelik tehditlerin, bas\u0131n emek\u00e7ilerine ve di\u011fer meslek gruplar\u0131na yap\u0131lan bask\u0131n\u0131n kar\u015f\u0131s\u0131nda durmak i\u00e7in soka\u011fa \u00e7\u0131kan \u00f6rg\u00fctlerin yan\u0131nda yer ald\u0131k. Bas\u0131n Emek\u00e7ileri Sendikas\u0131 ile K\u0131br\u0131s T\u00fcrk Gazeteciler Birli\u011fi\u2019nin \u00e7a\u011fr\u0131s\u0131yla Polis Genel M\u00fcd\u00fcrl\u00fc\u011f\u00fc \u00f6n\u00fcnde d\u00fczenlenen eyleme kat\u0131larak dayan\u0131\u015fmam\u0131z\u0131 g\u00f6sterdik.<\/p>\n\n\n\n<p> &#8211; Filistin ile dayan\u0131\u015fma amac\u0131yla, ABD, \u0130ngiltere ve K\u0131br\u0131s\u2019ta e\u015f zamanl\u0131 olarak ger\u00e7ekle\u015ftirilen \u201cSTOP THE SPY FLIGHTS \u2013 BASES OFF CYPRUS\u201d eylemine kat\u0131ld\u0131k. &#8211; B\u00fcy\u00fck \u00e7o\u011funlu\u011fu kamuda \u00f6rg\u00fctl\u00fc sendikalar taraf\u0131ndan \u00f6rg\u00fctlenen \u201c\u00d6zel Sekt\u00f6r Emek\u00e7isi Yaln\u0131z De\u011fildir\u201d temal\u0131 y\u00fcr\u00fcy\u00fc\u015fe kat\u0131ld\u0131k. <\/p>\n\n\n\n<p>&#8211; Gece kul\u00fcplerindeki \u00f6l\u00fcmler \u00fczerine bas\u0131n a\u00e7\u0131klamas\u0131 yaparak \u201cgece kul\u00fcpleri kapat\u0131ls\u0131n\u201d talebimizi yineledik. <\/p>\n\n\n\n<p>&#8211; K\u0131br\u0131sl\u0131 ressam George Gavriel\u2019in Baf\u2019taki sergisinin kapat\u0131lmas\u0131na  kar\u015f\u0131 sanat\u00e7\u0131ya ve sanata yap\u0131lan bu fa\u015fizan sald\u0131r\u0131y\u0131 k\u0131nay\u0131p, George Gavriel\u2019in yan\u0131nda oldu\u011fumuzu bildirdik.<\/p>\n\n\n\n<p>&#8211; Patika Do\u011fa Sporlar\u0131 Derne\u011fi\u2019nin ba\u015flatt\u0131\u011f\u0131 \u201cormanlar halk\u0131nd\u0131r\u201d m\u00fccadelesine katk\u0131 koyarak dayan\u0131\u015fmam\u0131z\u0131 belirttik.<\/p>\n\n\n\n<p>&#8211; Koop-S\u00fct, Zirai Levaz\u0131m Kooperatifi ve Binbo\u011fa Yem Kooperatifi\u2019nde ya\u015fananlar\u0131 takip ederek Kooperatif emek\u00e7ilerinin yan\u0131nda durduk. <\/p>\n\n\n\n<p>&#8211; Baraka K\u00fclt\u00fcr Merkezi ve Ba\u011f\u0131ms\u0131zl\u0131k Yolu olarak \u00fclkemizde ve co\u011frafyam\u0131zda ya\u015fanan geli\u015fmeler ve e\u011filip b\u00fck\u00fclen tarih anlat\u0131s\u0131 ve yanl\u0131\u015flarla bezenen uygulamalara kar\u015f\u0131 T\u00fcrkiye halklar\u0131na a\u00e7\u0131k mektup yazd\u0131k. <\/p>\n\n\n\n<p>&#8211; KTOE\u00d6S\u2019\u00fcn grev yasa\u011f\u0131na ve greve kat\u0131lan \u00f6\u011fretmenlere a\u00e7\u0131lan soru\u015fturmalara kar\u015f\u0131 yapt\u0131\u011f\u0131 eylemi destekliyoruz dedik ve \u00f6\u011fretmenlerin yan\u0131nda oldu\u011fumuzu bildirdik. <\/p>\n","protected":false},"excerpt":{"rendered":"<p>S\u00dcREKL\u0130 FAAL\u0130YETLER\u0130M\u0130Z: Sun-\u0130zle-Tart\u0131\u015f (\u00dccretsiz Sinema Etkinli\u011fi) Baraka K\u00fclt\u00fcr Merkezi&#8217;nin 2026 senesi i\u00e7erisinde 25. senesini dolduracak olan, her ay bir filmin izlendi\u011fi Sun-\u0130zle-Tart\u0131\u015f etkinli\u011fi 2025 senesinde<\/p>\n","protected":false},"author":17,"featured_media":11790,"comment_status":"open","ping_status":"open","sticky":false,"template":"","format":"standard","meta":{"jetpack_post_was_ever_published":false,"_jetpack_newsletter_access":"","_jetpack_newsletter_tier_id":0,"jetpack_publicize_message":"","jetpack_is_tweetstorm":false,"jetpack_publicize_feature_enabled":true,"jetpack_social_post_already_shared":true,"jetpack_social_options":{"image_generator_settings":{"template":"highway","enabled":false}}},"categories":[9,1,73],"tags":[],"jetpack_publicize_connections":[],"jetpack_featured_media_url":"https:\/\/baraka.cc\/wp-content\/uploads\/2026\/01\/IMG-20260120-WA0008.jpg","jetpack_shortlink":"https:\/\/wp.me\/p4eHWX-349","jetpack_sharing_enabled":true,"_links":{"self":[{"href":"https:\/\/baraka.cc\/index.php?rest_route=\/wp\/v2\/posts\/11789"}],"collection":[{"href":"https:\/\/baraka.cc\/index.php?rest_route=\/wp\/v2\/posts"}],"about":[{"href":"https:\/\/baraka.cc\/index.php?rest_route=\/wp\/v2\/types\/post"}],"author":[{"embeddable":true,"href":"https:\/\/baraka.cc\/index.php?rest_route=\/wp\/v2\/users\/17"}],"replies":[{"embeddable":true,"href":"https:\/\/baraka.cc\/index.php?rest_route=%2Fwp%2Fv2%2Fcomments&post=11789"}],"version-history":[{"count":1,"href":"https:\/\/baraka.cc\/index.php?rest_route=\/wp\/v2\/posts\/11789\/revisions"}],"predecessor-version":[{"id":11791,"href":"https:\/\/baraka.cc\/index.php?rest_route=\/wp\/v2\/posts\/11789\/revisions\/11791"}],"wp:featuredmedia":[{"embeddable":true,"href":"https:\/\/baraka.cc\/index.php?rest_route=\/wp\/v2\/media\/11790"}],"wp:attachment":[{"href":"https:\/\/baraka.cc\/index.php?rest_route=%2Fwp%2Fv2%2Fmedia&parent=11789"}],"wp:term":[{"taxonomy":"category","embeddable":true,"href":"https:\/\/baraka.cc\/index.php?rest_route=%2Fwp%2Fv2%2Fcategories&post=11789"},{"taxonomy":"post_tag","embeddable":true,"href":"https:\/\/baraka.cc\/index.php?rest_route=%2Fwp%2Fv2%2Ftags&post=11789"}],"curies":[{"name":"wp","href":"https:\/\/api.w.org\/{rel}","templated":true}]}}