{"id":11794,"date":"2026-01-23T10:50:58","date_gmt":"2026-01-23T08:50:58","guid":{"rendered":"https:\/\/baraka.cc\/?p=11794"},"modified":"2026-01-23T10:51:07","modified_gmt":"2026-01-23T08:51:07","slug":"korku-duvarini-ordurmeyiz","status":"publish","type":"post","link":"https:\/\/baraka.cc\/?p=11794","title":{"rendered":"Korku Duvar\u0131n\u0131 \u00d6rd\u00fcrmeyiz!"},"content":{"rendered":"\n<figure class=\"wp-block-image size-large\"><a href=\"https:\/\/baraka.cc\/wp-content\/uploads\/2026\/01\/1000078031.jpg\"><img decoding=\"async\" loading=\"lazy\" width=\"1024\" height=\"858\" src=\"https:\/\/baraka.cc\/wp-content\/uploads\/2026\/01\/1000078031-1024x858.jpg\" alt=\"\" class=\"wp-image-11795\" srcset=\"https:\/\/baraka.cc\/wp-content\/uploads\/2026\/01\/1000078031-1024x858.jpg 1024w, https:\/\/baraka.cc\/wp-content\/uploads\/2026\/01\/1000078031-300x251.jpg 300w, https:\/\/baraka.cc\/wp-content\/uploads\/2026\/01\/1000078031-768x644.jpg 768w, https:\/\/baraka.cc\/wp-content\/uploads\/2026\/01\/1000078031-1536x1287.jpg 1536w, https:\/\/baraka.cc\/wp-content\/uploads\/2026\/01\/1000078031-1170x981.jpg 1170w, https:\/\/baraka.cc\/wp-content\/uploads\/2026\/01\/1000078031.jpg 1600w\" sizes=\"(max-width: 1024px) 100vw, 1024px\" \/><\/a><\/figure>\n\n\n\n<p>UBP\u2013DP\u2013YDP h\u00fck\u00fcmetinin yeni bir marifetiyle daha kar\u015f\u0131 kar\u015f\u0131yay\u0131z.Marifet diyoruz \u00e7\u00fcnk\u00fc, halk, ya\u015fam\u0131n her alan\u0131nda derinle\u015fen krizle bo\u011fu\u015furken; yoksulluk, g\u00fcvencesizlik, g\u00fcvensizlik, enerji krizi, \u00e7\u00f6ken e\u011fitim ve sa\u011fl\u0131k sistemi, artan toplumsal kayg\u0131 ve kaos her ge\u00e7en g\u00fcn daha da b\u00fcy\u00fcrken, h\u00fck\u00fcmet edenler \u00e7\u00f6z\u00fcm\u00fc de\u011fil halk\u0131n \u201cs\u00f6z\u00fc\u201dn\u00fc hedef alan bir yasa tasar\u0131s\u0131 haz\u0131rlam\u0131\u015ft\u0131r: Ceza (De\u011fi\u015fiklik) Yasas\u0131!<\/p>\n\n\n\n<p>Bu yasa, halk\u0131n ger\u00e7ek sorunlar\u0131na \u00e7are olmak i\u00e7in de\u011fil, bu sorunlar hakk\u0131nda konu\u015fulmas\u0131n\u0131 engellemek i\u00e7in haz\u0131rlanm\u0131\u015ft\u0131r. H\u00fck\u00fcmet edenler, ya\u015fananlar\u0131n nedenini sorgulayan, hesab\u0131n\u0131 soran, ele\u015ftiren sesi susturmay\u0131; halk\u0131n \u00f6n\u00fcne \u00e7\u00f6z\u00fcm koymak yerine, \u201cg\u00f6rmeyin, duymay\u0131n, konu\u015fmay\u0131n\u201d diyen bir korku rejimini hukuk k\u0131l\u0131f\u0131na sokmay\u0131 tercih etmi\u015ftir.<\/p>\n\n\n\n<p>E\u011filip b\u00fck\u00fclerek sopa haline getirilen bu tasar\u0131yla halka, demokratik kitle \u00f6rg\u00fctlerine, muhalif parti ve sendikalara, ayd\u0131nlara ve gazetecilere y\u00f6nelik sistematik bir g\u00f6zda\u011f\u0131 verilmek istenmektedir. Ama\u00e7 ele\u015ftiriyi su\u00e7, muhalefeti tehdit, d\u00fc\u015f\u00fcnceyi ise cezaland\u0131r\u0131labilir hale getirmektir.<\/p>\n\n\n\n<p>\u0130ler tutar yan\u0131 olmayan bu yasa de\u011fi\u015fikli\u011finin ba\u015fl\u0131klar\u0131na bakt\u0131\u011f\u0131m\u0131zda:<\/p>\n\n\n\n<p>\u201cZemmedici malzeme\u201d tan\u0131m\u0131n\u0131n geni\u015f tutulmas\u0131yla, herhangi bir ki\u015fiye \u201ca\u011f\u0131r bir su\u00e7 isnat etti\u011fi\u201d, \u201ctoplumda nefret yaratt\u0131\u011f\u0131\u201d ya da \u201ctoplumsal tepkiye yol a\u00e7t\u0131\u011f\u0131\u201d iddia edilen her t\u00fcrl\u00fc ifadenin su\u00e7 say\u0131labilecek kadar geni\u015fletildi\u011fi g\u00f6r\u00fclmektedir. Yoruma a\u00e7\u0131k, net ve \u00f6l\u00e7\u00fclebilir olmayan bu kavramlar, su\u00e7 tan\u0131m\u0131n\u0131 hukuki s\u0131n\u0131rlar\u0131n d\u0131\u015f\u0131na ta\u015f\u0131makta; ceza hukukunun temel ilkesi olan \u201ca\u00e7\u0131k, somut ve ispatlanabilir\u201d olgular fiilen ortadan kald\u0131r\u0131lmaktad\u0131r. Bu d\u00fczenlemeyle, sosyal medyada ele\u015ftirel bir metin payla\u015fan, haber al\u0131nt\u0131layan ya da kamusal tart\u0131\u015fmaya katk\u0131 sunan herhangi bir yurtta\u015f\u0131n, hatta ilgili alanda uzman bir ki\u015finin dahi su\u00e7lu say\u0131lmas\u0131 m\u00fcmk\u00fcn hale getirilmektedir.<\/p>\n\n\n\n<p>\u201cYanl\u0131\u015f oldu\u011funu bilerek ya da bilmesi gerekti\u011fi h\u00e2lde\u201d ifadeleriyle, cezai sorumluluk somut ve ispatlanabilir olgulara de\u011fil, varsay\u0131mlara ve niyet okumalar\u0131na dayand\u0131r\u0131lmaktad\u0131r. Ki\u015finin kast\u0131n\u0131n a\u00e7\u0131k bi\u00e7imde ortaya konmas\u0131 gerekirken, \u201cbilmesi gerekti\u011fi\u201d gibi mu\u011flak \u00f6l\u00e7\u00fctlerle ceza tehdidi geni\u015fletilmektedir.<\/p>\n\n\n\n<p>\u201cOrganize dezenformasyon\u201d ad\u0131 alt\u0131nda getirilen yeni su\u00e7 tan\u0131m\u0131yla; bir veya birden fazla ki\u015finin, ger\u00e7e\u011fe ayk\u0131r\u0131 bilgi ya da iddialar\u0131 kamusal etki yaratacak bi\u00e7imde payla\u015fmas\u0131 su\u00e7 say\u0131lmaktad\u0131r. \u0130lk bak\u0131\u015fta masum g\u00f6r\u00fcnen bu d\u00fczenleme, ger\u00e7ekte yaln\u0131zca kas\u0131tl\u0131 yanl\u0131\u015f bilgileri de\u011fil; ara\u015ft\u0131rma gazetecili\u011fini, yolsuzluk ve r\u00fc\u015fvet iddialar\u0131n\u0131, kamu yarar\u0131 ta\u015f\u0131yan ele\u015ftirel yay\u0131nlar\u0131 da cezai risk alt\u0131na sokabilecek kadar geni\u015f ve belirsiz bir \u00e7er\u00e7eve \u00e7izmektedir. \u201cKamusal etki yaratmak\u201d, \u201ckamuoyunda g\u00fcven sarsmak\u201d, \u201c\u015feref ve itibar\u0131 zedelemek\u201d gibi mu\u011flak ifadeler, hangi haberin ya da ele\u015ftirinin su\u00e7 say\u0131laca\u011f\u0131n\u0131 \u00f6ng\u00f6r\u00fclemez hale getirmektedir.<\/p>\n\n\n\n<p>Zem ve kadih su\u00e7lar\u0131n\u0131n \u00e7a\u011fda\u015f hukuk anlay\u0131\u015f\u0131 ve A\u0130HM kararlar\u0131 do\u011frultusunda su\u00e7 olmaktan \u00e7\u0131kar\u0131lmas\u0131 gerekirken, tam tersine bu su\u00e7lar\u0131n kapsam\u0131 geni\u015fletilmekte; su\u00e7un i\u00e7eri\u011fi ve i\u015fleni\u015f bi\u00e7imleri \u00e7o\u011falt\u0131larak ceza tehdidi \u00e7ok daha geni\u015f bir alana yay\u0131lmaktad\u0131r. Buna kar\u015f\u0131n, yasal savunma ve m\u00fcdafaa nedenlerinde herhangi bir geni\u015fletmeye gidilmemekte, ele\u015ftiri yapan ki\u015fi bilin\u00e7li bi\u00e7imde korunmas\u0131z b\u0131rak\u0131lmaktad\u0131r.<\/p>\n\n\n\n<p>\u0130fade \u00f6zg\u00fcrl\u00fc\u011f\u00fcn\u00fc geni\u015fletme y\u00f6n\u00fcnde ad\u0131mlar at\u0131lmas\u0131 gerekirken, burada s\u00f6ze kelep\u00e7e vurulmakta, yaln\u0131zca gazeteciler de\u011fil, s\u0131radan yurtta\u015flar dahi d\u00fc\u015f\u00fcncelerini dile getirdikleri i\u00e7in cezayla terbiye edilmek istenmektedir. Bu tutum, gericili\u011fin ve sans\u00fcr\u00fcn a\u00e7\u0131k ilan\u0131d\u0131r. Halktan ne kadar korktuklar\u0131n\u0131n da isbat\u0131d\u0131r.<\/p>\n\n\n\n<p>H\u00fck\u00fcmet edenler, sokaklarda kol gezen \u00e7eteleri, patlayan silahlar\u0131, fuhu\u015f\u2013mafya\u2013kara para d\u00fczenini, b\u00fcrokratlara kadar sirayet eden yolsuzluk, sahtecilik ve skandallar\u0131 \u00f6rt bas etmeye \u00e7al\u0131\u015fmakta, halka \u201cbunlar\u0131 g\u00f6rmeyin\u201d demektedir. Sermaye ile el ele vererek e\u011fitimi, sa\u011fl\u0131\u011f\u0131 ve ula\u015f\u0131m\u0131 \u00e7\u00f6kertelim; enerji krizini g\u00fcnl\u00fck m\u00fcdahalelerle -halk\u0131n elektri\u011fini keserek- a\u015fal\u0131m, trafik kaosunu yeni ceza y\u00f6ntemleriyle y\u00f6netelim, \u00e7e\u015fitli muafiyetler, imtiyazlar ve te\u015fviklerle semirtilen sermayeye daha fazla talan alan\u0131 a\u00e7al\u0131m ama bunlar\u0131 konu\u015fmay\u0131n demektedirler. Ayr\u0131ca eme\u011fin haklar\u0131n\u0131, \u00f6rg\u00fctlenmeyi, laikli\u011fi, bilimi, sanat\u0131 ve \u00fcretilen k\u00fclt\u00fcrel birikimleri ve \u00e7ok daha fazlas\u0131n\u0131 savunmay\u0131n demektedirler.<\/p>\n\n\n\n<p>Buradan a\u00e7\u0131k\u00e7a s\u00f6yl\u00fcyoruz:Bizler do\u011fru bildi\u011fimizi s\u00f6ylemekten vazge\u00e7meyece\u011fiz.<\/p>\n\n\n\n<p>Akl\u0131, bilimi ve ele\u015ftirel d\u00fc\u015f\u00fcnceyi pusula edinmi\u015f, on y\u0131llard\u0131r \u00f6zg\u00fcrl\u00fck m\u00fccadelesinden geri ad\u0131m atmayan K\u0131br\u0131sl\u0131 T\u00fcrk halk\u0131 gerilemeye de\u011fil ilerlemeye yol verir.<\/p>\n\n\n\n<p>Bizler Baraka K\u00fclt\u00fcr Merkezi olarak buradan ilan ediyoruz:Susmayaca\u011f\u0131z. D\u00fc\u015f\u00fcncenin ve ifadenin \u00f6zg\u00fcr oldu\u011fu bir \u00fclke kurulana dek m\u00fccadeleyi s\u00fcrd\u00fcrece\u011fiz. Sizlere korku duvar\u0131n\u0131 \u00f6rd\u00fcrmeyece\u011fiz \u00e7\u00fcnk\u00fc korkmuyoruz, susmuyoruz, m\u00fccadeleyi b\u0131rakm\u0131yoruz!<\/p>\n\n\n\n<p>Baraka K\u00fclt\u00fcr Merkezi<\/p>\n","protected":false},"excerpt":{"rendered":"<p>UBP\u2013DP\u2013YDP h\u00fck\u00fcmetinin yeni bir marifetiyle daha kar\u015f\u0131 kar\u015f\u0131yay\u0131z.Marifet diyoruz \u00e7\u00fcnk\u00fc, halk, ya\u015fam\u0131n her alan\u0131nda derinle\u015fen krizle bo\u011fu\u015furken; yoksulluk, g\u00fcvencesizlik, g\u00fcvensizlik, enerji krizi, \u00e7\u00f6ken e\u011fitim ve<\/p>\n","protected":false},"author":17,"featured_media":11795,"comment_status":"open","ping_status":"open","sticky":false,"template":"","format":"standard","meta":{"jetpack_post_was_ever_published":false,"_jetpack_newsletter_access":"","_jetpack_newsletter_tier_id":0,"jetpack_publicize_message":"","jetpack_is_tweetstorm":false,"jetpack_publicize_feature_enabled":true,"jetpack_social_post_already_shared":true,"jetpack_social_options":{"image_generator_settings":{"template":"highway","enabled":false}}},"categories":[41,38,9,1],"tags":[],"jetpack_publicize_connections":[],"jetpack_featured_media_url":"https:\/\/baraka.cc\/wp-content\/uploads\/2026\/01\/1000078031.jpg","jetpack_shortlink":"https:\/\/wp.me\/p4eHWX-34e","jetpack_sharing_enabled":true,"_links":{"self":[{"href":"https:\/\/baraka.cc\/index.php?rest_route=\/wp\/v2\/posts\/11794"}],"collection":[{"href":"https:\/\/baraka.cc\/index.php?rest_route=\/wp\/v2\/posts"}],"about":[{"href":"https:\/\/baraka.cc\/index.php?rest_route=\/wp\/v2\/types\/post"}],"author":[{"embeddable":true,"href":"https:\/\/baraka.cc\/index.php?rest_route=\/wp\/v2\/users\/17"}],"replies":[{"embeddable":true,"href":"https:\/\/baraka.cc\/index.php?rest_route=%2Fwp%2Fv2%2Fcomments&post=11794"}],"version-history":[{"count":1,"href":"https:\/\/baraka.cc\/index.php?rest_route=\/wp\/v2\/posts\/11794\/revisions"}],"predecessor-version":[{"id":11796,"href":"https:\/\/baraka.cc\/index.php?rest_route=\/wp\/v2\/posts\/11794\/revisions\/11796"}],"wp:featuredmedia":[{"embeddable":true,"href":"https:\/\/baraka.cc\/index.php?rest_route=\/wp\/v2\/media\/11795"}],"wp:attachment":[{"href":"https:\/\/baraka.cc\/index.php?rest_route=%2Fwp%2Fv2%2Fmedia&parent=11794"}],"wp:term":[{"taxonomy":"category","embeddable":true,"href":"https:\/\/baraka.cc\/index.php?rest_route=%2Fwp%2Fv2%2Fcategories&post=11794"},{"taxonomy":"post_tag","embeddable":true,"href":"https:\/\/baraka.cc\/index.php?rest_route=%2Fwp%2Fv2%2Ftags&post=11794"}],"curies":[{"name":"wp","href":"https:\/\/api.w.org\/{rel}","templated":true}]}}