{"id":11878,"date":"2026-03-02T07:30:00","date_gmt":"2026-03-02T05:30:00","guid":{"rendered":"https:\/\/baraka.cc\/?p=11878"},"modified":"2026-01-30T19:08:53","modified_gmt":"2026-01-30T17:08:53","slug":"primatlardan-erhurmana-erkeklerin-liderlik-yarislarinda-degismeyenler-cansu-nazli","status":"publish","type":"post","link":"https:\/\/baraka.cc\/?p=11878","title":{"rendered":"Primatlardan Erh\u00fcrman&#8217;a Erkeklerin Liderlik Yar\u0131\u015flar\u0131nda De\u011fi\u015fmeyenler &#8211; Cansu Nazl\u0131"},"content":{"rendered":"\n<figure class=\"wp-block-image size-large\"><a href=\"https:\/\/baraka.cc\/wp-content\/uploads\/2026\/01\/image-26.png\"><img decoding=\"async\" loading=\"lazy\" width=\"1024\" height=\"324\" src=\"https:\/\/baraka.cc\/wp-content\/uploads\/2026\/01\/image-26-1024x324.png\" alt=\"\" class=\"wp-image-11879\" srcset=\"https:\/\/baraka.cc\/wp-content\/uploads\/2026\/01\/image-26-1024x324.png 1024w, https:\/\/baraka.cc\/wp-content\/uploads\/2026\/01\/image-26-300x95.png 300w, https:\/\/baraka.cc\/wp-content\/uploads\/2026\/01\/image-26-768x243.png 768w, https:\/\/baraka.cc\/wp-content\/uploads\/2026\/01\/image-26-1170x370.png 1170w, https:\/\/baraka.cc\/wp-content\/uploads\/2026\/01\/image-26.png 1536w\" sizes=\"(max-width: 1024px) 100vw, 1024px\" \/><\/a><\/figure>\n\n\n\n<p>2025 y\u0131l\u0131n\u0131n son \u00e7eyre\u011finde ger\u00e7ekle\u015fen Cumhurba\u015fkanl\u0131\u011f\u0131 se\u00e7imlerinde Cumhurba\u015fkan\u0131 se\u00e7ilen ve ayn\u0131 zamanda hukuk\u00e7u olan Tufan Erh\u00fcrman\u2019\u0131n propagandas\u0131nda \u00e7ocuklar\u0131n yer al\u0131\u015f bi\u00e7iminin s\u0131k\u0131nt\u0131lar\u0131n\u0131 ve bunun nedenlerini izah eden bir yaz\u0131 yazmak durumunda kalmaktan ciddi anlamda rahats\u0131zl\u0131k hissediyorum. Zira bu propaganday\u0131 yapanlar\u0131n da yap\u0131lmas\u0131na m\u00fcsaade edenlerin de asl\u0131nda yapt\u0131klar\u0131n\u0131n \u00e7ocuk haklar\u0131n\u0131 haleldar edici nitelikte oldu\u011funun fark\u0131ndal\u0131\u011f\u0131na sahip olduklar\u0131na inan\u0131yorum.<\/p>\n\n\n\n<p>\u00c7ocuklar, Tufan Erh\u00fcrman\u2019dan \u00e7ok \u00f6nceleri de siyasi propaganda malzemesi yap\u0131l\u0131yordu. Ancak \u00e7ocuk haklar\u0131yla ilgili k\u00fclliyat\u0131n bu kadar geli\u015fti\u011fi ve \u00e7ocuklar\u0131 bu \u015fekilde kullanmamak gerekti\u011fini art\u0131k s\u00f6yleme ihtiyac\u0131 duymamak gerekti\u011fi ko\u015fullarda ya\u015fad\u0131\u011f\u0131m\u0131z\u0131 d\u00fc\u015f\u00fcn\u00fcrken bu kadar hoyrat bir propagandaya maruz kalmak ne yalan s\u00f6yleyeyim, CTP\u2019den de, Tufan Erh\u00fcrman\u2019dan da beklemedi\u011fim bir pervas\u0131zl\u0131kt\u0131.<\/p>\n\n\n\n<p>Ersin Tatar\u2019\u0131n gitmesi i\u00e7in \u00e7ok geni\u015f bir destek ald\u0131\u011f\u0131 daha se\u00e7imden evvel belli olan Erh\u00fcrman\u2019\u0131n ba\u015far\u0131 sa\u011flamak i\u00e7in \u00e7ocuklar\u0131 siyasi olarak kullanmas\u0131na ihtiyac\u0131 olmad\u0131\u011f\u0131 a\u00e7\u0131kt\u0131. Ancak ba\u015far\u0131 kazanmak i\u00e7in propaganda malzemesine ne kadar ihtiya\u00e7 duyulursa duyulsun se\u00e7enek yelpazesinde \u00e7ocuklar\u0131n hi\u00e7bir ko\u015fulda bulunmamas\u0131 gerekiyordu.<\/p>\n\n\n\n<p>Buna ra\u011fmen propaganda s\u00fcreci boyunca bas\u0131n b\u00fcltenlerinden tutun da sosyal medya payla\u015f\u0131m\u0131 ve haberlere kadar g\u00f6rsel malzeme olarak Tufan Erh\u00fcrman\u2019\u0131n ortamda bulunan \u00e7ocuklar\u0131 kucaklay\u0131p sar\u0131lmad\u0131\u011f\u0131 neredeyse tek bir se\u00e7im gezisi olmad\u0131. O kadar ki baz\u0131 haberlerde yaln\u0131zca \u00e7ocuklarla olan foto\u011fraflar\u0131n servis edildi\u011fi payla\u015f\u0131mlar yap\u0131ld\u0131.<\/p>\n\n\n\n<p>Oysa \u00e7ocuklar\u0131n y\u00fcksek menfaatini g\u00f6zetiyorsak bilmemiz gerekir ki, \u00e7ocuklar\u0131n haklar\u0131ndan bahsetmedi\u011fimiz s\u00fcrece onlar\u0131 siyasetin konusu yapmamam\u0131z gerekir; adlar\u0131n\u0131 da, foto\u011fraflar\u0131n\u0131 da, varl\u0131klar\u0131n\u0131 da&#8230; Romantik \u015fekilde \u00e7ocuklar\u0131n gelece\u011fimiz oldu\u011fu ve gelece\u011fimiz i\u00e7in ilgili makama talip olundu\u011funu s\u00f6ylemek \u00e7ocuk haklar\u0131ndan bahsetmek anlam\u0131na gelmiyor. \u00c7ocuklar\u0131n foto\u011fraflar\u0131n\u0131n siyasi propaganda g\u00f6rsellerinde yer almas\u0131 da \u00e7ocuk haklar\u0131n\u0131 a\u00e7\u0131k\u00e7a ihlal ediyor.<\/p>\n\n\n\n<p>Tan\u0131t\u0131m videolar\u0131nda devaml\u0131 d\u00f6nen \u015fekilde kendi \u00e7ocu\u011funun babas\u0131 olmak \u00fczerinden yapt\u0131\u011f\u0131 propaganda konu\u015fmalar\u0131ndan tutun da s\u0131radan bir kermeste kucaklad\u0131\u011f\u0131 bebek ve \u00e7ocuklarla olan bir ton foto\u011frafa, se\u00e7imleri kazand\u0131\u011f\u0131 i\u00e7in haz\u0131rlanan kutlama etkinli\u011fi sahnesinin sanki bir 23 Nisan kutlamas\u0131 varm\u0131\u015f\u00e7as\u0131na \u00e7ocuklarla doldurulmas\u0131na kadar ba\u015ftan sona \u00e7ocuk haklar\u0131 ihlaliyle dolu bir se\u00e7im s\u00fcreci ger\u00e7ekle\u015fti.<\/p>\n\n\n\n<p>Ba\u015fta da belirtti\u011fim gibi \u00e7ocuklar\u0131n propaganda malzemesi olmas\u0131 on y\u0131llard\u0131r ger\u00e7ekle\u015fen bir durum. D\u00fcnyada \u00f6zellikle ABD\u2019deki ba\u015fkanl\u0131k se\u00e7imlerinde \u00f6ne \u00e7\u0131kan bu propaganda bi\u00e7imiyle \u00e7ocuklar\u0131n se\u00e7men deste\u011fi al\u0131nmas\u0131 i\u00e7in kullan\u0131lmas\u0131 o kadar yayg\u0131nla\u015fm\u0131\u015f ki; siyasi reklamc\u0131l\u0131\u011f\u0131 d\u00fczenlemek amac\u0131yla \u00e7al\u0131\u015fmalar y\u00fcr\u00fcten Organization for Security and Co-operation in Europe Mission to Montenegro (OSCE Mission to Montenegro), medyada \u00e7ocuklar\u0131n siyasi reklam malzemesi olarak kullan\u0131lmamas\u0131na y\u00f6nelik baz\u0131 ilkeler yay\u0131nlam\u0131\u015f.<\/p>\n\n\n\n<p>Bu ilkeler \u00e7er\u00e7evesinde siyasi partilerin konunun a\u00e7\u0131k\u00e7a \u00e7ocuklarla ba\u011flant\u0131l\u0131 olmad\u0131\u011f\u0131 s\u00fcrece \u00e7ocuklar\u0131, \u00f6zellikle de 8 ya\u015f\u0131n alt\u0131ndakileri, siyasi kampanyalar\u0131nda kullanmaktan ka\u00e7\u0131nmas\u0131 gerekti\u011fi vurgulanm\u0131\u015f. K\u00fc\u00e7\u00fcklerin korunmas\u0131 ad\u0131na geli\u015ftirilen bu ilkeler siyasilerin se\u00e7men kitlesini etkileme yani \u201cduygusal oylama\u201d amac\u0131yla \u00e7ocuklar\u0131n manip\u00fclatif kullan\u0131m\u0131n\u0131 engellemeyi ama\u00e7lamakta olup \u00e7ocuklar\u0131n \u00f6zellikle de se\u00e7im kampanyalar\u0131nda siyasi partizanl\u0131\u011fa destek olan ara\u00e7lar olarak kullan\u0131mlar\u0131n\u0131n ortadan kald\u0131r\u0131lmas\u0131n\u0131 hedefliyor.<\/p>\n\n\n\n<p>Politikac\u0131lar\u0131n bilin\u00e7li veya fark\u0131nda olmadan \u00e7ocuklar\u0131 siyasi kampanyalarda kullanmas\u0131n\u0131n hak ihlaline yol a\u00e7t\u0131\u011f\u0131na ve bunun \u00f6nlenebilir oldu\u011funa dikkat \u00e7ekmek amac\u0131yla Hintalovon \u00c7ocuk Haklar\u0131 Vakf\u0131 isimli bir vak\u0131f\u0131n \u201cA Children\u2019s Rights 101 For Politic\u0131ans and Organisers of Political Campaigns\u201d isimli raporu da konuyla ilgili ayd\u0131nlat\u0131c\u0131 kaynaklardan bir di\u011feri.<\/p>\n\n\n\n<p>Raporda \u00e7ocuklar\u0131n siyasette kullan\u0131lmas\u0131n\u0131n iki amac\u0131 oldu\u011fundan s\u00f6z ediliyor: Bunlardan ilki \u00e7ocuklar arac\u0131l\u0131\u011f\u0131 ile ebeveynleri etkilemek, ikincisi ise \u00e7ocuklar\u0131 kullanarak politik avantaj kazanmak. Her iki durumda da aslolan\u0131n oy kayg\u0131s\u0131 oldu\u011fu ifade ediliyor. Siyasi akt\u00f6rlerin \u00e7ocuklar\u0131 kuca\u011f\u0131na alan, onlarla sohbet eden, okullar\u0131 ziyaret eden karelerinin, partiye ve lidere hayranl\u0131k duyan ideal aile portrelerinin, parti etkinliklerinde sahneye \u00e7\u0131kan \u00e7ocuklar\u0131n bu kullan\u0131m bi\u00e7imlerine \u00f6rnek oldu\u011fu s\u00f6yleniyor. Ve \u00e7ok yerinde bir uyar\u0131 ile rapor, ebeveynin veya yasal vasisinin r\u0131zas\u0131 olsa dahi \u00e7ocu\u011fun siyasi ama\u00e7 d\u00e2hilinde medyada yer almas\u0131n\u0131n, \u00e7ocu\u011fun y\u00fcksek yarar\u0131n\u0131 \u00f6rseledi\u011fini a\u00e7\u0131k\u00e7a vurguluyor.<\/p>\n\n\n\n<p>\u0130lgili raporda \u00e7ok \u00e7arp\u0131c\u0131 bir \u015fekilde \u201cBir \u00e7ocuk, yaln\u0131zca \u00e7ocuk oldu\u011fu i\u00e7in bir kampanyaya d\u00e2hil edilmemeli, daha ziyade iletmesi gereken bir mesaj\u0131 oldu\u011fu i\u00e7in yer almal\u0131d\u0131r. \u00d6nemli olan \u00e7ocu\u011fun fikri ve deneyimi de\u011filse, bu ancak istismar olarak de\u011ferlendirilebilir.\u201d ifadesi de yer al\u0131yor.<\/p>\n\n\n\n<p>\u0130leti\u015fimde Etkileme S\u00fcreci isimli ba\u015fka bir yay\u0131nda ise, g\u00fcn\u00fcm\u00fczde politikac\u0131lar\u0131n e\u015fleri, \u00e7ocuklar\u0131 ve torunlar\u0131yla hatta ev hayvanlar\u0131yla birlikte bas\u0131nda yer almaya \u00f6zen g\u00f6stermelerinin, korumac\u0131 ve aile babas\u0131 imaj\u0131na ula\u015fma amac\u0131n\u0131 g\u00fctmekte oldu\u011fu ifade ediliyor. Bu y\u00f6n\u00fcyle de konuya bak\u0131ld\u0131\u011f\u0131 zaman \u00e7ocuklar\u0131n siyasi malzeme olarak kullan\u0131lmas\u0131; yaln\u0131zca \u00e7ocuk istismar\u0131na neden olmuyor, ayn\u0131 zamanda cinsiyete dayal\u0131 geleneksel rolleri peki\u015ftiren gerici bir karaktere de sahip bulunuyor.<\/p>\n\n\n\n<p>Hatta daha ileriye gidersek, bunun T\u00fcrk\u00e7ede \u201cDevlet Baba\u201d olarak ifade edilen devletin g\u00fc\u00e7l\u00fc, g\u00fcvenilir ve erkek oldu\u011funa y\u00f6nelik k\u00fcfl\u00fc d\u00fc\u015f\u00fcnce kal\u0131plar\u0131n\u0131 tekrardan g\u00fcn y\u00fcz\u00fcne \u00e7\u0131kard\u0131\u011f\u0131n\u0131 dahi s\u00f6yleyebiliriz. Bir \u00e7ocu\u011fun babas\u0131 olman\u0131n olgusal olarak se\u00e7imlerde propaganda malzemesi etmenin, resmi t\u00f6rende Erh\u00fcrman\u2019\u0131n Cumhurba\u015fkanl\u0131\u011f\u0131 mazbatas\u0131n\u0131 al\u0131p evlilik c\u00fczdan\u0131 gibi e\u015fine vermesinin yahut \u015fimdilerde First Lady Nilden han\u0131m\u0131n \u00e7ocu\u011fu hastaland\u0131\u011f\u0131 i\u00e7in 25 Kas\u0131m Kad\u0131na Y\u00f6nelik \u015eiddetle M\u00fccadele G\u00fcn\u00fc etkinliklerine kat\u0131lamad\u0131\u011f\u0131n\u0131 deklere eden sosyal medya a\u00e7\u0131klamas\u0131, propaganda d\u00f6neminden beri s\u0131k s\u0131k payla\u015f\u0131lan romantik aile portreleri ile geleneksel \u00e7ekirdek aile kodlar\u0131n\u0131 yeniden ve yeniden tekrar \u00fcreterek alttan alta muhafazakar bir \u201corta s\u0131n\u0131f\u201d propa\u011fandas\u0131n\u0131 se\u00e7im bitmesine ra\u011fmen \u201cErh\u00fcrmanlar\u201d s\u00fcrd\u00fcrmeye devam ediyor.<\/p>\n\n\n\n<p>Son s\u00f6z olarak, s\u00fcr\u00fcye liderlik yapmak isteyen alfa erkek \u015fempanzelerin normalde bebek \u015fempanzelerle ilgilenmedi\u011fi halde ho\u015f g\u00f6r\u00fcnmek i\u00e7in bebeklerle oynay\u0131p t\u0131pk\u0131 siyaset\u00e7i erkeklerin yapt\u0131\u011f\u0131 gibi \u00e7ocuklar\u0131 kucaklad\u0131\u011f\u0131n\u0131 s\u00f6ylersek maruz kald\u0131\u011f\u0131m\u0131z bu propaganda bi\u00e7iminin ger\u00e7ekte ne kadar ilkel oldu\u011funu anlatmam\u0131za yeterli olacakt\u0131r.<\/p>\n\n\n\n<p><strong>Kaynaklar:<\/strong><br><strong><em>Glava\u0161, D. (2017). Political advertising and media campaign during the pre-election period: A Comparative Study. Commissioned by the Organisation for Security and Co-operation in Europe (OSCE) Mission to Montenegro.<br>N\u00e9meth, B. (2018). A childrens rights 101 for politicians and organisers of political campaigns.<br><a href=\"https:\/\/hintalovon.hu\/wp-content\/uploads\/2022\/10\/Childrens-rights-political-101.pdf\">https:\/\/hintalovon.hu\/wp-content\/uploads\/2022\/10\/Childrens-rights-political-101.pdf<\/a><br>\u00d6zerkan, \u015eeng\u00fcl-\u0130nceo\u011flu, Yasemin (1997) \u0130leti\u015fimde Etkileme S\u00fcreci, Pan Yay\u0131nc\u0131l\u0131k.<\/em><\/strong><\/p>\n","protected":false},"excerpt":{"rendered":"<p>2025 y\u0131l\u0131n\u0131n son \u00e7eyre\u011finde ger\u00e7ekle\u015fen Cumhurba\u015fkanl\u0131\u011f\u0131 se\u00e7imlerinde Cumhurba\u015fkan\u0131 se\u00e7ilen ve ayn\u0131 zamanda hukuk\u00e7u olan Tufan Erh\u00fcrman\u2019\u0131n propagandas\u0131nda \u00e7ocuklar\u0131n yer al\u0131\u015f bi\u00e7iminin s\u0131k\u0131nt\u0131lar\u0131n\u0131 ve bunun nedenlerini<\/p>\n","protected":false},"author":17,"featured_media":11879,"comment_status":"open","ping_status":"open","sticky":false,"template":"","format":"standard","meta":{"jetpack_post_was_ever_published":false,"_jetpack_newsletter_access":"","_jetpack_newsletter_tier_id":0,"jetpack_publicize_message":"","jetpack_is_tweetstorm":false,"jetpack_publicize_feature_enabled":true,"jetpack_social_post_already_shared":true,"jetpack_social_options":{"image_generator_settings":{"template":"highway","enabled":false}}},"categories":[40,38,42,1,39],"tags":[],"jetpack_publicize_connections":[],"jetpack_featured_media_url":"https:\/\/baraka.cc\/wp-content\/uploads\/2026\/01\/image-26.png","jetpack_shortlink":"https:\/\/wp.me\/p4eHWX-35A","jetpack_sharing_enabled":true,"_links":{"self":[{"href":"https:\/\/baraka.cc\/index.php?rest_route=\/wp\/v2\/posts\/11878"}],"collection":[{"href":"https:\/\/baraka.cc\/index.php?rest_route=\/wp\/v2\/posts"}],"about":[{"href":"https:\/\/baraka.cc\/index.php?rest_route=\/wp\/v2\/types\/post"}],"author":[{"embeddable":true,"href":"https:\/\/baraka.cc\/index.php?rest_route=\/wp\/v2\/users\/17"}],"replies":[{"embeddable":true,"href":"https:\/\/baraka.cc\/index.php?rest_route=%2Fwp%2Fv2%2Fcomments&post=11878"}],"version-history":[{"count":1,"href":"https:\/\/baraka.cc\/index.php?rest_route=\/wp\/v2\/posts\/11878\/revisions"}],"predecessor-version":[{"id":11880,"href":"https:\/\/baraka.cc\/index.php?rest_route=\/wp\/v2\/posts\/11878\/revisions\/11880"}],"wp:featuredmedia":[{"embeddable":true,"href":"https:\/\/baraka.cc\/index.php?rest_route=\/wp\/v2\/media\/11879"}],"wp:attachment":[{"href":"https:\/\/baraka.cc\/index.php?rest_route=%2Fwp%2Fv2%2Fmedia&parent=11878"}],"wp:term":[{"taxonomy":"category","embeddable":true,"href":"https:\/\/baraka.cc\/index.php?rest_route=%2Fwp%2Fv2%2Fcategories&post=11878"},{"taxonomy":"post_tag","embeddable":true,"href":"https:\/\/baraka.cc\/index.php?rest_route=%2Fwp%2Fv2%2Ftags&post=11878"}],"curies":[{"name":"wp","href":"https:\/\/api.w.org\/{rel}","templated":true}]}}