{"id":11934,"date":"2026-03-09T18:33:25","date_gmt":"2026-03-09T16:33:25","guid":{"rendered":"https:\/\/baraka.cc\/?p=11934"},"modified":"2026-03-09T18:33:31","modified_gmt":"2026-03-09T16:33:31","slug":"baraka-okuma-tartisma-grubu-yeni-kitabini-belirledi-felsefenin-atesi","status":"publish","type":"post","link":"https:\/\/baraka.cc\/?p=11934","title":{"rendered":"Baraka Okuma-Tart\u0131\u015fma Grubu yeni kitab\u0131n\u0131 belirledi: \u201cFelsefenin Ate\u015fi\u201d"},"content":{"rendered":"\n<figure class=\"wp-block-image size-large\"><a href=\"https:\/\/baraka.cc\/wp-content\/uploads\/2026\/03\/1000080625.jpg\"><img decoding=\"async\" loading=\"lazy\" width=\"683\" height=\"1024\" src=\"https:\/\/baraka.cc\/wp-content\/uploads\/2026\/03\/1000080625-683x1024.jpg\" alt=\"\" class=\"wp-image-11935\" srcset=\"https:\/\/baraka.cc\/wp-content\/uploads\/2026\/03\/1000080625-683x1024.jpg 683w, https:\/\/baraka.cc\/wp-content\/uploads\/2026\/03\/1000080625-200x300.jpg 200w, https:\/\/baraka.cc\/wp-content\/uploads\/2026\/03\/1000080625-768x1152.jpg 768w, https:\/\/baraka.cc\/wp-content\/uploads\/2026\/03\/1000080625.jpg 1024w\" sizes=\"(max-width: 683px) 100vw, 683px\" \/><\/a><\/figure>\n\n\n\n<p>Baraka Okuma-Tart\u0131\u015fma Grubu, her per\u015fembe saat 18.00-19.30 aras\u0131nda okumalar\u0131na devam ediyor. Mehmet \u0130nan\u00e7 Turan\u2019\u0131n kaleme ald\u0131\u011f\u0131 \u201cFelsefenin Ate\u015fi\u201d isimli yeni kitaba ba\u015flarken dileyen herkesi 12 Mart Per\u015fembe\u2019den itibaren her per\u015fembe bu kitab\u0131 birlikte okumaya ve yang\u0131n\u0131 izlemeye bekleriz.Felsefi d\u00fc\u015f\u00fcnme yolu en az\u0131ndan iki bin be\u015f y\u00fcz y\u0131l \u00f6nce ba\u015flam\u0131\u015ft\u0131r. D\u00fcnyay\u0131 yorumlamak, bilgiye ula\u015fmak amac\u0131yla filozoflar bir yang\u0131n ba\u015flatm\u0131\u015ft\u0131r. Ger\u00e7e\u011fi bulma, anlama yang\u0131n\u0131d\u0131r bu! Felsefi olmayan d\u00fc\u015f\u00fcnceleri yakarak, onun k\u00fcllerinden felsefi d\u00fc\u015f\u00fcnceleri yaratma yang\u0131n\u0131d\u0131r bu!Antik\u00e7a\u011f filozoflar\u0131 felsefi yang\u0131n\u0131 ilk ba\u015flatanlard\u0131r. Antik\u00e7a\u011f\u0131n b\u00fct\u00fcn filozoflar\u0131 yang\u0131n\u0131 tutu\u015fturmaya kat\u0131lm\u0131\u015ft\u0131r. Ne var ki, bir k\u0131sm\u0131 yang\u0131n\u0131 ger\u00e7e\u011fin do\u011frultusunda k\u00f6r\u00fcklemi\u015f, di\u011fer k\u0131sm\u0131 ger\u00e7e\u011fin aksi y\u00f6n\u00fcne do\u011fru g\u00f6r\u00fc\u015fler ta\u015f\u0131m\u0131\u015ft\u0131r. Antik\u00e7a\u011f sonras\u0131 \u201dd\u00fc\u015f\u00fcnme yang\u0131n\u0131na\u201d kat\u0131lan filozoflar a\u00e7\u0131s\u0131ndan da durum farkl\u0131 olmam\u0131\u015ft\u0131r. Bu kitab\u0131n amac\u0131, ba\u015flat\u0131lm\u0131\u015f felsefi d\u00fc\u015f\u00fcnme yang\u0131n\u0131n\u0131n en \u00f6nemli a\u015famalar\u0131nda yer alm\u0131\u015f filozoflar\u0131n g\u00f6r\u00fc\u015flerini incelemeye y\u00f6neliktir. Herakleitos\u2019tan Descartes\u2019a uzanan k\u00f6pr\u00fc \u00fczerinde felsefi d\u00fc\u015f\u00fcnme yolunda y\u00fcr\u00fcmektir. Ger\u00e7e\u011fi aramak t\u00fckenmez bir s\u00fcre\u00e7tir, yang\u0131n devam etmektedir. Ger\u00e7e\u011fin pe\u015finden ko\u015fmak isteyenler yang\u0131n\u0131 izlemelidir. \u00c7\u00fcnk\u00fc \u201cger\u00e7ek\u201d yang\u0131n\u0131n i\u00e7indedir.<\/p>\n","protected":false},"excerpt":{"rendered":"<p>Baraka Okuma-Tart\u0131\u015fma Grubu, her per\u015fembe saat 18.00-19.30 aras\u0131nda okumalar\u0131na devam ediyor. Mehmet \u0130nan\u00e7 Turan\u2019\u0131n kaleme ald\u0131\u011f\u0131 \u201cFelsefenin Ate\u015fi\u201d isimli yeni kitaba ba\u015flarken dileyen herkesi 12<\/p>\n","protected":false},"author":17,"featured_media":11935,"comment_status":"open","ping_status":"open","sticky":false,"template":"","format":"standard","meta":{"jetpack_post_was_ever_published":false,"_jetpack_newsletter_access":"","_jetpack_newsletter_tier_id":0,"jetpack_publicize_message":"","jetpack_is_tweetstorm":false,"jetpack_publicize_feature_enabled":true,"jetpack_social_post_already_shared":true,"jetpack_social_options":{"image_generator_settings":{"template":"highway","enabled":false}}},"categories":[9,30,1],"tags":[],"jetpack_publicize_connections":[],"jetpack_featured_media_url":"https:\/\/baraka.cc\/wp-content\/uploads\/2026\/03\/1000080625.jpg","jetpack_shortlink":"https:\/\/wp.me\/p4eHWX-36u","jetpack_sharing_enabled":true,"_links":{"self":[{"href":"https:\/\/baraka.cc\/index.php?rest_route=\/wp\/v2\/posts\/11934"}],"collection":[{"href":"https:\/\/baraka.cc\/index.php?rest_route=\/wp\/v2\/posts"}],"about":[{"href":"https:\/\/baraka.cc\/index.php?rest_route=\/wp\/v2\/types\/post"}],"author":[{"embeddable":true,"href":"https:\/\/baraka.cc\/index.php?rest_route=\/wp\/v2\/users\/17"}],"replies":[{"embeddable":true,"href":"https:\/\/baraka.cc\/index.php?rest_route=%2Fwp%2Fv2%2Fcomments&post=11934"}],"version-history":[{"count":1,"href":"https:\/\/baraka.cc\/index.php?rest_route=\/wp\/v2\/posts\/11934\/revisions"}],"predecessor-version":[{"id":11936,"href":"https:\/\/baraka.cc\/index.php?rest_route=\/wp\/v2\/posts\/11934\/revisions\/11936"}],"wp:featuredmedia":[{"embeddable":true,"href":"https:\/\/baraka.cc\/index.php?rest_route=\/wp\/v2\/media\/11935"}],"wp:attachment":[{"href":"https:\/\/baraka.cc\/index.php?rest_route=%2Fwp%2Fv2%2Fmedia&parent=11934"}],"wp:term":[{"taxonomy":"category","embeddable":true,"href":"https:\/\/baraka.cc\/index.php?rest_route=%2Fwp%2Fv2%2Fcategories&post=11934"},{"taxonomy":"post_tag","embeddable":true,"href":"https:\/\/baraka.cc\/index.php?rest_route=%2Fwp%2Fv2%2Ftags&post=11934"}],"curies":[{"name":"wp","href":"https:\/\/api.w.org\/{rel}","templated":true}]}}