{"id":11960,"date":"2026-03-17T19:07:26","date_gmt":"2026-03-17T17:07:26","guid":{"rendered":"https:\/\/baraka.cc\/?p=11960"},"modified":"2026-03-17T19:07:45","modified_gmt":"2026-03-17T17:07:45","slug":"feminist-etkinlikler-dizisi-tamamlandi","status":"publish","type":"post","link":"https:\/\/baraka.cc\/?p=11960","title":{"rendered":"Feminist Etkinlikler Dizisi Tamamland\u0131"},"content":{"rendered":"\n<figure class=\"wp-block-image size-large\"><a href=\"https:\/\/baraka.cc\/wp-content\/uploads\/2026\/03\/1000081351.jpg\"><img decoding=\"async\" loading=\"lazy\" width=\"1024\" height=\"768\" src=\"https:\/\/baraka.cc\/wp-content\/uploads\/2026\/03\/1000081351-1024x768.jpg\" alt=\"\" class=\"wp-image-11961\" srcset=\"https:\/\/baraka.cc\/wp-content\/uploads\/2026\/03\/1000081351-1024x768.jpg 1024w, https:\/\/baraka.cc\/wp-content\/uploads\/2026\/03\/1000081351-300x225.jpg 300w, https:\/\/baraka.cc\/wp-content\/uploads\/2026\/03\/1000081351-768x576.jpg 768w, https:\/\/baraka.cc\/wp-content\/uploads\/2026\/03\/1000081351-1536x1152.jpg 1536w, https:\/\/baraka.cc\/wp-content\/uploads\/2026\/03\/1000081351-1170x878.jpg 1170w, https:\/\/baraka.cc\/wp-content\/uploads\/2026\/03\/1000081351.jpg 2048w\" sizes=\"(max-width: 1024px) 100vw, 1024px\" \/><\/a><\/figure>\n\n\n\n<p>Kad\u0131n E\u011fitimi Kolektifi taraf\u0131ndan haz\u0131rlanan Feminist Etkinlikler dizisi Ba\u011f\u0131ms\u0131zl\u0131k Yolu Partisi ve Baraka K\u00fclt\u00fcr Merkezi lokalinde ger\u00e7ekle\u015ftirilen etkinliklerle tamamland\u0131. <\/p>\n\n\n\n<figure class=\"wp-block-image size-large\"><a href=\"https:\/\/baraka.cc\/wp-content\/uploads\/2026\/03\/1000081354.jpg\"><img decoding=\"async\" loading=\"lazy\" width=\"768\" height=\"1024\" src=\"https:\/\/baraka.cc\/wp-content\/uploads\/2026\/03\/1000081354-768x1024.jpg\" alt=\"\" class=\"wp-image-11962\" srcset=\"https:\/\/baraka.cc\/wp-content\/uploads\/2026\/03\/1000081354-768x1024.jpg 768w, https:\/\/baraka.cc\/wp-content\/uploads\/2026\/03\/1000081354-225x300.jpg 225w, https:\/\/baraka.cc\/wp-content\/uploads\/2026\/03\/1000081354-1152x1536.jpg 1152w, https:\/\/baraka.cc\/wp-content\/uploads\/2026\/03\/1000081354-1170x1560.jpg 1170w, https:\/\/baraka.cc\/wp-content\/uploads\/2026\/03\/1000081354.jpg 1536w\" sizes=\"(max-width: 768px) 100vw, 768px\" \/><\/a><\/figure>\n\n\n\n<p>Farkl\u0131 ba\u015fl\u0131klarda d\u00fczenlenen bulu\u015fmalar boyunca feminist m\u00fccadele tarihi, kad\u0131nlar\u0131n bilim, emek ve toplumsal ya\u015fam i\u00e7indeki deneyimleri ele al\u0131nd\u0131 ve sosyalist feminizm hakk\u0131da bilgiler verildi. <\/p>\n\n\n\n<figure class=\"wp-block-image size-large\"><a href=\"https:\/\/baraka.cc\/wp-content\/uploads\/2026\/03\/1000081365.jpg\"><img decoding=\"async\" loading=\"lazy\" width=\"1024\" height=\"576\" src=\"https:\/\/baraka.cc\/wp-content\/uploads\/2026\/03\/1000081365-1024x576.jpg\" alt=\"\" class=\"wp-image-11968\" srcset=\"https:\/\/baraka.cc\/wp-content\/uploads\/2026\/03\/1000081365-1024x576.jpg 1024w, https:\/\/baraka.cc\/wp-content\/uploads\/2026\/03\/1000081365-300x169.jpg 300w, https:\/\/baraka.cc\/wp-content\/uploads\/2026\/03\/1000081365-768x432.jpg 768w, https:\/\/baraka.cc\/wp-content\/uploads\/2026\/03\/1000081365-1536x864.jpg 1536w, https:\/\/baraka.cc\/wp-content\/uploads\/2026\/03\/1000081365-1170x658.jpg 1170w, https:\/\/baraka.cc\/wp-content\/uploads\/2026\/03\/1000081365.jpg 2048w\" sizes=\"(max-width: 1024px) 100vw, 1024px\" \/><\/a><\/figure>\n\n\n\n<p>Sunumlar, film g\u00f6sterimleri, at\u00f6lyeler ve e\u011flenceli etkinliklerle zenginle\u015fen etkinlik dizisi, kat\u0131l\u0131mc\u0131lar\u0131n hem \u00f6\u011frenip hem de birlikte tart\u0131\u015ft\u0131\u011f\u0131 bir s\u00fcre\u00e7 \u015feklinde ger\u00e7ekle\u015fti. Etkinliklerin ilk bulu\u015fmas\u0131nda feminist m\u00fccadelenin tarihsel geli\u015fimi ele al\u0131nd\u0131. Kad\u0131nlar\u0131n oy hakk\u0131 m\u00fccadelesinden emek m\u00fccadelesine uzanan s\u00fcre\u00e7te feminist hareketin nas\u0131l \u015fekillendi\u011fi anlat\u0131l\u0131rken, farkl\u0131 d\u00f6nemlerde kad\u0131nlar\u0131n e\u015fitlik ve \u00f6zg\u00fcrl\u00fck i\u00e7in verdi\u011fi m\u00fccadelelere de\u011finildi. Sunumun ard\u0131ndan yap\u0131lan sohbetlerde ve drama at\u00f6lyesinde kad\u0131nlar\u0131n kazand\u0131\u011f\u0131 haklar\u0131n \u00f6rg\u00fctl\u00fc m\u00fccadele sayesinde elde edildi\u011fi vurguland\u0131.<\/p>\n\n\n\n<figure class=\"wp-block-image size-large\"><a href=\"https:\/\/baraka.cc\/wp-content\/uploads\/2026\/03\/1000081358.jpg\"><img decoding=\"async\" loading=\"lazy\" width=\"1024\" height=\"768\" src=\"https:\/\/baraka.cc\/wp-content\/uploads\/2026\/03\/1000081358-1024x768.jpg\" alt=\"\" class=\"wp-image-11964\" srcset=\"https:\/\/baraka.cc\/wp-content\/uploads\/2026\/03\/1000081358-1024x768.jpg 1024w, https:\/\/baraka.cc\/wp-content\/uploads\/2026\/03\/1000081358-300x225.jpg 300w, https:\/\/baraka.cc\/wp-content\/uploads\/2026\/03\/1000081358-768x576.jpg 768w, https:\/\/baraka.cc\/wp-content\/uploads\/2026\/03\/1000081358-1536x1152.jpg 1536w, https:\/\/baraka.cc\/wp-content\/uploads\/2026\/03\/1000081358-1170x878.jpg 1170w, https:\/\/baraka.cc\/wp-content\/uploads\/2026\/03\/1000081358.jpg 2048w\" sizes=\"(max-width: 1024px) 100vw, 1024px\" \/><\/a><\/figure>\n\n\n\n<p>Dizinin bir di\u011fer etkinli\u011fi Bilim ve Kad\u0131n temas\u0131yla ger\u00e7ekle\u015ftirildi. Tarih boyunca bilim alan\u0131nda \u00f6nemli \u00e7al\u0131\u015fmalar yapm\u0131\u015f pek \u00e7ok kad\u0131n\u0131n g\u00f6r\u00fcnmez k\u0131l\u0131nd\u0131\u011f\u0131, hatta kad\u0131nlara ait olan baz\u0131 bilimsel bulu\u015flar\u0131n erkek bilim insanlar\u0131n\u0131n ad\u0131yla an\u0131ld\u0131\u011f\u0131 \u00f6rneklerle anlat\u0131ld\u0131. Sunumun ard\u0131ndan Marie Curie\u2019nin ya\u015fam\u0131n\u0131 konu alan film izlendi ve film sonras\u0131nda yap\u0131lan sohbette kad\u0131nlar\u0131n bilim alan\u0131nda kar\u015f\u0131la\u015ft\u0131\u011f\u0131 zorluklar ve bu alanda s\u00fcren e\u015fitsizlikler tart\u0131\u015f\u0131ld\u0131. Bununla birlikte bilim insanlar\u0131n\u0131n da tarafs\u0131z olmad\u0131\u011f\u0131, sermaye d\u00fczenine ve emperyalizme hizmet eden bir bilim insan\u0131n\u0131n s\u0131rf kad\u0131n oldu\u011fu i\u00e7in alk\u0131\u015flanmamas\u0131 da vurguland\u0131. <\/p>\n\n\n\n<figure class=\"wp-block-image size-large\"><a href=\"https:\/\/baraka.cc\/wp-content\/uploads\/2026\/03\/1000081361.jpg\"><img decoding=\"async\" loading=\"lazy\" width=\"1024\" height=\"771\" src=\"https:\/\/baraka.cc\/wp-content\/uploads\/2026\/03\/1000081361-1024x771.jpg\" alt=\"\" class=\"wp-image-11965\" srcset=\"https:\/\/baraka.cc\/wp-content\/uploads\/2026\/03\/1000081361-1024x771.jpg 1024w, https:\/\/baraka.cc\/wp-content\/uploads\/2026\/03\/1000081361-300x226.jpg 300w, https:\/\/baraka.cc\/wp-content\/uploads\/2026\/03\/1000081361-768x578.jpg 768w, https:\/\/baraka.cc\/wp-content\/uploads\/2026\/03\/1000081361-1536x1157.jpg 1536w, https:\/\/baraka.cc\/wp-content\/uploads\/2026\/03\/1000081361-1170x881.jpg 1170w, https:\/\/baraka.cc\/wp-content\/uploads\/2026\/03\/1000081361.jpg 2048w\" sizes=\"(max-width: 1024px) 100vw, 1024px\" \/><\/a><\/figure>\n\n\n\n<p>Etkinlikler dizisinin e\u011flenceli duraklar\u0131ndan biri de \u201cNe Biling?\u201d ba\u015fl\u0131kl\u0131 soru gecesi oldu. Feminist tarih, edebiyat, pop\u00fcler k\u00fclt\u00fcr ve kad\u0131n m\u00fccadelesine dair sorular\u0131n yer ald\u0131\u011f\u0131 etkinlikte kat\u0131l\u0131mc\u0131lar hem bilgilerini s\u0131nad\u0131 hem de keyifli bir ak\u015fam ge\u00e7irdi. <\/p>\n\n\n\n<figure class=\"wp-block-image size-large\"><a href=\"https:\/\/baraka.cc\/wp-content\/uploads\/2026\/03\/1000081360.jpg\"><img decoding=\"async\" loading=\"lazy\" width=\"771\" height=\"1024\" src=\"https:\/\/baraka.cc\/wp-content\/uploads\/2026\/03\/1000081360-771x1024.jpg\" alt=\"\" class=\"wp-image-11966\" srcset=\"https:\/\/baraka.cc\/wp-content\/uploads\/2026\/03\/1000081360-771x1024.jpg 771w, https:\/\/baraka.cc\/wp-content\/uploads\/2026\/03\/1000081360-226x300.jpg 226w, https:\/\/baraka.cc\/wp-content\/uploads\/2026\/03\/1000081360-768x1020.jpg 768w, https:\/\/baraka.cc\/wp-content\/uploads\/2026\/03\/1000081360-1157x1536.jpg 1157w, https:\/\/baraka.cc\/wp-content\/uploads\/2026\/03\/1000081360-1170x1554.jpg 1170w, https:\/\/baraka.cc\/wp-content\/uploads\/2026\/03\/1000081360.jpg 1542w\" sizes=\"(max-width: 771px) 100vw, 771px\" \/><\/a><\/figure>\n\n\n\n<p>Yar\u0131\u015fma boyunca sosyalist feminist hareketin \u00f6nemli isimleri, sloganlar\u0131 ve k\u00fclt\u00fcrel \u00fcretimleri hat\u0131rlan\u0131rken dayan\u0131\u015fma ve payla\u015f\u0131m duygusu da g\u00fc\u00e7lendi.Dizinin son etkinli\u011fi ise Kad\u0131n ve Emek temal\u0131 sunum ve drama at\u00f6lyesiydi. <\/p>\n\n\n\n<figure class=\"wp-block-image size-large\"><a href=\"https:\/\/baraka.cc\/wp-content\/uploads\/2026\/03\/1000081362.jpg\"><img decoding=\"async\" loading=\"lazy\" width=\"771\" height=\"1024\" src=\"https:\/\/baraka.cc\/wp-content\/uploads\/2026\/03\/1000081362-771x1024.jpg\" alt=\"\" class=\"wp-image-11970\" srcset=\"https:\/\/baraka.cc\/wp-content\/uploads\/2026\/03\/1000081362-771x1024.jpg 771w, https:\/\/baraka.cc\/wp-content\/uploads\/2026\/03\/1000081362-226x300.jpg 226w, https:\/\/baraka.cc\/wp-content\/uploads\/2026\/03\/1000081362-768x1020.jpg 768w, https:\/\/baraka.cc\/wp-content\/uploads\/2026\/03\/1000081362-1157x1536.jpg 1157w, https:\/\/baraka.cc\/wp-content\/uploads\/2026\/03\/1000081362-1170x1554.jpg 1170w, https:\/\/baraka.cc\/wp-content\/uploads\/2026\/03\/1000081362.jpg 1542w\" sizes=\"(max-width: 771px) 100vw, 771px\" \/><\/a><\/figure>\n\n\n\n<p>Kad\u0131nlar\u0131n hem \u00fccretli emek alan\u0131nda hem de ev i\u00e7i emekte maruz kald\u0131\u011f\u0131 \u00e7ifte s\u00f6m\u00fcr\u00fcye dikkat \u00e7ekilen sunumda neoliberal politikalar\u0131n ve g\u00fcvencesiz \u00e7al\u0131\u015fman\u0131n kad\u0131nlar\u0131 nas\u0131l daha fazla etkiledi\u011fi ele al\u0131nd\u0131. Aile kavram\u0131n\u0131n da sorguland\u0131\u011f\u0131 seminerde, kad\u0131nlar\u0131n \u00f6zg\u00fcrle\u015fmesinin emek m\u00fccadelesi ile birlikteli\u011fi vurguland\u0131. Sunumun ard\u0131ndan ger\u00e7ekle\u015fen drama at\u00f6lyesinde kat\u0131l\u0131mc\u0131lar g\u00fcndelik ya\u015famda kar\u015f\u0131la\u015f\u0131lan bask\u0131 ve e\u015fitsizlikleri canland\u0131rmalar \u00fczerinden tart\u0131\u015fma ve bilin\u00e7 y\u00fckseltme f\u0131rsat\u0131 buldu. Feminist Etkinlikler dizisi, farkl\u0131 ba\u015fl\u0131klar alt\u0131nda sosyalist feminist d\u00fc\u015f\u00fcncenin tart\u0131\u015f\u0131ld\u0131\u011f\u0131, kad\u0131nlar\u0131n deneyim payla\u015ft\u0131\u011f\u0131 ve dayan\u0131\u015fman\u0131n g\u00fc\u00e7lendi\u011fi bir bulu\u015fma alan\u0131 yaratt\u0131. Etkinlikler sona ermi\u015f olsa da kad\u0131nlar\u0131n e\u015fit ve \u00f6zg\u00fcr bir ya\u015fam i\u00e7in y\u00fcr\u00fctt\u00fc\u011f\u00fc m\u00fccadele ve dayan\u0131\u015fman\u0131n b\u00fcy\u00fcyerek s\u00fcrece\u011fi vurguland\u0131.<\/p>\n\n\n\n<p><\/p>\n\n\n\n<figure class=\"wp-block-image size-large\"><a href=\"https:\/\/baraka.cc\/wp-content\/uploads\/2026\/03\/1000081371.jpg\"><img decoding=\"async\" loading=\"lazy\" width=\"1024\" height=\"771\" src=\"https:\/\/baraka.cc\/wp-content\/uploads\/2026\/03\/1000081371-1024x771.jpg\" alt=\"\" class=\"wp-image-11974\" srcset=\"https:\/\/baraka.cc\/wp-content\/uploads\/2026\/03\/1000081371-1024x771.jpg 1024w, https:\/\/baraka.cc\/wp-content\/uploads\/2026\/03\/1000081371-300x226.jpg 300w, https:\/\/baraka.cc\/wp-content\/uploads\/2026\/03\/1000081371-768x578.jpg 768w, https:\/\/baraka.cc\/wp-content\/uploads\/2026\/03\/1000081371-1536x1157.jpg 1536w, https:\/\/baraka.cc\/wp-content\/uploads\/2026\/03\/1000081371-1170x881.jpg 1170w, https:\/\/baraka.cc\/wp-content\/uploads\/2026\/03\/1000081371.jpg 2048w\" sizes=\"(max-width: 1024px) 100vw, 1024px\" \/><\/a><\/figure>\n\n\n\n<figure class=\"wp-block-image size-large\"><a href=\"https:\/\/baraka.cc\/wp-content\/uploads\/2026\/03\/1000081366.jpg\"><img decoding=\"async\" loading=\"lazy\" width=\"1024\" height=\"576\" src=\"https:\/\/baraka.cc\/wp-content\/uploads\/2026\/03\/1000081366-1024x576.jpg\" alt=\"\" class=\"wp-image-11972\" srcset=\"https:\/\/baraka.cc\/wp-content\/uploads\/2026\/03\/1000081366-1024x576.jpg 1024w, https:\/\/baraka.cc\/wp-content\/uploads\/2026\/03\/1000081366-300x169.jpg 300w, https:\/\/baraka.cc\/wp-content\/uploads\/2026\/03\/1000081366-768x432.jpg 768w, https:\/\/baraka.cc\/wp-content\/uploads\/2026\/03\/1000081366-1536x864.jpg 1536w, https:\/\/baraka.cc\/wp-content\/uploads\/2026\/03\/1000081366-1170x658.jpg 1170w, https:\/\/baraka.cc\/wp-content\/uploads\/2026\/03\/1000081366.jpg 2048w\" sizes=\"(max-width: 1024px) 100vw, 1024px\" \/><\/a><\/figure>\n\n\n\n<figure class=\"wp-block-image size-large\"><a href=\"https:\/\/baraka.cc\/wp-content\/uploads\/2026\/03\/1000081370.jpg\"><img decoding=\"async\" loading=\"lazy\" width=\"1024\" height=\"771\" src=\"https:\/\/baraka.cc\/wp-content\/uploads\/2026\/03\/1000081370-1024x771.jpg\" alt=\"\" class=\"wp-image-11975\" srcset=\"https:\/\/baraka.cc\/wp-content\/uploads\/2026\/03\/1000081370-1024x771.jpg 1024w, https:\/\/baraka.cc\/wp-content\/uploads\/2026\/03\/1000081370-300x226.jpg 300w, https:\/\/baraka.cc\/wp-content\/uploads\/2026\/03\/1000081370-768x578.jpg 768w, https:\/\/baraka.cc\/wp-content\/uploads\/2026\/03\/1000081370-1536x1157.jpg 1536w, https:\/\/baraka.cc\/wp-content\/uploads\/2026\/03\/1000081370-1170x881.jpg 1170w, https:\/\/baraka.cc\/wp-content\/uploads\/2026\/03\/1000081370.jpg 2048w\" sizes=\"(max-width: 1024px) 100vw, 1024px\" \/><\/a><\/figure>\n\n\n\n<p><\/p>\n","protected":false},"excerpt":{"rendered":"<p>Kad\u0131n E\u011fitimi Kolektifi taraf\u0131ndan haz\u0131rlanan Feminist Etkinlikler dizisi Ba\u011f\u0131ms\u0131zl\u0131k Yolu Partisi ve Baraka K\u00fclt\u00fcr Merkezi lokalinde ger\u00e7ekle\u015ftirilen etkinliklerle tamamland\u0131. Farkl\u0131 ba\u015fl\u0131klarda d\u00fczenlenen bulu\u015fmalar boyunca feminist<\/p>\n","protected":false},"author":17,"featured_media":11961,"comment_status":"open","ping_status":"open","sticky":false,"template":"","format":"standard","meta":{"jetpack_post_was_ever_published":false,"_jetpack_newsletter_access":"","_jetpack_newsletter_tier_id":0,"jetpack_publicize_message":"","jetpack_is_tweetstorm":false,"jetpack_publicize_feature_enabled":true,"jetpack_social_post_already_shared":true,"jetpack_social_options":{"image_generator_settings":{"template":"highway","enabled":false}}},"categories":[59,46,45,9,83,1],"tags":[],"jetpack_publicize_connections":[],"jetpack_featured_media_url":"https:\/\/baraka.cc\/wp-content\/uploads\/2026\/03\/1000081351.jpg","jetpack_shortlink":"https:\/\/wp.me\/p4eHWX-36U","jetpack_sharing_enabled":true,"_links":{"self":[{"href":"https:\/\/baraka.cc\/index.php?rest_route=\/wp\/v2\/posts\/11960"}],"collection":[{"href":"https:\/\/baraka.cc\/index.php?rest_route=\/wp\/v2\/posts"}],"about":[{"href":"https:\/\/baraka.cc\/index.php?rest_route=\/wp\/v2\/types\/post"}],"author":[{"embeddable":true,"href":"https:\/\/baraka.cc\/index.php?rest_route=\/wp\/v2\/users\/17"}],"replies":[{"embeddable":true,"href":"https:\/\/baraka.cc\/index.php?rest_route=%2Fwp%2Fv2%2Fcomments&post=11960"}],"version-history":[{"count":1,"href":"https:\/\/baraka.cc\/index.php?rest_route=\/wp\/v2\/posts\/11960\/revisions"}],"predecessor-version":[{"id":11976,"href":"https:\/\/baraka.cc\/index.php?rest_route=\/wp\/v2\/posts\/11960\/revisions\/11976"}],"wp:featuredmedia":[{"embeddable":true,"href":"https:\/\/baraka.cc\/index.php?rest_route=\/wp\/v2\/media\/11961"}],"wp:attachment":[{"href":"https:\/\/baraka.cc\/index.php?rest_route=%2Fwp%2Fv2%2Fmedia&parent=11960"}],"wp:term":[{"taxonomy":"category","embeddable":true,"href":"https:\/\/baraka.cc\/index.php?rest_route=%2Fwp%2Fv2%2Fcategories&post=11960"},{"taxonomy":"post_tag","embeddable":true,"href":"https:\/\/baraka.cc\/index.php?rest_route=%2Fwp%2Fv2%2Ftags&post=11960"}],"curies":[{"name":"wp","href":"https:\/\/api.w.org\/{rel}","templated":true}]}}