{"id":12014,"date":"2026-04-29T15:42:11","date_gmt":"2026-04-29T13:42:11","guid":{"rendered":"https:\/\/baraka.cc\/?p=12014"},"modified":"2026-04-29T15:42:20","modified_gmt":"2026-04-29T13:42:20","slug":"baraka-kultur-merkezi-1-mayis-mesaji-kazanim-mucadelede","status":"publish","type":"post","link":"https:\/\/baraka.cc\/?p=12014","title":{"rendered":"Baraka K\u00fclt\u00fcr Merkezi 1 May\u0131s Mesaj\u0131: \u201cKazan\u0131m M\u00fccadelede&#8217;"},"content":{"rendered":"\n<figure class=\"wp-block-image size-large\"><a href=\"https:\/\/baraka.cc\/wp-content\/uploads\/2026\/04\/1000084800.jpg\"><img decoding=\"async\" loading=\"lazy\" width=\"1024\" height=\"858\" src=\"https:\/\/baraka.cc\/wp-content\/uploads\/2026\/04\/1000084800-1024x858.jpg\" alt=\"\" class=\"wp-image-12015\" srcset=\"https:\/\/baraka.cc\/wp-content\/uploads\/2026\/04\/1000084800-1024x858.jpg 1024w, https:\/\/baraka.cc\/wp-content\/uploads\/2026\/04\/1000084800-300x251.jpg 300w, https:\/\/baraka.cc\/wp-content\/uploads\/2026\/04\/1000084800-768x644.jpg 768w, https:\/\/baraka.cc\/wp-content\/uploads\/2026\/04\/1000084800-1536x1287.jpg 1536w, https:\/\/baraka.cc\/wp-content\/uploads\/2026\/04\/1000084800-1170x981.jpg 1170w, https:\/\/baraka.cc\/wp-content\/uploads\/2026\/04\/1000084800.jpg 1600w\" sizes=\"(max-width: 1024px) 100vw, 1024px\" \/><\/a><\/figure>\n\n\n\n<p>\u0130\u015f\u00e7ilerin, emek\u00e7ilerin ve ezilen t\u00fcm kesimlerin; \u00f6rg\u00fctl\u00fc emek, hak ve \u00f6zg\u00fcrl\u00fcklerini co\u015fkuyla ifade etti\u011fi, sokakta isyan\u0131n\u0131 hayk\u0131rd\u0131\u011f\u0131 g\u00fcn 1 May\u0131s! <\/p>\n\n\n\n<p> Baraka K\u00fclt\u00fcr Merkezi olarak bizler de son 24 y\u0131ld\u0131r oldu\u011fu gibi bu y\u0131l da 1 May\u0131s\u2019ta alanlarday\u0131z. Ve bu y\u0131l, t\u0131pk\u0131 K\u0131br\u0131sl\u0131 T\u00fcrk emek\u00e7iler gibi bizler de daha co\u015fkulu, daha kararl\u0131 ve en \u00f6nemlisi daha moralliyiz.<\/p>\n\n\n\n<p> Bu k\u00fc\u00e7\u00fck ada yar\u0131s\u0131nda olu\u015fan ekonomik y\u0131k\u0131m, yarat\u0131lan s\u00f6m\u00fcr\u00fc d\u00fczeni, artan gericilikle paralel olarak ya\u015fanan \u00e7\u00fcr\u00fcme ve krizlerin faturas\u0131, sistematik bi\u00e7imde emek\u00e7ilere kesildi. Sermaye ve h\u00fck\u00fcmet edenler t\u00fcm g\u00fcc\u00fcyle bir arada durabilmeyi ye\u011flerken, bir yanda kamu emek\u00e7ilerinin kazan\u0131lm\u0131\u015f haklar\u0131na g\u00f6z dikildi, di\u011fer yandan \u00f6zel sekt\u00f6r emek\u00e7ileri \u00f6rg\u00fcts\u00fczl\u00fck, g\u00fcvencesizlik ve yoksulluk k\u0131skac\u0131na mahkum edildi. E\u011fitimden sa\u011fl\u0131\u011fa, ula\u015f\u0131mdan bar\u0131nma ve do\u011faya kadar kamusal alanlar\u0131n bir \u00e7o\u011fu rant\u0131n, talan\u0131n ve piyasac\u0131 akl\u0131n insaf\u0131na b\u0131rak\u0131ld\u0131. <\/p>\n\n\n\n<p>Bununla da yetinilmedi&#8230;<\/p>\n\n\n\n<p>Toplumsal de\u011ferlerimize, laik ya\u015fam bi\u00e7imimize ve kolektif birikimimize m\u00fcdahale edildi. Siyasal \u0130slam\u2019\u0131n karanl\u0131\u011f\u0131, bu topraklara ta\u015f\u0131nmak istendi.UBP-DP-YDP koalisyonu, AKP-MHP hatt\u0131na yaslanarak yaln\u0131zca ekonomik de\u011fil, ideolojik bir ku\u015fatma da \u00f6rmeye giri\u015fti. \u201cT\u00fcrkiye\u2019de ne varsa K\u0131br\u0131s\u2019ta da olacak\u201d s\u00f6z\u00fc, bu ku\u015fatman\u0131n a\u00e7\u0131k ilan\u0131na d\u00f6n\u00fc\u015ft\u00fc.<\/p>\n\n\n\n<p> Ektam direni\u015finde g\u00f6rd\u00fck: \u00d6rg\u00fctlenme hakk\u0131n\u0131 kullanan i\u015f\u00e7iler kap\u0131n\u0131n \u00f6n\u00fcne konulurken, h\u00fck\u00fcmet sermayenin saf\u0131nda hizaland\u0131. Bu tav\u0131r, \u00f6zel sekt\u00f6rde sendikala\u015fman\u0131n fiilen yasakland\u0131\u011f\u0131n\u0131 a\u00e7\u0131k\u00e7a g\u00f6sterdi.<\/p>\n\n\n\n<p> Ard\u0131ndan gelenler \u015fa\u015f\u0131rt\u0131c\u0131 de\u011fildi: Sans\u00fcr\u00fc yasa haline getirmek isteyen giri\u015fimler, d\u00fc\u015f\u00fcnceyi su\u00e7 sayan d\u00fczenlemeler, bili\u015fim yasalar\u0131yla halk\u0131n s\u00f6z\u00fcn\u00fc bo\u011fma \u00e7abas\u0131\u2026<\/p>\n\n\n\n<p>Karpaz\u2019da pe\u015fke\u015f \u00e7ekilen topraklar\u2026Hayat Pahal\u0131l\u0131\u011f\u0131 \u00f6dene\u011fine uzanan eller\u2026<\/p>\n\n\n\n<p> B\u00fct\u00fcn bunlar, tek bir ger\u00e7e\u011fi ifade ediyor: Sermayenin krizini, emek\u00e7ilere \u00f6detme d\u00fczeni.<\/p>\n\n\n\n<p>Ama bu hik\u00e2ye burada bitmedi. \u00c7\u00fcnk\u00fc halk ve emek\u00e7iler boyun e\u011fmedi. Co\u015fkumuz bo\u015flukta de\u011fil m\u00fccadelede b\u00fcy\u00fcd\u00fc, kararl\u0131l\u0131\u011f\u0131m\u0131z filizlenen m\u00fccadelede artt\u0131 ve moralimiz sermayenin sald\u0131r\u0131lar\u0131na, h\u00fck\u00fcmetin dayatmalar\u0131na ve \u00f6rg\u00fctl\u00fc k\u00f6t\u00fcl\u00fc\u011fe ge\u00e7it vermeyerek b\u00fcy\u00fcd\u00fc.<\/p>\n\n\n\n<p>Siyasal \u0130slam\u2019a ge\u00e7it verilmedi; halk laik ya\u015fam\u0131na sahip \u00e7\u0131kt\u0131.Ektam direni\u015finde emek\u00e7iler \u00f6rg\u00fctlenerek kazand\u0131; yaln\u0131z kendileri i\u00e7in de\u011fil, t\u00fcm \u00f6zel sekt\u00f6r emek\u00e7ileri i\u00e7in bir yol a\u00e7t\u0131.Dayat\u0131lan yasalar kar\u015f\u0131s\u0131nda emek \u00f6rg\u00fctleri ve halk, barikatlar\u0131 a\u015farak h\u00fck\u00fcmete geri ad\u0131m att\u0131rd\u0131.<\/p>\n\n\n\n<p> \u0130\u015fte bug\u00fcn ta\u015f\u0131d\u0131\u011f\u0131m\u0131z co\u015fku, bu direni\u015flerin toplam\u0131ndand\u0131r. G\u00f6sterdi\u011fimiz kararl\u0131l\u0131k, halk\u0131n kendi g\u00fcc\u00fcn\u00fc yeniden hat\u0131rlamas\u0131ndad\u0131r. Sahip oldu\u011fumuz moral ise kazan\u0131lm\u0131\u015f mevzilerden gelmektedir. <\/p>\n\n\n\n<p>\u00c7\u00fcnk\u00fc emek\u00e7iler bir kez daha g\u00f6rd\u00fc: Kazan\u0131m, m\u00fccadeleden do\u011far. <\/p>\n\n\n\n<p>Can Y\u00fccel\u2019in dedi\u011fi gibi:<em> \u201cHava d\u00f6nd\u00fc\u2026 i\u015f\u00e7iden, i\u015f\u00e7iden esiyor yel.\u201d\u015eimdi o r\u00fczg\u00e2r\u0131 b\u00fcy\u00fctme zaman\u0131!<\/em><\/p>\n\n\n\n<p>Sanat\u0131n sokakla bulu\u015ftu\u011fu, bilimin yolumuzu ayd\u0131nlatt\u0131\u011f\u0131, laik ve \u00f6zg\u00fcr bir ya\u015fam\u0131n kuruldu\u011fu bir gelecek i\u00e7in; Eme\u011fin s\u00f6z\u00fcn\u00fc, \u00f6fkesini ve umudunu birlikte y\u00fckseltmek i\u00e7in;<\/p>\n\n\n\n<p>Baraka K\u00fclt\u00fcr Merkezi olarak 25. y\u0131l\u0131m\u0131z\u0131 kutlad\u0131\u011f\u0131m\u0131z bu y\u0131l da sizleri, \u201cSanat ve Bilimin I\u015f\u0131\u011f\u0131nda Eme\u011fin Kurtulu\u015fu Devrimin Y\u00fcr\u00fcy\u00fc\u015f\u00fcd\u00fcr 1 May\u0131s\u201d pankart\u0131m\u0131z\u0131n arkas\u0131na \u00e7a\u011f\u0131r\u0131yoruz. <\/p>\n\n\n\n<p>Gelin, ger\u00e7ek kazan\u0131m\u0131n m\u00fccadeleden ge\u00e7ti\u011fini bir kez daha sokakta hayk\u0131ral\u0131m!<\/p>\n\n\n\n<p>1 May\u0131s Cuma g\u00fcn\u00fc saat 17.30\u2019da \u00c7a\u011flayan Park\u0131\u2019nda Baraka kortejinde bulu\u015fal\u0131m.Ku\u011fulu Park\u2019a ve oradan ara b\u00f6lgeye y\u00fcr\u00fcyecek; s\u00f6m\u00fcr\u00fcye, gericili\u011fe ve talana kar\u015f\u0131 s\u00f6z\u00fcm\u00fcz\u00fc K\u0131br\u0131sl\u0131 Elen emek\u00e7ilerle birlikte s\u00f6yleyece\u011fiz.<\/p>\n\n\n\n<p>Baraka K\u00fclt\u00fcr Merkezi ad\u0131na<\/p>\n\n\n\n<p>Mustafa Batak<\/p>\n","protected":false},"excerpt":{"rendered":"<p>\u0130\u015f\u00e7ilerin, emek\u00e7ilerin ve ezilen t\u00fcm kesimlerin; \u00f6rg\u00fctl\u00fc emek, hak ve \u00f6zg\u00fcrl\u00fcklerini co\u015fkuyla ifade etti\u011fi, sokakta isyan\u0131n\u0131 hayk\u0131rd\u0131\u011f\u0131 g\u00fcn 1 May\u0131s! Baraka K\u00fclt\u00fcr Merkezi olarak bizler<\/p>\n","protected":false},"author":17,"featured_media":12015,"comment_status":"open","ping_status":"open","sticky":false,"template":"","format":"standard","meta":{"jetpack_post_was_ever_published":false,"_jetpack_newsletter_access":"","_jetpack_newsletter_tier_id":0,"jetpack_publicize_message":"","jetpack_is_tweetstorm":false,"jetpack_publicize_feature_enabled":true,"jetpack_social_post_already_shared":true,"jetpack_social_options":{"image_generator_settings":{"template":"highway","enabled":false}}},"categories":[41,38,9,1],"tags":[],"jetpack_publicize_connections":[],"jetpack_featured_media_url":"https:\/\/baraka.cc\/wp-content\/uploads\/2026\/04\/1000084800.jpg","jetpack_shortlink":"https:\/\/wp.me\/p4eHWX-37M","jetpack_sharing_enabled":true,"_links":{"self":[{"href":"https:\/\/baraka.cc\/index.php?rest_route=\/wp\/v2\/posts\/12014"}],"collection":[{"href":"https:\/\/baraka.cc\/index.php?rest_route=\/wp\/v2\/posts"}],"about":[{"href":"https:\/\/baraka.cc\/index.php?rest_route=\/wp\/v2\/types\/post"}],"author":[{"embeddable":true,"href":"https:\/\/baraka.cc\/index.php?rest_route=\/wp\/v2\/users\/17"}],"replies":[{"embeddable":true,"href":"https:\/\/baraka.cc\/index.php?rest_route=%2Fwp%2Fv2%2Fcomments&post=12014"}],"version-history":[{"count":1,"href":"https:\/\/baraka.cc\/index.php?rest_route=\/wp\/v2\/posts\/12014\/revisions"}],"predecessor-version":[{"id":12016,"href":"https:\/\/baraka.cc\/index.php?rest_route=\/wp\/v2\/posts\/12014\/revisions\/12016"}],"wp:featuredmedia":[{"embeddable":true,"href":"https:\/\/baraka.cc\/index.php?rest_route=\/wp\/v2\/media\/12015"}],"wp:attachment":[{"href":"https:\/\/baraka.cc\/index.php?rest_route=%2Fwp%2Fv2%2Fmedia&parent=12014"}],"wp:term":[{"taxonomy":"category","embeddable":true,"href":"https:\/\/baraka.cc\/index.php?rest_route=%2Fwp%2Fv2%2Fcategories&post=12014"},{"taxonomy":"post_tag","embeddable":true,"href":"https:\/\/baraka.cc\/index.php?rest_route=%2Fwp%2Fv2%2Ftags&post=12014"}],"curies":[{"name":"wp","href":"https:\/\/api.w.org\/{rel}","templated":true}]}}