{"id":12239,"date":"2026-08-13T14:10:53","date_gmt":"2026-08-13T12:10:53","guid":{"rendered":"https:\/\/baraka.cc\/?p=12239"},"modified":"2026-09-01T14:21:27","modified_gmt":"2026-09-01T12:21:27","slug":"baraka-kultur-merkezi-lefkosa-genclik-gunleri-kapsaminda-yuvarlak-masa-etkinligine-katildi","status":"publish","type":"post","link":"https:\/\/baraka.cc\/?p=12239","title":{"rendered":"Baraka K\u00fclt\u00fcr Merkezi, Lefko\u015fa Gen\u00e7lik G\u00fcnleri Kapsam\u0131nda Yuvarlak Masa Etkinli\u011fine Kat\u0131ld\u0131"},"content":{"rendered":"\n<p>17. Lefko\u015fa Gen\u00e7lik G\u00fcnleri kapsam\u0131nda,&nbsp;12 A\u011fustos ak\u015fam\u0131&nbsp;ger\u00e7ekle\u015ftirilen&nbsp;Yuvarlak Masa toplant\u0131s\u0131na Baraka K\u00fclt\u00fcr Merkezi ad\u0131na Bala Kabakc\u0131 kat\u0131larak bir tebli\u011f sundu.&nbsp;HAS-DER Gen\u00e7lik Kul\u00fcb\u00fc\u2019n\u00fcn ev sahipli\u011finde&nbsp;yap\u0131lan etkinlikte \u201cFarkl\u0131 ko\u015fullar, ortak hedefler\u201d temas\u0131&nbsp;masaya yat\u0131r\u0131ld\u0131 ve&nbsp;pek \u00e7ok gen\u00e7lik \u00f6rg\u00fct\u00fcn\u00fcn&nbsp;\u00e7e\u015fitli&nbsp;sunumlar\u0131yla tart\u0131\u015f\u0131ld\u0131.<\/p>\n\n\n\n<p>Baraka ad\u0131na konu\u015fma yapan Bala Kabakc\u0131,\u00a0farkl\u0131 ko\u015fullar\u0131n\u00a0yaln\u0131zca farkl\u0131 deneyimler veya farkl\u0131 k\u00fclt\u00fcrel arka planlar anlam\u0131na gelmedi\u011fini, ayn\u0131 zamanda\u00a0s\u0131n\u0131fsal\u00a0e\u015fitsizlik anlam\u0131na geldi\u011fini\u00a0belirtti.\u00a0Gen\u00e7lerin\u00a0\u00f6zlellikle i\u015f hayat\u0131nda\u00f6rg\u00fcts\u00fczl\u00fck ve g\u00fcvencesizlikle kar\u015f\u0131 kar\u015f\u0131ya oldu\u011funun;\u00a0e\u011fitim, sa\u011fl\u0131k, ula\u015f\u0131m ve bar\u0131nma gibi temel ihtiya\u00e7lar\u0131n giderek sermayenin k\u00e2r noktalar\u0131 haline geldi\u011finin alt\u0131n\u0131 \u00e7izen\u00a0Kabakc\u0131, bu durumun\u00a0yaln\u0131zca K\u0131br\u0131s\u2019a \u00f6zg\u00fc\u00a0olmad\u0131\u011f\u0131n\u0131 da vurgulayarak d\u00fcnyadan \u00f6rnekler verdi. K\u0131br\u0131s sorununa, federasyon istencine ve g\u00fcneydeki gen\u00e7lerle\u00a0i\u015fbirli\u011finin \u00f6nemine de\u00a0de\u011finen Baraka K\u00fclt\u00fcr Merkezi temsilcisi, gen\u00e7lerin hedefinin;\u00a0f\u0131rsatlar\u0131n neden e\u015fitsiz da\u011f\u0131ld\u0131\u011f\u0131n\u0131 sorgulamak ve bu e\u015fitsizli\u011fi \u00fcreten ko\u015fullar\u0131 de\u011fi\u015ftirmek olmas\u0131n\u0131 \u00f6nerdi.<\/p>\n\n\n\n<figure class=\"wp-block-image size-large\"><a href=\"https:\/\/baraka.cc\/wp-content\/uploads\/2026\/09\/7095292c-ae71-4652-953c-381f22689ca9.jpeg\"><img decoding=\"async\" loading=\"lazy\" width=\"1024\" height=\"768\" src=\"https:\/\/baraka.cc\/wp-content\/uploads\/2026\/09\/7095292c-ae71-4652-953c-381f22689ca9-1024x768.jpeg\" alt=\"\" class=\"wp-image-12246\" srcset=\"https:\/\/baraka.cc\/wp-content\/uploads\/2026\/09\/7095292c-ae71-4652-953c-381f22689ca9-1024x768.jpeg 1024w, https:\/\/baraka.cc\/wp-content\/uploads\/2026\/09\/7095292c-ae71-4652-953c-381f22689ca9-300x225.jpeg 300w, https:\/\/baraka.cc\/wp-content\/uploads\/2026\/09\/7095292c-ae71-4652-953c-381f22689ca9-768x576.jpeg 768w, https:\/\/baraka.cc\/wp-content\/uploads\/2026\/09\/7095292c-ae71-4652-953c-381f22689ca9-1536x1152.jpeg 1536w, https:\/\/baraka.cc\/wp-content\/uploads\/2026\/09\/7095292c-ae71-4652-953c-381f22689ca9-1170x878.jpeg 1170w, https:\/\/baraka.cc\/wp-content\/uploads\/2026\/09\/7095292c-ae71-4652-953c-381f22689ca9.jpeg 1600w\" sizes=\"(max-width: 1024px) 100vw, 1024px\" \/><\/a><\/figure>\n\n\n\n<figure class=\"wp-block-image size-large\"><a href=\"https:\/\/baraka.cc\/wp-content\/uploads\/2026\/09\/8ccbe825-5cfc-4349-9459-30f894236494.jpeg\"><img decoding=\"async\" loading=\"lazy\" width=\"1024\" height=\"768\" src=\"https:\/\/baraka.cc\/wp-content\/uploads\/2026\/09\/8ccbe825-5cfc-4349-9459-30f894236494-1024x768.jpeg\" alt=\"\" class=\"wp-image-12243\" srcset=\"https:\/\/baraka.cc\/wp-content\/uploads\/2026\/09\/8ccbe825-5cfc-4349-9459-30f894236494-1024x768.jpeg 1024w, https:\/\/baraka.cc\/wp-content\/uploads\/2026\/09\/8ccbe825-5cfc-4349-9459-30f894236494-300x225.jpeg 300w, https:\/\/baraka.cc\/wp-content\/uploads\/2026\/09\/8ccbe825-5cfc-4349-9459-30f894236494-768x576.jpeg 768w, https:\/\/baraka.cc\/wp-content\/uploads\/2026\/09\/8ccbe825-5cfc-4349-9459-30f894236494-1536x1152.jpeg 1536w, https:\/\/baraka.cc\/wp-content\/uploads\/2026\/09\/8ccbe825-5cfc-4349-9459-30f894236494-1170x878.jpeg 1170w, https:\/\/baraka.cc\/wp-content\/uploads\/2026\/09\/8ccbe825-5cfc-4349-9459-30f894236494.jpeg 2048w\" sizes=\"(max-width: 1024px) 100vw, 1024px\" \/><\/a><\/figure>\n\n\n\n<figure class=\"wp-block-image size-large\"><a href=\"https:\/\/baraka.cc\/wp-content\/uploads\/2026\/09\/3473cde6-8bf6-428c-bdb3-0c83dceadcaf.jpeg\"><img decoding=\"async\" loading=\"lazy\" width=\"1024\" height=\"768\" src=\"https:\/\/baraka.cc\/wp-content\/uploads\/2026\/09\/3473cde6-8bf6-428c-bdb3-0c83dceadcaf-1024x768.jpeg\" alt=\"\" class=\"wp-image-12242\" srcset=\"https:\/\/baraka.cc\/wp-content\/uploads\/2026\/09\/3473cde6-8bf6-428c-bdb3-0c83dceadcaf-1024x768.jpeg 1024w, https:\/\/baraka.cc\/wp-content\/uploads\/2026\/09\/3473cde6-8bf6-428c-bdb3-0c83dceadcaf-300x225.jpeg 300w, https:\/\/baraka.cc\/wp-content\/uploads\/2026\/09\/3473cde6-8bf6-428c-bdb3-0c83dceadcaf-768x576.jpeg 768w, https:\/\/baraka.cc\/wp-content\/uploads\/2026\/09\/3473cde6-8bf6-428c-bdb3-0c83dceadcaf-1536x1152.jpeg 1536w, https:\/\/baraka.cc\/wp-content\/uploads\/2026\/09\/3473cde6-8bf6-428c-bdb3-0c83dceadcaf-1170x878.jpeg 1170w, https:\/\/baraka.cc\/wp-content\/uploads\/2026\/09\/3473cde6-8bf6-428c-bdb3-0c83dceadcaf.jpeg 1600w\" sizes=\"(max-width: 1024px) 100vw, 1024px\" \/><\/a><\/figure>\n","protected":false},"excerpt":{"rendered":"<p>17. Lefko\u015fa Gen\u00e7lik G\u00fcnleri kapsam\u0131nda,&nbsp;12 A\u011fustos ak\u015fam\u0131&nbsp;ger\u00e7ekle\u015ftirilen&nbsp;Yuvarlak Masa toplant\u0131s\u0131na Baraka K\u00fclt\u00fcr Merkezi ad\u0131na Bala Kabakc\u0131 kat\u0131larak bir tebli\u011f sundu.&nbsp;HAS-DER Gen\u00e7lik Kul\u00fcb\u00fc\u2019n\u00fcn ev sahipli\u011finde&nbsp;yap\u0131lan etkinlikte \u201cFarkl\u0131<\/p>\n","protected":false},"author":8,"featured_media":12246,"comment_status":"open","ping_status":"open","sticky":false,"template":"","format":"standard","meta":[],"categories":[46,45,9,56,1],"tags":[],"_links":{"self":[{"href":"https:\/\/baraka.cc\/index.php?rest_route=\/wp\/v2\/posts\/12239"}],"collection":[{"href":"https:\/\/baraka.cc\/index.php?rest_route=\/wp\/v2\/posts"}],"about":[{"href":"https:\/\/baraka.cc\/index.php?rest_route=\/wp\/v2\/types\/post"}],"author":[{"embeddable":true,"href":"https:\/\/baraka.cc\/index.php?rest_route=\/wp\/v2\/users\/8"}],"replies":[{"embeddable":true,"href":"https:\/\/baraka.cc\/index.php?rest_route=%2Fwp%2Fv2%2Fcomments&post=12239"}],"version-history":[{"count":1,"href":"https:\/\/baraka.cc\/index.php?rest_route=\/wp\/v2\/posts\/12239\/revisions"}],"predecessor-version":[{"id":12247,"href":"https:\/\/baraka.cc\/index.php?rest_route=\/wp\/v2\/posts\/12239\/revisions\/12247"}],"wp:featuredmedia":[{"embeddable":true,"href":"https:\/\/baraka.cc\/index.php?rest_route=\/wp\/v2\/media\/12246"}],"wp:attachment":[{"href":"https:\/\/baraka.cc\/index.php?rest_route=%2Fwp%2Fv2%2Fmedia&parent=12239"}],"wp:term":[{"taxonomy":"category","embeddable":true,"href":"https:\/\/baraka.cc\/index.php?rest_route=%2Fwp%2Fv2%2Fcategories&post=12239"},{"taxonomy":"post_tag","embeddable":true,"href":"https:\/\/baraka.cc\/index.php?rest_route=%2Fwp%2Fv2%2Ftags&post=12239"}],"curies":[{"name":"wp","href":"https:\/\/api.w.org\/{rel}","templated":true}]}}