{"id":12241,"date":"2026-09-01T14:16:56","date_gmt":"2026-09-01T12:16:56","guid":{"rendered":"https:\/\/baraka.cc\/?p=12241"},"modified":"2026-09-01T14:16:59","modified_gmt":"2026-09-01T12:16:59","slug":"baris-bizlerin-ellerindedir-3","status":"publish","type":"post","link":"https:\/\/baraka.cc\/?p=12241","title":{"rendered":"Bar\u0131\u015f Bizlerin Ellerindedir"},"content":{"rendered":"\n<p>Bug\u00fcn 1 Eyl\u00fcl D\u00fcnya Bar\u0131\u015f G\u00fcn\u00fc.<\/p>\n\n\n\n<p>Deniz susmuyor. Denizlerimiz art\u0131k can pazar\u0131. Ancak canlar\u0131m\u0131z\u0131 alan denizin karanl\u0131\u011f\u0131 de\u011fil, <strong>insan hayat\u0131n\u0131 k\u00e2r hesab\u0131na s\u0131\u011fd\u0131ran sermayenin bitmeyen h\u0131rs\u0131d\u0131r.<\/strong><\/p>\n\n\n\n<p>Bug\u00fcn soka\u011fa \u00e7\u0131kmay\u0131 erteledik, s\u00f6z\u00fcm\u00fcz\u00fc de\u011fil.<\/p>\n\n\n\n<p>\u00c7\u00fcnk\u00fc biliyoruz:<\/p>\n\n\n\n<p>Bar\u0131\u015f, sadece sava\u015f\u0131n olmad\u0131\u011f\u0131 g\u00fcn de\u011fildir.<\/p>\n\n\n\n<p>Bar\u0131\u015f, insan\u0131n \u00f6l\u00fcme terk edilmedi\u011fi, eme\u011fin s\u00f6m\u00fcr\u00fclmedi\u011fi, kamunun sermayeye teslim edilmedi\u011fi, halk\u0131n iradesinin yok say\u0131lmad\u0131\u011f\u0131 bir ya\u015famd\u0131r ayn\u0131 zamanda&#8230;<\/p>\n\n\n\n<p>\u0130hmalin, denetimsizli\u011fin, adam kay\u0131rman\u0131n, \u201cben yapar\u0131m, olur\u201d d\u00fczeninin sonucudur bu ya\u015fananlar ve sorumlular\u0131n\u0131 biliyoruz ve s\u00f6yl\u00fcyoruz: Hesap verecekler!<\/p>\n\n\n\n<p>D\u00fcnyan\u0131n d\u00f6rt yan\u0131nda sava\u015f b\u00fcy\u00fcrken, Ortado\u011fu kanarken, emperyalistler kar ve rant u\u011fruna s\u0131n\u0131rlar\u0131 yeniden \u00e7izerken, K\u0131br\u0131s\u2019\u0131 b\u00f6lenler aday\u0131 batmayan u\u00e7ak gemisine d\u00f6n\u00fc\u015ft\u00fcrmek istiyorlar.<\/p>\n\n\n\n<p>K\u0131br\u0131s bizim evimiz, biricik yuvam\u0131zd\u0131r, ba\u015fkalar\u0131n\u0131n yuvas\u0131n\u0131 y\u0131kacak bir sava\u015f gemisi de\u011fil! Olmamas\u0131 i\u00e7in \u00e7\u00f6z\u00fcm\u00fc sokakta aramal\u0131, laf dala\u015f\u0131nda da de\u011fil.<\/p>\n\n\n\n<p>\u201cOnlar bar\u0131\u015f istemiyor\u201d demek kolay. 50 y\u0131ld\u0131r s\u00f6ylenen de bu zaten, peki federal \u00e7\u00f6z\u00fcm? Onu dile getirmek neden zor?<\/p>\n\n\n\n<p>Peki ya kuzeydeki tahakk\u00fcm; AKP-MHP iktidar\u0131n\u0131n yaratt\u0131\u011f\u0131 siyasal ve toplumsal y\u0131k\u0131m&#8230; Neden ona kar\u015f\u0131 ayn\u0131 cesaretle konu\u015fulmuyor?<\/p>\n\n\n\n<p>Bar\u0131\u015f, bir tarafa parmak sallay\u0131p di\u011fer tarafa susmak m\u0131d\u0131r?<\/p>\n\n\n\n<p>Bar\u0131\u015f, \u00e7ifte standart de\u011fildir.<\/p>\n\n\n\n<p>Bar\u0131\u015f milliyet\u00e7ili\u011fe, gericili\u011fe, tahakk\u00fcme kar\u015f\u0131 durmakt\u0131r.<\/p>\n\n\n\n<p>Ve biz biliyoruz: K\u0131br\u0131s\u2019\u0131n yolu federal \u00e7\u00f6z\u00fcmden, e\u015fitlikten ve ortak ya\u015famdan ge\u00e7er.<\/p>\n\n\n\n<p>Bug\u00fcn ac\u0131l\u0131y\u0131z. Bug\u00fcn \u00f6fkeliyiz.&nbsp; Ama \u00f6fkemiz yas\u0131n i\u00e7inde bo\u011fulmayacak. \u00d6rg\u00fctlenecek, birle\u015fecek, de\u011fi\u015ftirecek.<\/p>\n\n\n\n<p>K\u0131br\u0131s halklar\u0131n\u0131n bunu yapacak s\u00f6z\u00fc de iradesi de g\u00fcc\u00fc de vard\u0131r. Eksik olan o ortak s\u00f6z\u00fc birlikte hayk\u0131rmakt\u0131r. Biz bug\u00fcn o s\u00f6z\u00fc s\u00f6yl\u00fcyoruz: Sava\u015fa kar\u015f\u0131 BARI\u015e!<\/p>\n\n\n\n<p>Emperyalizme kar\u015f\u0131 BARI\u015e!<\/p>\n\n\n\n<p>S\u00f6m\u00fcr\u00fcye kar\u015f\u0131 BARI\u015e!<\/p>\n\n\n\n<p>B\u00f6l\u00fcnmeye kar\u015f\u0131 BARI\u015e!<\/p>\n\n\n\n<p>K\u0131br\u0131s halklar\u0131n\u0131n e\u015fit ve \u00f6zg\u00fcr gelece\u011fi i\u00e7in BARI\u015e!<\/p>\n\n\n\n<p>Bar\u0131\u015f g\u00f6kten inmeyecek.<\/p>\n\n\n\n<p>Bar\u0131\u015f, halklar\u0131n ellerinde kurulacak.<\/p>\n\n\n\n<p>Bar\u0131\u015f Bizlerin Ellerindedir.<\/p>\n","protected":false},"excerpt":{"rendered":"<p>Bug\u00fcn 1 Eyl\u00fcl D\u00fcnya Bar\u0131\u015f G\u00fcn\u00fc. Deniz susmuyor. Denizlerimiz art\u0131k can pazar\u0131. Ancak canlar\u0131m\u0131z\u0131 alan denizin karanl\u0131\u011f\u0131 de\u011fil, insan hayat\u0131n\u0131 k\u00e2r hesab\u0131na s\u0131\u011fd\u0131ran sermayenin bitmeyen<\/p>\n","protected":false},"author":13,"featured_media":12244,"comment_status":"open","ping_status":"open","sticky":false,"template":"","format":"standard","meta":[],"categories":[52,41,38,45,47,9,1],"tags":[],"_links":{"self":[{"href":"https:\/\/baraka.cc\/index.php?rest_route=\/wp\/v2\/posts\/12241"}],"collection":[{"href":"https:\/\/baraka.cc\/index.php?rest_route=\/wp\/v2\/posts"}],"about":[{"href":"https:\/\/baraka.cc\/index.php?rest_route=\/wp\/v2\/types\/post"}],"author":[{"embeddable":true,"href":"https:\/\/baraka.cc\/index.php?rest_route=\/wp\/v2\/users\/13"}],"replies":[{"embeddable":true,"href":"https:\/\/baraka.cc\/index.php?rest_route=%2Fwp%2Fv2%2Fcomments&post=12241"}],"version-history":[{"count":1,"href":"https:\/\/baraka.cc\/index.php?rest_route=\/wp\/v2\/posts\/12241\/revisions"}],"predecessor-version":[{"id":12245,"href":"https:\/\/baraka.cc\/index.php?rest_route=\/wp\/v2\/posts\/12241\/revisions\/12245"}],"wp:featuredmedia":[{"embeddable":true,"href":"https:\/\/baraka.cc\/index.php?rest_route=\/wp\/v2\/media\/12244"}],"wp:attachment":[{"href":"https:\/\/baraka.cc\/index.php?rest_route=%2Fwp%2Fv2%2Fmedia&parent=12241"}],"wp:term":[{"taxonomy":"category","embeddable":true,"href":"https:\/\/baraka.cc\/index.php?rest_route=%2Fwp%2Fv2%2Fcategories&post=12241"},{"taxonomy":"post_tag","embeddable":true,"href":"https:\/\/baraka.cc\/index.php?rest_route=%2Fwp%2Fv2%2Ftags&post=12241"}],"curies":[{"name":"wp","href":"https:\/\/api.w.org\/{rel}","templated":true}]}}