{"id":1239,"date":"2013-12-07T22:20:06","date_gmt":"2013-12-07T20:20:06","guid":{"rendered":"https:\/\/baraka.cc\/?p=1239"},"modified":"2014-01-07T21:58:51","modified_gmt":"2014-01-07T19:58:51","slug":"yuregine-sor","status":"publish","type":"post","link":"https:\/\/baraka.cc\/?p=1239","title":{"rendered":"Y\u00fcre\u011fine Sor"},"content":{"rendered":"<p class=\"MsoNormal\" style=\"margin-bottom: 0.0001pt; text-align: justify; line-height: 200%;\"><strong><span style=\"font-size: 11.5pt; line-height: 200%; font-family: 'Verdana','sans-serif';\">\u00a0<\/span><\/strong><\/p>\n<p class=\"MsoNormal\" style=\"margin-bottom: 0.0001pt; text-align: justify; line-height: 200%;\"><a href=\"https:\/\/www.baraka.cc\/images\/stories\/f139_1.JPG\" target=\"_blank\"><img decoding=\"async\" loading=\"lazy\" alt=\" \" src=\"https:\/\/www.baraka.cc\/images\/stories\/f139_1.JPG\" width=\"200\" height=\"283\" align=\"left\" border=\"2\" \/><\/a><\/p>\n<p class=\"MsoNormal\" style=\"margin-bottom: 0.0001pt; text-align: justify; line-height: 200%;\"><span style=\"font-size: 11.5pt; line-height: 200%; font-family: 'Verdana','sans-serif';\">Baraka K\u00fclt\u00fcr Merkezi\u2019nin her ay\u0131n ilk cumartesi ak\u015fam\u0131 d\u00fczenledi\u011fi izle tart\u0131\u015f etkinli\u011finde bu ay Y\u00fcre\u011fine Sor isimli filmi izlenecek.<\/span><\/p>\n<p class=\"MsoNormal\" style=\"margin-bottom: 0.0001pt; text-align: justify; line-height: 200%;\"><span style=\"font-size: 11.5pt; line-height: 200%; font-family: 'Verdana','sans-serif';\">\u00a0<\/span><\/p>\n<p class=\"MsoNormal\" style=\"margin-bottom: 0.0001pt; text-align: justify; line-height: 200%;\"><span style=\"font-size: 11.5pt; line-height: 200%; font-family: 'Verdana','sans-serif';\">\u00a0<\/span><\/p>\n<p class=\"MsoNormal\" style=\"margin-bottom: 0.0001pt; text-align: justify; line-height: 200%;\"><span style=\"font-size: 11.5pt; line-height: 200%; font-family: 'Verdana','sans-serif';\">Film Baraka K\u00fclt\u00fcr Merkezi\u2019nin K\u0131z\u0131lba\u015f\u2019taki binas\u0131nda 7 Aral\u0131k Cumartesi ak\u015fam\u0131 saat 19:00\u2019da izlenecek.<\/span><\/p>\n<p class=\"MsoNormal\" style=\"margin-bottom: 0.0001pt; text-align: justify; line-height: 200%;\"><span style=\"font-size: 11.5pt; line-height: 200%; font-family: 'Verdana','sans-serif';\">\u00a0<\/span><\/p>\n<p class=\"MsoNormal\" style=\"margin-bottom: 0.0001pt; text-align: justify; line-height: 200%;\"><span style=\"font-size: 11.5pt; line-height: 200%; font-family: 'Verdana','sans-serif';\">\u00dccretsiz olan etkinlikte, g\u00f6sterimin ard\u0131ndan kat\u0131l\u0131mc\u0131lar taraf\u0131ndan filmle ilgili tart\u0131\u015fma yap\u0131lacak ve gelecek ay\u0131n filmi belirlenecek.<\/span><\/p>\n<p>&nbsp;<\/p>\n<p>&nbsp;<\/p>\n<p class=\"MsoNormal\" style=\"margin-bottom: 0.0001pt; text-align: justify; line-height: 200%;\"><span style=\"font-size: 11.5pt; line-height: 200%; font-family: 'Verdana','sans-serif';\">\u00a0<\/span><\/p>\n","protected":false},"excerpt":{"rendered":"<p>\u00a0 Baraka K\u00fclt\u00fcr Merkezi\u2019nin her ay\u0131n ilk cumartesi ak\u015fam\u0131 d\u00fczenledi\u011fi izle tart\u0131\u015f etkinli\u011finde bu ay Y\u00fcre\u011fine Sor isimli filmi izlenecek. \u00a0 \u00a0 Film Baraka K\u00fclt\u00fcr<\/p>\n","protected":false},"author":1,"featured_media":1706,"comment_status":"open","ping_status":"open","sticky":false,"template":"","format":"standard","meta":{"jetpack_post_was_ever_published":false,"_jetpack_newsletter_access":"","_jetpack_newsletter_tier_id":0,"jetpack_publicize_message":"","jetpack_is_tweetstorm":false,"jetpack_publicize_feature_enabled":true,"jetpack_social_post_already_shared":false,"jetpack_social_options":{"image_generator_settings":{"template":"highway","enabled":false}}},"categories":[29],"tags":[],"jetpack_publicize_connections":[],"jetpack_featured_media_url":"https:\/\/baraka.cc\/wp-content\/uploads\/2013\/12\/f139_1.jpg","jetpack_shortlink":"https:\/\/wp.me\/p4eHWX-jZ","jetpack_sharing_enabled":true,"_links":{"self":[{"href":"https:\/\/baraka.cc\/index.php?rest_route=\/wp\/v2\/posts\/1239"}],"collection":[{"href":"https:\/\/baraka.cc\/index.php?rest_route=\/wp\/v2\/posts"}],"about":[{"href":"https:\/\/baraka.cc\/index.php?rest_route=\/wp\/v2\/types\/post"}],"author":[{"embeddable":true,"href":"https:\/\/baraka.cc\/index.php?rest_route=\/wp\/v2\/users\/1"}],"replies":[{"embeddable":true,"href":"https:\/\/baraka.cc\/index.php?rest_route=%2Fwp%2Fv2%2Fcomments&post=1239"}],"version-history":[{"count":3,"href":"https:\/\/baraka.cc\/index.php?rest_route=\/wp\/v2\/posts\/1239\/revisions"}],"predecessor-version":[{"id":1707,"href":"https:\/\/baraka.cc\/index.php?rest_route=\/wp\/v2\/posts\/1239\/revisions\/1707"}],"wp:featuredmedia":[{"embeddable":true,"href":"https:\/\/baraka.cc\/index.php?rest_route=\/wp\/v2\/media\/1706"}],"wp:attachment":[{"href":"https:\/\/baraka.cc\/index.php?rest_route=%2Fwp%2Fv2%2Fmedia&parent=1239"}],"wp:term":[{"taxonomy":"category","embeddable":true,"href":"https:\/\/baraka.cc\/index.php?rest_route=%2Fwp%2Fv2%2Fcategories&post=1239"},{"taxonomy":"post_tag","embeddable":true,"href":"https:\/\/baraka.cc\/index.php?rest_route=%2Fwp%2Fv2%2Ftags&post=1239"}],"curies":[{"name":"wp","href":"https:\/\/api.w.org\/{rel}","templated":true}]}}