{"id":1242,"date":"2012-12-01T22:22:14","date_gmt":"2012-12-01T20:22:14","guid":{"rendered":"https:\/\/baraka.cc\/?p=1242"},"modified":"2014-01-04T22:23:01","modified_gmt":"2014-01-04T20:23:01","slug":"larmee-du-crime","status":"publish","type":"post","link":"https:\/\/baraka.cc\/?p=1242","title":{"rendered":"L&#8217;ARMEE DU CRIME"},"content":{"rendered":"<p class=\"MsoNormal\" style=\"margin-bottom: 0.0001pt; text-align: justify; line-height: 200%;\"><strong><span style=\"font-size: 11.5pt; line-height: 200%; font-family: Verdana;\">\u00a0<\/span><\/strong><\/p>\n<p class=\"MsoNormal\" style=\"margin-bottom: 0.0001pt; text-align: justify; line-height: 200%;\"><a href=\"https:\/\/www.baraka.cc\/images\/stories\/f128_1.jpg\" target=\"_blank\"><img decoding=\"async\" loading=\"lazy\" alt=\" \" src=\"https:\/\/www.baraka.cc\/images\/stories\/f128_1.jpg\" width=\"200\" height=\"283\" align=\"left\" border=\"2\" \/><\/a> <span style=\"font-size: 11.5pt; line-height: 200%; font-family: Verdana;\">Baraka K\u00fclt\u00fcr Merkezi\u2019nin her ay\u0131n ilk cumartesi gecesi ger\u00e7ekle\u015ftirdi\u011fi \u201c\u0130zle-Tart\u0131\u015f\u201d etkinli\u011finde, 1 Aral\u0131k Cumartesi ak\u015fam\u0131 \u201cL&#8217;Armee Crime\u201d isimli film izlenecek. Saat 19.00\u2019da ba\u015flayacak olan etkinlik, film hakk\u0131nda k\u0131sa bir sunu\u015fun ard\u0131ndan filmin izlenmesiyle devam edecek<span>\u00a0 <\/span>ve gecenin sonunda kat\u0131l\u0131mc\u0131larla bir sohbet toplant\u0131s\u0131 da ger\u00e7ekle\u015ftirilecek. \u201cSinemaya Seyirci Kalmay\u0131n\u201d slogan\u0131yla \u00fccretsiz ve halka a\u00e7\u0131k olarak yap\u0131lan izle &#8211; tart\u0131\u015f etkinli\u011fine t\u00fcm halk\u0131m\u0131z davetlidir. G\u00f6sterim, derne\u011fin K\u0131z\u0131lba\u015f\u2019taki lokalinde, cep sinemas\u0131 tad\u0131ndaki salonda ger\u015fekle\u015ftirilecektir.<\/span><\/p>\n<p class=\"MsoNormal\" style=\"margin-bottom: 0.0001pt; text-align: justify; line-height: 200%;\"><span style=\"font-size: 11.5pt; line-height: 200%; font-family: Verdana;\">\u00a0<\/span><\/p>\n","protected":false},"excerpt":{"rendered":"<p>\u00a0 Baraka K\u00fclt\u00fcr Merkezi\u2019nin her ay\u0131n ilk cumartesi gecesi ger\u00e7ekle\u015ftirdi\u011fi \u201c\u0130zle-Tart\u0131\u015f\u201d etkinli\u011finde, 1 Aral\u0131k Cumartesi ak\u015fam\u0131 \u201cL&#8217;Armee Crime\u201d isimli film izlenecek. Saat 19.00\u2019da ba\u015flayacak olan<\/p>\n","protected":false},"author":1,"featured_media":0,"comment_status":"open","ping_status":"open","sticky":false,"template":"","format":"standard","meta":{"jetpack_post_was_ever_published":false,"_jetpack_newsletter_access":"","_jetpack_newsletter_tier_id":0,"jetpack_publicize_message":"","jetpack_is_tweetstorm":false,"jetpack_publicize_feature_enabled":true,"jetpack_social_post_already_shared":false,"jetpack_social_options":{"image_generator_settings":{"template":"highway","enabled":false}}},"categories":[29],"tags":[],"jetpack_publicize_connections":[],"jetpack_featured_media_url":"","jetpack_shortlink":"https:\/\/wp.me\/p4eHWX-k2","jetpack_sharing_enabled":true,"_links":{"self":[{"href":"https:\/\/baraka.cc\/index.php?rest_route=\/wp\/v2\/posts\/1242"}],"collection":[{"href":"https:\/\/baraka.cc\/index.php?rest_route=\/wp\/v2\/posts"}],"about":[{"href":"https:\/\/baraka.cc\/index.php?rest_route=\/wp\/v2\/types\/post"}],"author":[{"embeddable":true,"href":"https:\/\/baraka.cc\/index.php?rest_route=\/wp\/v2\/users\/1"}],"replies":[{"embeddable":true,"href":"https:\/\/baraka.cc\/index.php?rest_route=%2Fwp%2Fv2%2Fcomments&post=1242"}],"version-history":[{"count":0,"href":"https:\/\/baraka.cc\/index.php?rest_route=\/wp\/v2\/posts\/1242\/revisions"}],"wp:attachment":[{"href":"https:\/\/baraka.cc\/index.php?rest_route=%2Fwp%2Fv2%2Fmedia&parent=1242"}],"wp:term":[{"taxonomy":"category","embeddable":true,"href":"https:\/\/baraka.cc\/index.php?rest_route=%2Fwp%2Fv2%2Fcategories&post=1242"},{"taxonomy":"post_tag","embeddable":true,"href":"https:\/\/baraka.cc\/index.php?rest_route=%2Fwp%2Fv2%2Ftags&post=1242"}],"curies":[{"name":"wp","href":"https:\/\/api.w.org\/{rel}","templated":true}]}}