{"id":1244,"date":"2012-08-04T22:23:59","date_gmt":"2012-08-04T20:23:59","guid":{"rendered":"https:\/\/baraka.cc\/?p=1244"},"modified":"2014-01-04T22:24:31","modified_gmt":"2014-01-04T20:24:31","slug":"sayin-komutan","status":"publish","type":"post","link":"https:\/\/baraka.cc\/?p=1244","title":{"rendered":"SAYIN KOMUTAN"},"content":{"rendered":"<p class=\"MsoNoSpacing\" style=\"text-align: justify; line-height: 200%;\"><strong><span style=\"font-size: 11.5pt; line-height: 200%; font-family: 'Verdana','sans-serif';\">\u00a0<\/span><\/strong><\/p>\n<p><a href=\"https:\/\/www.baraka.cc\/images\/stories\/f124_1.jpg\" target=\"_blank\"><img decoding=\"async\" alt=\" \" src=\"https:\/\/www.baraka.cc\/images\/stories\/f124_1.jpg\" width=\"250\" border=\"2\" \/><\/a><\/p>\n<p>&nbsp;<\/p>\n<p>&nbsp;<\/p>\n<p class=\"MsoNormal\" style=\"margin-bottom: 0.0001pt; text-align: justify; line-height: 200%;\"><span style=\"font-size: 11.5pt; line-height: 200%; font-family: 'Verdana','sans-serif';\">Baraka K\u00fclt\u00fcr Merkezi\u2019nde \u201cSinemaya seyirci kalmay\u0131n\u201d slogan\u0131yla, her ay\u0131n ilk Cumartesi gecesi ger\u00e7ekle\u015ftirilen film g\u00f6sterimlerinde A\u011fustos ay\u0131 filmi olarak Baraka Film At\u00f6lyesi&#8217;nin haz\u0131rlad\u0131\u011f\u0131 Say\u0131n Komutan isimli belgesel izlenecek. 4 A\u011fustos Cumartesi saat 20:00&#8217;de Baraka K\u00fclt\u00fcr Merkezi&#8217;nin K\u0131z\u0131lba\u015f&#8217;taki lokalinde g\u00f6sterilecek olan film, Halil Karapa\u015fao\u011flu&#8217;nun G\u00fcvenlik Kuvvetleri Komutanl\u0131\u011f\u0131&#8217;na ba\u011fl\u0131 Lokmac\u0131 B\u00f6l\u00fc\u011f\u00fcnde askerlik yaparken ya\u015fad\u0131klar\u0131n\u0131 kaleme almas\u0131 ve ard\u0131ndan ya\u015fananlar\u0131 anlatmaktad\u0131r. T\u00fcrkiye&#8217;deki Uluslararas\u0131 \u0130\u015f\u00e7i Filmleri festivalinde de &#8220;Say\u0131n Komutan&#8221;\u0131n g\u00f6sterimi yap\u0131lm\u0131\u015ft\u0131r. Halil Karapa\u015fao\u011flu askerde ya\u015fad\u0131\u011f\u0131 ve \u015fahit oldu\u011fu i\u015fkence ve k\u00f6t\u00fc muameleyi kaleme alm\u0131\u015ft\u0131r. Afrika ve Yenid\u00fczen gazetelerinde makalesinin yay\u0131nlanmas\u0131n\u0131n ard\u0131ndan Halil&#8217;e Askeri Disiplin Mahkemesi taraf\u0131ndan soru\u015fturma a\u00e7\u0131lm\u0131\u015ft\u0131r. Halil&#8217;e yaln\u0131z Baraka de\u011fil bir\u00e7ok \u00f6rg\u00fct, aktivist, ayd\u0131n ve sanat\u00e7\u0131 destek oldu. Mahkeme g\u00fcn\u00fc kimsenin hatta avukatlar\u0131n bile mahkeme yak\u0131n\u0131na dahi yakla\u015fmas\u0131na izin verilmedi. G\u00fcvenlik Kuvvetleri Komutanl\u0131\u011f\u0131 halk\u0131n ve bas\u0131n\u0131n konuya hassasiyeti kar\u015f\u0131s\u0131nda a\u00e7\u0131klama yapmak zorunda kald\u0131. \u0130\u015fte bu anda kalemin silahdan daha g\u00fc\u00e7l\u00fc oldu\u011funu g\u00f6rerek yap\u0131lan t\u00fcm eylem ve etkinlikleri Baraka Film At\u00f6lyesi kamera ile kay\u0131t alt\u0131na almaya karar verdi. Mahkemede Halil 10 g\u00fcn hapis cezas\u0131na \u00e7arpt\u0131r\u0131ld\u0131. Ard\u0131ndan bir\u00e7ok \u00f6rg\u00fct ve aktivist Halil&#8217;in hapise at\u0131ld\u0131\u011f\u0131 Hamitk\u00f6y&#8217;de gece eylemlerine ba\u015flad\u0131. D\u00fczenli olarak her gece eylemlerin olmas\u0131 kitleselli\u011fi ve ilgiyi art\u0131rd\u0131. Halil&#8217;in ikinci ve belgeselimize ismini veren &#8220;Say\u0131n Komutan&#8221; yaz\u0131s\u0131 o hapisteyken yay\u0131nland\u0131. Di\u011fer taraftan bir\u00e7ok sanat\u00e7\u0131 ve yazar Halil&#8217;in yazd\u0131\u011f\u0131 ilk yaz\u0131s\u0131 &#8220;Lokmac\u0131 Askerlerine Uygulanan \u015eiddete Hay\u0131r&#8221;\u0131n alt\u0131na imza atarak yeniden<span>\u00a0 <\/span>yay\u0131nlatt\u0131lar. Bu arada avukat\u0131 Y\u00fcksek \u0130dare Mahkemesine ara emri ba\u015fvurusunda bulundu ancak ara emri ba\u015fvurusu da reddedildi. 10 g\u00fcn boyunca s\u00fcren eylemler, \u00e7e\u015fitli \u00f6rg\u00fct temsilcilerinin yapt\u0131\u011f\u0131 konu\u015fmalar, r\u00f6portajlar ve Halil ile birlikte ger\u00e7ekle\u015ftirilen son eylem ile Say\u0131n Komutan belgeseli ortaya \u00e7\u0131kt\u0131. T\u00fcm halk\u0131m\u0131z davetlidir.<\/span><\/p>\n<p>&nbsp;<\/p>\n<p class=\"MsoNoSpacing\" style=\"text-align: justify; line-height: 200%;\">\n<p class=\"MsoNoSpacing\" style=\"text-align: justify; line-height: 200%;\">\n","protected":false},"excerpt":{"rendered":"<p>\u00a0 &nbsp; &nbsp; Baraka K\u00fclt\u00fcr Merkezi\u2019nde \u201cSinemaya seyirci kalmay\u0131n\u201d slogan\u0131yla, her ay\u0131n ilk Cumartesi gecesi ger\u00e7ekle\u015ftirilen film g\u00f6sterimlerinde A\u011fustos ay\u0131 filmi olarak Baraka Film At\u00f6lyesi&#8217;nin<\/p>\n","protected":false},"author":1,"featured_media":0,"comment_status":"open","ping_status":"open","sticky":false,"template":"","format":"standard","meta":{"jetpack_post_was_ever_published":false,"_jetpack_newsletter_access":"","_jetpack_newsletter_tier_id":0,"jetpack_publicize_message":"","jetpack_is_tweetstorm":false,"jetpack_publicize_feature_enabled":true,"jetpack_social_post_already_shared":false,"jetpack_social_options":{"image_generator_settings":{"template":"highway","enabled":false}}},"categories":[29],"tags":[],"jetpack_publicize_connections":[],"jetpack_featured_media_url":"","jetpack_shortlink":"https:\/\/wp.me\/p4eHWX-k4","jetpack_sharing_enabled":true,"_links":{"self":[{"href":"https:\/\/baraka.cc\/index.php?rest_route=\/wp\/v2\/posts\/1244"}],"collection":[{"href":"https:\/\/baraka.cc\/index.php?rest_route=\/wp\/v2\/posts"}],"about":[{"href":"https:\/\/baraka.cc\/index.php?rest_route=\/wp\/v2\/types\/post"}],"author":[{"embeddable":true,"href":"https:\/\/baraka.cc\/index.php?rest_route=\/wp\/v2\/users\/1"}],"replies":[{"embeddable":true,"href":"https:\/\/baraka.cc\/index.php?rest_route=%2Fwp%2Fv2%2Fcomments&post=1244"}],"version-history":[{"count":0,"href":"https:\/\/baraka.cc\/index.php?rest_route=\/wp\/v2\/posts\/1244\/revisions"}],"wp:attachment":[{"href":"https:\/\/baraka.cc\/index.php?rest_route=%2Fwp%2Fv2%2Fmedia&parent=1244"}],"wp:term":[{"taxonomy":"category","embeddable":true,"href":"https:\/\/baraka.cc\/index.php?rest_route=%2Fwp%2Fv2%2Fcategories&post=1244"},{"taxonomy":"post_tag","embeddable":true,"href":"https:\/\/baraka.cc\/index.php?rest_route=%2Fwp%2Fv2%2Ftags&post=1244"}],"curies":[{"name":"wp","href":"https:\/\/api.w.org\/{rel}","templated":true}]}}