{"id":1245,"date":"2012-06-02T22:24:45","date_gmt":"2012-06-02T20:24:45","guid":{"rendered":"https:\/\/baraka.cc\/?p=1245"},"modified":"2014-01-04T22:25:26","modified_gmt":"2014-01-04T20:25:26","slug":"devrimden-sonra","status":"publish","type":"post","link":"https:\/\/baraka.cc\/?p=1245","title":{"rendered":"Devrimden Sonra"},"content":{"rendered":"<p class=\"MsoNoSpacing\" style=\"text-align: justify; line-height: 200%;\"><strong><span style=\"font-size: 11.5pt; line-height: 200%; font-family: 'Verdana','sans-serif';\">\u00a0<\/span><\/strong><\/p>\n<p><a href=\"https:\/\/www.baraka.cc\/images\/stories\/f123_1.jpg\" target=\"_blank\"><img decoding=\"async\" alt=\" \" src=\"https:\/\/www.baraka.cc\/images\/stories\/f123_1.jpg\" width=\"250\" border=\"2\" \/><\/a><\/p>\n<p>&nbsp;<\/p>\n<p class=\"MsoNoSpacing\" style=\"text-align: justify; line-height: 200%;\">\u00a0<strong><span style=\"font-size: 11.5pt; line-height: 200%; font-family: 'Verdana','sans-serif';\"><br \/>\n<\/span><\/strong><span style=\"font-size: 11.5pt; line-height: 200%; font-family: 'Verdana','sans-serif';\">Baraka K\u00fct\u00fcr Merkezi\u2019nde her ay\u0131n ilk cumartesi gecesi yap\u0131lan film g\u00f6sterimlerinde bu ay, T\u00fcrkiye yap\u0131m\u0131 bir film g\u00f6sterilecek. Devrim Sonras\u0131 T\u00fcrkiye&#8217;sinin nas\u0131l bir \u00fclke olaca\u011f\u0131n\u0131 tart\u0131\u015ft\u0131rmaya \u00e7al\u0131\u015fan filme t\u00fcm halk\u0131m\u0131z davetlidir.<br \/>\nTarih: 2 Haziran Cumartesi<br \/>\nSaat: 20.00<br \/>\nYer: Baraka K\u00fclt\u00fcr Merkezi lokali \u2013 K\u0131z\u0131lba\u015f<\/span><\/p>\n<p class=\"MsoNormal\" style=\"text-align: justify; line-height: 200%;\">\n<p class=\"MsoNormal\" style=\"text-align: justify; line-height: 200%;\"><span style=\"font-size: 11pt; line-height: 200%; font-family: 'Verdana','sans-serif';\">Baraka film g\u00f6sterimleri hakk\u0131nda daha fazla bilgi i\u00e7in <a href=\"https:\/\/www.baraka.cc\/index.php?option=com_content&amp;task=view&amp;id=19&amp;Itemid=37\"><span>www.baraka.cc<\/span><\/a> adresi ziyaret edilebilir ve 0542 888 65 75 numaral\u0131 telefon aranabilir. <\/span><\/p>\n<p class=\"MsoNormal\" style=\"text-align: justify; line-height: 200%;\"><span style=\"font-size: 11pt; line-height: 200%; font-family: 'Verdana','sans-serif';\">\u00a0<\/span><\/p>\n","protected":false},"excerpt":{"rendered":"<p>\u00a0 &nbsp; \u00a0 Baraka K\u00fct\u00fcr Merkezi\u2019nde her ay\u0131n ilk cumartesi gecesi yap\u0131lan film g\u00f6sterimlerinde bu ay, T\u00fcrkiye yap\u0131m\u0131 bir film g\u00f6sterilecek. Devrim Sonras\u0131 T\u00fcrkiye&#8217;sinin nas\u0131l<\/p>\n","protected":false},"author":1,"featured_media":0,"comment_status":"open","ping_status":"open","sticky":false,"template":"","format":"standard","meta":{"jetpack_post_was_ever_published":false,"_jetpack_newsletter_access":"","_jetpack_newsletter_tier_id":0,"jetpack_publicize_message":"","jetpack_is_tweetstorm":false,"jetpack_publicize_feature_enabled":true,"jetpack_social_post_already_shared":false,"jetpack_social_options":{"image_generator_settings":{"template":"highway","enabled":false}}},"categories":[29],"tags":[],"jetpack_publicize_connections":[],"jetpack_featured_media_url":"","jetpack_shortlink":"https:\/\/wp.me\/p4eHWX-k5","jetpack_sharing_enabled":true,"_links":{"self":[{"href":"https:\/\/baraka.cc\/index.php?rest_route=\/wp\/v2\/posts\/1245"}],"collection":[{"href":"https:\/\/baraka.cc\/index.php?rest_route=\/wp\/v2\/posts"}],"about":[{"href":"https:\/\/baraka.cc\/index.php?rest_route=\/wp\/v2\/types\/post"}],"author":[{"embeddable":true,"href":"https:\/\/baraka.cc\/index.php?rest_route=\/wp\/v2\/users\/1"}],"replies":[{"embeddable":true,"href":"https:\/\/baraka.cc\/index.php?rest_route=%2Fwp%2Fv2%2Fcomments&post=1245"}],"version-history":[{"count":0,"href":"https:\/\/baraka.cc\/index.php?rest_route=\/wp\/v2\/posts\/1245\/revisions"}],"wp:attachment":[{"href":"https:\/\/baraka.cc\/index.php?rest_route=%2Fwp%2Fv2%2Fmedia&parent=1245"}],"wp:term":[{"taxonomy":"category","embeddable":true,"href":"https:\/\/baraka.cc\/index.php?rest_route=%2Fwp%2Fv2%2Fcategories&post=1245"},{"taxonomy":"post_tag","embeddable":true,"href":"https:\/\/baraka.cc\/index.php?rest_route=%2Fwp%2Fv2%2Ftags&post=1245"}],"curies":[{"name":"wp","href":"https:\/\/api.w.org\/{rel}","templated":true}]}}