{"id":1248,"date":"2012-09-08T22:27:02","date_gmt":"2012-09-08T20:27:02","guid":{"rendered":"https:\/\/baraka.cc\/?p=1248"},"modified":"2014-01-04T22:27:54","modified_gmt":"2014-01-04T20:27:54","slug":"entelkoy-efekoye-karsi","status":"publish","type":"post","link":"https:\/\/baraka.cc\/?p=1248","title":{"rendered":"ENTELK\u00d6Y EFEK\u00d6Y&#8217;E KAR\u015eI"},"content":{"rendered":"<p class=\"MsoNoSpacing\" style=\"text-align: justify; line-height: 200%;\"><strong><span style=\"font-size: 11.5pt; line-height: 200%; font-family: 'Verdana','sans-serif';\">\u00a0<\/span><\/strong><\/p>\n<p>&nbsp;<\/p>\n<p class=\"MsoNormal\" style=\"text-align: justify; line-height: 200%;\"><a href=\"https:\/\/www.baraka.cc\/images\/stories\/f125_1.jpg\" target=\"_blank\"><img decoding=\"async\" alt=\" \" src=\"https:\/\/www.baraka.cc\/images\/stories\/f125_1.jpg\" width=\"250\" border=\"2\" \/><\/a><strong><span style=\"font-size: 11pt; line-height: 200%; font-family: 'Verdana','sans-serif';\"><br \/>\n<\/span><\/strong><\/p>\n<p class=\"MsoNormal\" style=\"text-align: justify; line-height: 200%;\"><strong><span style=\"font-size: 11pt; line-height: 200%; font-family: 'Verdana','sans-serif';\">Baraka K\u00fclt\u00fcr Merkezi\u2019nde Eyl\u00fcl ay\u0131 filmi olarak \u201cEntelk\u00f6y Efek\u00f6ye Kar\u015f\u0131\u201d izlenecek. 8 Eyl\u00fcl Cumartesi ak\u015fam\u0131 saat 20.00\u2019de ba\u015flayacak olan film, m\u00fczikleriyle de dikkat \u00e7ekiyor ve \u00e7evre-ekoloji temas\u0131n\u0131 mizahi bir \u00fcslupla i\u015fliyor. G\u00f6sterimden \u00f6nce konu ile ilgili bir sunu\u015fun yer alaca\u011f\u0131 etkinlikte film sonras\u0131nda da kat\u0131l\u0131mc\u0131larla s\u00f6yle\u015fi ger\u00e7ekle\u015ftirilecek. Etkinlik \u00fccretsiz olup \u00e7evre ve ekoloji konular\u0131na ilgi duyan t\u00fcm halk\u0131m\u0131z davetlidir. <\/span><\/strong><\/p>\n<p class=\"MsoNormal\" style=\"text-align: justify; line-height: 200%;\"><strong><span style=\"font-size: 11pt; line-height: 200%; font-family: 'Verdana','sans-serif';\">\u00a0<\/span><\/strong><\/p>\n<p class=\"MsoNormal\" style=\"text-align: justify; line-height: 200%;\"><span style=\"font-size: 11pt; line-height: 200%; font-family: 'Verdana','sans-serif';\">Baraka\u2019n\u0131n \u201cSinemeya seyirci kalmay\u0131n\u201d slogan\u0131yla 10 y\u0131ld\u0131r ger\u00e7ekle\u015ftirdi\u011fi \u201cizle tart\u0131\u015f\u201d etkinliklerinde, her ay farkl\u0131 bir konu se\u00e7ilip film izleniyor ve s\u00f6yle\u015fi ger\u00e7ekle\u015ftiriliyor. \u0130zlenecek filmi, dernek y\u00f6neticilerinin de\u011fil film g\u00f6sterimine kat\u0131lanlar\u0131n belirledi\u011fi etkinliklerde bug\u00fcne de\u011fin K\u0131br\u0131s belgesellerinden Latin Amerika filmlerine, T\u00fcrk sinemas\u0131ndan \u0130ran sinemas\u0131na kadar geni\u015f bir yelpazede filmler izlendi.<\/span><\/p>\n<p class=\"MsoNormal\" style=\"text-align: justify; line-height: 200%;\"><span style=\"font-size: 11pt; line-height: 200%; font-family: 'Verdana','sans-serif';\">\u00a0<\/span><\/p>\n<p class=\"MsoNormal\" style=\"text-align: justify; line-height: 200%;\"><span style=\"font-size: 11pt; line-height: 200%; font-family: 'Verdana','sans-serif';\">8 Eyl\u00fcl Cumartesi ak\u015fam\u0131 saat 20.00\u2019de ba\u015flayacak olan \u201cEntelk\u00f6y Efek\u00f6ye Kar\u015f\u0131\u201d, hem ekoloji tart\u0131\u015fmalar\u0131na vesile olmas\u0131 hem de mizahi \u00fcslubu ile m\u00fczikal kalitesi bak\u0131m\u0131ndan izlenmesi \u00f6nerilen, kendine has bir T\u00fcrk filmi. 2011 yap\u0131m\u0131 olan filmin y\u00f6netmenli\u011fini, Dondurmam Gaymak\u2019\u0131 da y\u00f6netmi\u015f olan Y\u00fcksel Aksu ger\u00e7ekle\u015ftirmi\u015f. Oyuncular ise \u015eahin Irmak, Mehmet Ali Alabora ve Ay\u015fe Bosse gibi gen\u00e7 ve yetenekli isimler. Ayr\u0131ca Bulutsuzluk \u00d6zlemi\u2019nin gitaristi ve solisti Nejat Yava\u015fo\u011fullar\u0131 da filmde \u00f6nemli bir rol \u00fcstlenmi\u015f. Orhan Kaplan\u2019\u0131n m\u00fcziklerini yapt\u0131\u011f\u0131 filmin baz\u0131 anlat\u0131 sahneleri m\u00fczikal \u00f6zellikler de ta\u015f\u0131makta. Brechtyen bir \u00fcslupla epizotlara b\u00f6l\u00fcnen filmde <\/span><span style=\"font-size: 11pt; line-height: 200%; font-family: 'Verdana','sans-serif';\">epizotlar\u0131n aralar\u0131na filmdeki olaylar\u0131 yorumlayan, filmin sonuna da k\u0131ssadan hisse \u00e7\u0131karan bir m\u00fczisyen grubu yerle\u015ftirilmi\u015f.<\/span><\/p>\n<p class=\"MsoNormal\" style=\"text-align: justify; line-height: 200%;\"><span style=\"font-size: 11pt; line-height: 200%; font-family: 'Verdana','sans-serif';\">\u00a0<\/span><\/p>\n<p class=\"MsoNormal\" style=\"text-align: justify; line-height: 200%;\"><span style=\"font-size: 11pt; line-height: 200%; font-family: 'Verdana','sans-serif';\">Filmin konusu ise k\u0131saca \u015f\u00f6yle: Metropolde ya\u015faman\u0131n yaratt\u0131\u011f\u0131 ke\u015fmeke\u015ften kurtulup, hep hayalini kurduklar\u0131 do\u011fayla ba\u015f ba\u015fa bir ya\u015fam s\u00fcrmek isteyen bir grup ekolojist, Ege\u2019de bir kom\u00fcn k\u00f6y\u00fc in\u015fa ederler. Kentli ekolojistlerin k\u00f6ylerine yerle\u015fmelerinden dolay\u0131 \u00e7ok memnun olan k\u00f6y halk\u0131, art\u0131k hi\u00e7bir i\u015fe yaramayan tarlalar\u0131n\u0131, e\u015feklerini ve eski evlerini de\u011ferinden fazla fiyata ald\u0131klar\u0131 i\u00e7in aktivistleri b\u00fcy\u00fck bir sevgiyle kar\u015f\u0131lar. Her \u015fey yolundad\u0131r, ta ki b\u00f6lgeye bir termik santral kurulmas\u0131 g\u00fcndeme gelene kadar&#8230; Termik santral ile birlikte eski k\u00f6yl\u00fcler ile k\u00f6y\u00fcn yeni sakinleri ekoloji aktivistleri aras\u0131nda ilgin\u00e7 bir s\u00fcre\u00e7 ba\u015flar ve olaylar kar\u015f\u0131l\u0131kl\u0131 protestoyla traji komik bir hal al\u0131r.<\/span><\/p>\n<p class=\"MsoNormal\" style=\"text-align: justify; line-height: 200%;\"><span style=\"font-size: 11pt; line-height: 200%; font-family: 'Verdana','sans-serif';\">\u00a0<\/span><\/p>\n<p class=\"MsoNormal\" style=\"text-align: justify; line-height: 200%;\"><span style=\"font-size: 11pt; line-height: 200%; font-family: 'Verdana','sans-serif';\">Ekoloji aktivistli\u011fi, g\u00fcn\u00fcm\u00fczde k\u00f6yl\u00fcl\u00fck, do\u011fadan ve k\u00fclt\u00fcrel dokudan uzakla\u015fan ya\u015fam bi\u00e7imleri, k\u00fcresel \u015firketlerin yerel i\u015fbirlik\u00e7iler eliyle do\u011fay\u0131 talan etmesi gibi konular\u0131n i\u015flenece\u011fi etkinli\u011fe t\u00fcm halk\u0131m\u0131z davetlidir.<\/span><\/p>\n<p class=\"MsoNormal\" style=\"text-align: justify; line-height: 200%;\"><span style=\"font-size: 11pt; line-height: 200%; font-family: 'Verdana','sans-serif';\">\u00a0<\/span><\/p>\n<p>&nbsp;<\/p>\n<p class=\"MsoNormal\" style=\"text-align: justify; line-height: 200%;\"><span style=\"font-size: 11pt; line-height: 200%; font-family: 'Verdana','sans-serif';\">\u00a0<\/span><\/p>\n<p class=\"MsoNormal\" style=\"text-align: justify; line-height: 200%;\"><strong><span style=\"font-size: 11pt; line-height: 200%; font-family: 'Verdana','sans-serif';\">\u00a0<\/span><\/strong><\/p>\n<p class=\"MsoNormal\" style=\"text-align: justify; line-height: 200%;\"><strong><span style=\"font-size: 11pt; line-height: 200%; font-family: 'Verdana','sans-serif';\">\u00a0<\/span><\/strong><\/p>\n<p class=\"MsoNormal\" style=\"text-align: justify; line-height: 200%;\"><span style=\"font-size: 11pt; line-height: 200%; font-family: 'Verdana','sans-serif';\">\u00a0<\/span><\/p>\n<p class=\"MsoNormal\" style=\"text-align: justify; line-height: 200%;\"><span style=\"font-size: 11pt; line-height: 200%; font-family: 'Verdana','sans-serif';\">\u00a0<\/span><\/p>\n<p>&nbsp;<\/p>\n<p class=\"MsoNoSpacing\" style=\"text-align: justify; line-height: 200%;\">\n<p class=\"MsoNoSpacing\" style=\"text-align: justify; line-height: 200%;\">\n","protected":false},"excerpt":{"rendered":"<p>\u00a0 &nbsp; Baraka K\u00fclt\u00fcr Merkezi\u2019nde Eyl\u00fcl ay\u0131 filmi olarak \u201cEntelk\u00f6y Efek\u00f6ye Kar\u015f\u0131\u201d izlenecek. 8 Eyl\u00fcl Cumartesi ak\u015fam\u0131 saat 20.00\u2019de ba\u015flayacak olan film, m\u00fczikleriyle de dikkat<\/p>\n","protected":false},"author":1,"featured_media":0,"comment_status":"open","ping_status":"open","sticky":false,"template":"","format":"standard","meta":{"jetpack_post_was_ever_published":false,"_jetpack_newsletter_access":"","_jetpack_newsletter_tier_id":0,"jetpack_publicize_message":"","jetpack_is_tweetstorm":false,"jetpack_publicize_feature_enabled":true,"jetpack_social_post_already_shared":false,"jetpack_social_options":{"image_generator_settings":{"template":"highway","enabled":false}}},"categories":[29],"tags":[],"jetpack_publicize_connections":[],"jetpack_featured_media_url":"","jetpack_shortlink":"https:\/\/wp.me\/p4eHWX-k8","jetpack_sharing_enabled":true,"_links":{"self":[{"href":"https:\/\/baraka.cc\/index.php?rest_route=\/wp\/v2\/posts\/1248"}],"collection":[{"href":"https:\/\/baraka.cc\/index.php?rest_route=\/wp\/v2\/posts"}],"about":[{"href":"https:\/\/baraka.cc\/index.php?rest_route=\/wp\/v2\/types\/post"}],"author":[{"embeddable":true,"href":"https:\/\/baraka.cc\/index.php?rest_route=\/wp\/v2\/users\/1"}],"replies":[{"embeddable":true,"href":"https:\/\/baraka.cc\/index.php?rest_route=%2Fwp%2Fv2%2Fcomments&post=1248"}],"version-history":[{"count":0,"href":"https:\/\/baraka.cc\/index.php?rest_route=\/wp\/v2\/posts\/1248\/revisions"}],"wp:attachment":[{"href":"https:\/\/baraka.cc\/index.php?rest_route=%2Fwp%2Fv2%2Fmedia&parent=1248"}],"wp:term":[{"taxonomy":"category","embeddable":true,"href":"https:\/\/baraka.cc\/index.php?rest_route=%2Fwp%2Fv2%2Fcategories&post=1248"},{"taxonomy":"post_tag","embeddable":true,"href":"https:\/\/baraka.cc\/index.php?rest_route=%2Fwp%2Fv2%2Ftags&post=1248"}],"curies":[{"name":"wp","href":"https:\/\/api.w.org\/{rel}","templated":true}]}}