{"id":1261,"date":"2010-05-08T22:39:30","date_gmt":"2010-05-08T20:39:30","guid":{"rendered":"https:\/\/baraka.cc\/?p=1261"},"modified":"2014-01-04T22:39:54","modified_gmt":"2014-01-04T20:39:54","slug":"baraka-2","status":"publish","type":"post","link":"https:\/\/baraka.cc\/?p=1261","title":{"rendered":"BARAKA"},"content":{"rendered":"<p><span style=\"font-size: 11pt; color: white; font-family: Verdana;\"><br \/>\n<\/span><\/p>\n<div style=\"text-align: center;\"><strong>\u00a0<\/strong><\/div>\n<div style=\"text-align: center;\"><strong>\u00a0\u00a0\u00a0 <\/strong><\/div>\n<div style=\"text-align: center;\"><a href=\"https:\/\/www.baraka.cc\/images\/stories\/f100_1.jpg\" target=\"_blank\"><img decoding=\"async\" loading=\"lazy\" alt=\" \" src=\"https:\/\/www.baraka.cc\/images\/stories\/f100_1.jpg\" width=\"250\" height=\"354\" border=\"2\" \/><\/a><\/div>\n<div style=\"text-align: center;\"><\/div>\n<p>&nbsp;<\/p>\n<p class=\"MsoNormal\" style=\"margin: 0cm 0cm 0pt; line-height: 200%; text-align: justify;\"><span style=\"color: white; font-family: 'Verdana','sans-serif';\">Baraka K\u00fclt\u00fcr Merkezi&#8217;nin 2003 yylyndan beridir kesintisiz s\u00fcrd\u00fcrd\u00fc?\u00fc izle-tarty? &#8220;\u00dccretsiz Sinema&#8221; film g\u00f6sterimlerinde 100. Film g\u00f6sterildi. 8 Mayys Cumartesi ak?amy ger\u00e7ekle?en g\u00f6sterimde, 7 yyl \u00f6nce g\u00f6sterimler ba?larken ilk izlenen belgesel olan BARAKA belgeseli izlendi.\u00a0Gecenin ba?ynda 7 yyl \u00f6nce ilk filmin de sunu?unu yapan ve g\u00f6sterime onur konu?u olarak katylan, H\u00fcseyin Demirel; 7 yylda ki?isel hayatymyzda, Baraka&#8217;da, kybrys&#8217;ta ve d\u00fcnyada nelerin de?i?ti?ine; bizim bunlara ne kadar m\u00fcdahil oldu?umuza dair farkyndalyk geli?tiren bir at\u00f6lye \u00e7aly?masy yaptyrdy. Daha sonra Baraka Aktivisti M\u00fcn\u00fcr Rahvancyo?lu tarafyndan Yzle-Tarty?&#8217;yn Baraka a\u00e7ysyndan \u00f6nemi, 7 yylda ya?anan nostaljik olaylar ve ilgin\u00e7 foto?raflara dair bir sunu? yapyldy. Devamynda ise H\u00fcseyin Demirel Baraka belgeseli ile ilgili bir tanytym konu?masy yapty ve belgeselin izlenmesine ge\u00e7ildi.<\/span><\/p>\n<p><span style=\"color: white; font-family: 'Verdana','sans-serif';\">\u00a0<a href=\"https:\/\/www.baraka.cc\/images\/stories\/f100_5.JPG\" target=\"_blank\"><img decoding=\"async\" loading=\"lazy\" alt=\" \" src=\"https:\/\/www.baraka.cc\/images\/stories\/f100_5.JPG\" width=\"200\" height=\"150\" border=\"2\" \/><\/a>\u00a0<a href=\"https:\/\/www.baraka.cc\/images\/stories\/f100_2.JPG\" target=\"_blank\"><img decoding=\"async\" loading=\"lazy\" alt=\" \" src=\"https:\/\/www.baraka.cc\/images\/stories\/f100_2.JPG\" width=\"200\" height=\"150\" border=\"2\" \/><\/a><\/span><span style=\"color: white; font-family: 'Verdana','sans-serif';\"><br \/>\n<\/span><\/p>\n<p class=\"MsoNormal\" style=\"margin: 0cm 0cm 0pt; line-height: 200%; text-align: justify;\"><span style=\"color: white; font-family: 'Verdana','sans-serif';\">\u00a0\u00a0 <\/span><span style=\"color: white; font-family: 'Verdana','sans-serif';\">\u00a0\u00a0 <\/span><span style=\"color: white; font-family: 'Verdana','sans-serif';\"><br \/>\nEtkinlik Baraka Aktivist ve dostlarynyn yo?un katylymy ile ve gecenin sonunda ya?anan de?erlendirme sohbeti ile son buldu.<\/span><\/p>\n<p><span style=\"color: white; font-family: 'Verdana','sans-serif';\"><a href=\"https:\/\/www.baraka.cc\/images\/stories\/f100_3.JPG\" target=\"_blank\"><img decoding=\"async\" loading=\"lazy\" alt=\" \" src=\"https:\/\/www.baraka.cc\/images\/stories\/f100_3.JPG\" width=\"200\" height=\"150\" border=\"2\" \/><\/a>\u00a0<a href=\"https:\/\/www.baraka.cc\/images\/stories\/f100_4.JPG\" target=\"_blank\"><img decoding=\"async\" loading=\"lazy\" alt=\" \" src=\"https:\/\/www.baraka.cc\/images\/stories\/f100_4.JPG\" width=\"200\" height=\"150\" border=\"2\" \/><\/a>\u00a0\u00a0 <\/span><\/p>\n<p>&nbsp;<\/p>\n<p>&nbsp;<\/p>\n<p class=\"MsoNormal\" style=\"margin: 0cm 0cm 0pt; line-height: 200%; text-align: justify;\"><span style=\"color: white; font-family: 'Verdana','sans-serif';\">\u00a0\u00a0 <\/span><\/p>\n<p>&nbsp;<\/p>\n<p>&nbsp;<\/p>\n<p>&nbsp;<\/p>\n<p><span style=\"font-size: small;\"><!--  \/* Font Definitions *\/  @font-face \t{font-family:Verdana; \tpanose-1:2 11 6 4 3 5 4 4 2 4; \tmso-font-charset:162; \tmso-generic-font-family:swiss; \tmso-font-pitch:variable; \tmso-font-signature:536871559 0 0 0 415 0;}  \/* Style Definitions *\/  p.MsoNormal, li.MsoNormal, div.MsoNormal \t{mso-style-parent:\"\"; \tmargin:0cm; \tmargin-bottom:.0001pt; \tmso-pagination:widow-orphan; \tfont-size:12.0pt; \tfont-family:\"Times New Roman\"; \tmso-fareast-font-family:\"Times New Roman\"; \tmso-no-proof:yes;} @page Section1 \t{size:595.3pt 841.9pt; \tmargin:70.85pt 70.85pt 70.85pt 70.85pt; \tmso-header-margin:35.4pt; \tmso-footer-margin:35.4pt; \tmso-paper-source:0;} div.Section1 \t{page:Section1;} --><\/span><\/p>\n<p><span style=\"font-size: 11pt; color: white; line-height: 150%; font-family: Verdana;\"><span style=\"font-size: 11pt; color: white; line-height: 150%; font-family: Verdana;\"><span style=\"font-size: 11pt; color: white; line-height: 150%; font-family: Verdana;\"><span style=\"font-size: 11pt; color: white; line-height: 150%; font-family: Verdana;\"><span style=\"font-size: 11pt; color: white; line-height: 150%; font-family: Verdana;\"><span style=\"font-size: 11pt; color: white; line-height: 150%; font-family: 'Verdana','sans-serif';\"><span style=\"font-size: 11pt; color: white; line-height: 150%; font-family: Verdana;\">100. Film Baraka i\u00e7in \u00e7a?ry:\u00a0\u00a0\u00a0\u00a0\u00a0\u00a0\u00a0\u00a0\u00a0\u00a0\u00a0\u00a0\u00a0<\/span><span style=\"font-size: 11pt; color: white; line-height: 150%; font-family: Verdana;\">\u00a0<\/span><span style=\"font-size: 11pt; color: white; line-height: 150%; font-family: Verdana;\"><br \/>\n<\/span><\/span><\/span><\/span><\/span><\/span><\/span><\/p>\n<p class=\"MsoNormal\" style=\"margin: 0cm 0cm 0pt; line-height: 150%; text-align: justify;\"><span style=\"color: white; font-family: 'Verdana','sans-serif';\">Baraka K\u00fclt\u00fcr Merkezi\u2019nin \u201cSinemaya Seyirci Kalmayyn\u201d \u00e7a?rysy ile ger\u00e7ekle?tirdi?i film g\u00f6sterimlerinde 99 film geride kaldy. Mayys ayynda film g\u00f6sterimlerinin 100.s\u00fc ger\u00e7ekle?iyor. Baraka K\u00fclt\u00fcr Merkezi\u2019nden yapylan a\u00e7yklamada Yzle-Tarty?\u2019ta 7 yyl \u00f6nce ilk kez izlenen film olan; y\u00f6netmen <span class=\"yshortcuts\"><span>Ron Fricke<\/span><\/span>\u2019nin 1992 yapymy k\u00fclt belgeseli Baraka\u2019nyn 100. g\u00f6sterimde de izlenece?i duyuruldu. <\/span><\/p>\n<p class=\"MsoNormal\" style=\"margin: 0cm 0cm 0pt; line-height: 150%; text-align: justify;\"><span style=\"color: white; font-family: 'Verdana','sans-serif';\">\u00a0\u00a0\u00a0 <\/span><\/p>\n<p>8 Mayys 2010 tarihinde saat 19:00&#8217;da Baraka Lokali\u2019nde izlenecek \u201cBARAKA\u201d, ABD yapymy s\u00f6zs\u00fcz bir belgesel. \u201cBaraka\u201d kelimesinin tasavvuf dilinde \u201cya?amyn solu?u\u201d anlamyna gelmesi nedeniyle y\u00f6netmen belgesele bu ismi vermi?.<\/p>\n<p class=\"MsoNormal\" style=\"margin: 0cm 0cm 0pt; line-height: 150%; text-align: justify;\"><span style=\"color: white; font-family: 'Verdana','sans-serif';\">\u00a0\u00a0\u00a0\u00a0\u00a0\u00a0\u00a0\u00a0\u00a0\u00a0\u00a0\u00a0\u00a0\u00a0\u00a0\u00a0\u00a0\u00a0\u00a0 <\/span><\/p>\n<p>Ustalykla bir araya getirilmi? \u00e7arpycy g\u00f6r\u00fcnt\u00fclerden olu?an &#8220;Baraka&#8221;da Ron Fricke insan ya?amy ve yary?ynyn d\u00fcnyayla olan kopmaz ba?laryny g\u00f6z \u00f6n\u00fcne sermeyi hedefliyor. Filmde do?anyn harikalary ile insanyn do?a \u00fczerindeki olumsuz etkisi g\u00f6rsel a\u00e7ydan \u00e7ok etkileyici bir bi\u00e7imde ekrana yansytylyyor&#8230;<\/p>\n<p class=\"MsoNormal\" style=\"margin: 0cm 0cm 0pt; line-height: 150%; text-align: justify;\"><span style=\"color: white; font-family: 'Verdana','sans-serif';\">\u00a0\u00a0\u00a0\u00a0\u00a0\u00a0\u00a0\u00a0\u00a0\u00a0\u00a0\u00a0\u00a0\u00a0\u00a0\u00a0\u00a0\u00a0 <\/span><\/p>\n<p><span class=\"yshortcuts\"><span>Bir<\/span><\/span> sabah vakti, do?al bir kyr manzarasy \u00f6n\u00fcnde dua eden insanlar, volkanlar, ?elaleler, ormanlar ve birka\u00e7 y\u00fcz maymunun monoton bir ?arkyyy tekrary ile ba?lyyor belgesel\u2026 Yerliler v\u00fccutlaryny boyuyor ve t\u00fcm bir kabile dans ediyor. Ardyndan do?anyn yok edili?ine dair \u00e7arpycy g\u00f6r\u00fcnt\u00fcler geliyor&#8230; Yoksulluk, yykycy ?ehir hayaty, sava?a neden olan fabrikalar, toplama kamplary ve toplu mezarlar. Antik kalyntylaryn ardyndan hacylaryn yykandy?y kutsal bir nehir ve cenaze ate?i&#8230; Do?aya ve duacylara d\u00f6n\u00fcyoruz yine&#8230; Bir maymun kocaman bir \u00e7any \u00e7alyyor, yyldyzlar t\u00fcm g\u00f6ky\u00fcz\u00fc boyunca yayylyyorlar&#8230;<\/p>\n<p class=\"MsoNormal\" style=\"margin: 0cm 0cm 0pt; line-height: 150%; text-align: justify;\"><span style=\"color: white; font-family: 'Verdana','sans-serif';\">\u00a0\u00a0\u00a0\u00a0\u00a0\u00a0\u00a0\u00a0\u00a0\u00a0\u00a0\u00a0\u00a0\u00a0\u00a0\u00a0\u00a0\u00a0\u00a0 <\/span><\/p>\n<p>Baraka K\u00fclt\u00fcr Merkezi\u2019nden yapylan a\u00e7yklamada, sinemaya g\u00f6n\u00fcl vermi? herkesin 8 Mayys tarihinde ger\u00e7ekle?ecek 100. G\u00f6sterime davetli oldu?u duyuruldu.<\/p>\n<p><span style=\"color: white; font-family: 'Verdana','sans-serif';\">\u00a0\u00a0\u00a0\u00a0\u00a0\u00a0\u00a0\u00a0\u00a0\u00a0\u00a0\u00a0\u00a0\u00a0\u00a0\u00a0\u00a0\u00a0\u00a0\u00a0\u00a0 <\/span><\/p>\n<p class=\"MsoNormal\" style=\"margin: 0cm 0cm 0pt; line-height: 150%;\"><span>\u00a0<\/span><span>\u00a0<\/span><span>\u00a0<\/span><span>\u00a0\u00a0<\/span><\/p>\n","protected":false},"excerpt":{"rendered":"<p>\u00a0 \u00a0\u00a0\u00a0 &nbsp; Baraka K\u00fclt\u00fcr Merkezi&#8217;nin 2003 yylyndan beridir kesintisiz s\u00fcrd\u00fcrd\u00fc?\u00fc izle-tarty? &#8220;\u00dccretsiz Sinema&#8221; film g\u00f6sterimlerinde 100. Film g\u00f6sterildi. 8 Mayys Cumartesi ak?amy ger\u00e7ekle?en g\u00f6sterimde,<\/p>\n","protected":false},"author":1,"featured_media":0,"comment_status":"open","ping_status":"open","sticky":false,"template":"","format":"standard","meta":{"jetpack_post_was_ever_published":false,"_jetpack_newsletter_access":"","_jetpack_newsletter_tier_id":0,"jetpack_publicize_message":"","jetpack_is_tweetstorm":false,"jetpack_publicize_feature_enabled":true,"jetpack_social_post_already_shared":false,"jetpack_social_options":{"image_generator_settings":{"template":"highway","enabled":false}}},"categories":[29],"tags":[],"jetpack_publicize_connections":[],"jetpack_featured_media_url":"","jetpack_shortlink":"https:\/\/wp.me\/p4eHWX-kl","jetpack_sharing_enabled":true,"_links":{"self":[{"href":"https:\/\/baraka.cc\/index.php?rest_route=\/wp\/v2\/posts\/1261"}],"collection":[{"href":"https:\/\/baraka.cc\/index.php?rest_route=\/wp\/v2\/posts"}],"about":[{"href":"https:\/\/baraka.cc\/index.php?rest_route=\/wp\/v2\/types\/post"}],"author":[{"embeddable":true,"href":"https:\/\/baraka.cc\/index.php?rest_route=\/wp\/v2\/users\/1"}],"replies":[{"embeddable":true,"href":"https:\/\/baraka.cc\/index.php?rest_route=%2Fwp%2Fv2%2Fcomments&post=1261"}],"version-history":[{"count":0,"href":"https:\/\/baraka.cc\/index.php?rest_route=\/wp\/v2\/posts\/1261\/revisions"}],"wp:attachment":[{"href":"https:\/\/baraka.cc\/index.php?rest_route=%2Fwp%2Fv2%2Fmedia&parent=1261"}],"wp:term":[{"taxonomy":"category","embeddable":true,"href":"https:\/\/baraka.cc\/index.php?rest_route=%2Fwp%2Fv2%2Fcategories&post=1261"},{"taxonomy":"post_tag","embeddable":true,"href":"https:\/\/baraka.cc\/index.php?rest_route=%2Fwp%2Fv2%2Ftags&post=1261"}],"curies":[{"name":"wp","href":"https:\/\/api.w.org\/{rel}","templated":true}]}}