{"id":1262,"date":"2010-06-05T22:40:05","date_gmt":"2010-06-05T20:40:05","guid":{"rendered":"https:\/\/baraka.cc\/?p=1262"},"modified":"2014-01-04T22:40:30","modified_gmt":"2014-01-04T20:40:30","slug":"nazim-oratoryosu","status":"publish","type":"post","link":"https:\/\/baraka.cc\/?p=1262","title":{"rendered":"NAZIM ORATORYOSU"},"content":{"rendered":"<p><span style=\"font-size: 11pt; color: white; font-family: Verdana;\"><br \/>\n<\/span><\/p>\n<div style=\"text-align: center;\"><\/div>\n<div style=\"text-align: center;\"><strong>\u00a0\u00a0\u00a0 <\/strong><\/div>\n<div style=\"text-align: center;\"><a href=\"https:\/\/www.baraka.cc\/images\/stories\/f101.jpg\" target=\"_blank\"><img decoding=\"async\" loading=\"lazy\" alt=\" \" src=\"https:\/\/www.baraka.cc\/images\/stories\/f101.jpg\" width=\"250\" height=\"354\" align=\"left\" border=\"2\" \/><\/a><\/div>\n<p><span style=\"font-size: 10pt; color: white; font-family: Verdana;\"><span style=\"font-size: 11pt; color: white; font-family: Verdana;\"><span style=\"font-size: 11pt; color: white; line-height: 150%; font-family: Verdana;\"><span style=\"font-size: 11pt; color: white; line-height: 150%; font-family: Verdana;\"><span style=\"font-size: 11pt; color: white; line-height: 150%; font-family: Verdana;\"><span style=\"font-size: 11pt; color: white; line-height: 150%; font-family: Verdana;\"><span style=\"font-size: 11pt; color: white; line-height: 150%; font-family: Verdana;\"><span style=\"font-size: 11pt; color: white; line-height: 150%; font-family: 'Verdana','sans-serif';\"><span style=\"font-size: 11pt; color: white; line-height: 150%; font-family: Verdana;\"><span style=\"color: white; font-family: 'Verdana','sans-serif';\">Baraka K\u00fclt\u00fcr Merkezi&#8217;nin 2003 yylyndan beridir kesintisiz s\u00fcrd\u00fcrd\u00fc?\u00fc izle-tarty? &#8220;\u00dccretsiz Sinema&#8221; film g\u00f6sterimlerinde 101. m\u00fczikal\/film olan Fazyl Say&#8217;yn Nazym Oratoryosu 5 Haziran 2010 saat 20:00&#8217;da g\u00f6sterilecek. <span style=\"color: white; font-family: 'Verdana','sans-serif';\">Nazym Hikmet&#8217;in \u00f6l\u00fcm yyld\u00f6n\u00fcm\u00fc dolayysyyla Baraka tarafyndan bir anma olarak da organize edilen geceye, t\u00fcm Nazym Dostlary davetlidir.<\/span><\/span><\/span><\/span><\/span><\/span><\/span><\/span><\/span><\/span><\/span><\/p>\n","protected":false},"excerpt":{"rendered":"<p>\u00a0\u00a0\u00a0 Baraka K\u00fclt\u00fcr Merkezi&#8217;nin 2003 yylyndan beridir kesintisiz s\u00fcrd\u00fcrd\u00fc?\u00fc izle-tarty? &#8220;\u00dccretsiz Sinema&#8221; film g\u00f6sterimlerinde 101. m\u00fczikal\/film olan Fazyl Say&#8217;yn Nazym Oratoryosu 5 Haziran 2010 saat<\/p>\n","protected":false},"author":1,"featured_media":0,"comment_status":"open","ping_status":"open","sticky":false,"template":"","format":"standard","meta":{"jetpack_post_was_ever_published":false,"_jetpack_newsletter_access":"","_jetpack_newsletter_tier_id":0,"jetpack_publicize_message":"","jetpack_is_tweetstorm":false,"jetpack_publicize_feature_enabled":true,"jetpack_social_post_already_shared":false,"jetpack_social_options":{"image_generator_settings":{"template":"highway","enabled":false}}},"categories":[29],"tags":[],"jetpack_publicize_connections":[],"jetpack_featured_media_url":"","jetpack_shortlink":"https:\/\/wp.me\/p4eHWX-km","jetpack_sharing_enabled":true,"_links":{"self":[{"href":"https:\/\/baraka.cc\/index.php?rest_route=\/wp\/v2\/posts\/1262"}],"collection":[{"href":"https:\/\/baraka.cc\/index.php?rest_route=\/wp\/v2\/posts"}],"about":[{"href":"https:\/\/baraka.cc\/index.php?rest_route=\/wp\/v2\/types\/post"}],"author":[{"embeddable":true,"href":"https:\/\/baraka.cc\/index.php?rest_route=\/wp\/v2\/users\/1"}],"replies":[{"embeddable":true,"href":"https:\/\/baraka.cc\/index.php?rest_route=%2Fwp%2Fv2%2Fcomments&post=1262"}],"version-history":[{"count":1,"href":"https:\/\/baraka.cc\/index.php?rest_route=\/wp\/v2\/posts\/1262\/revisions"}],"predecessor-version":[{"id":1263,"href":"https:\/\/baraka.cc\/index.php?rest_route=\/wp\/v2\/posts\/1262\/revisions\/1263"}],"wp:attachment":[{"href":"https:\/\/baraka.cc\/index.php?rest_route=%2Fwp%2Fv2%2Fmedia&parent=1262"}],"wp:term":[{"taxonomy":"category","embeddable":true,"href":"https:\/\/baraka.cc\/index.php?rest_route=%2Fwp%2Fv2%2Fcategories&post=1262"},{"taxonomy":"post_tag","embeddable":true,"href":"https:\/\/baraka.cc\/index.php?rest_route=%2Fwp%2Fv2%2Ftags&post=1262"}],"curies":[{"name":"wp","href":"https:\/\/api.w.org\/{rel}","templated":true}]}}