{"id":1272,"date":"2013-01-05T22:52:53","date_gmt":"2013-01-05T20:52:53","guid":{"rendered":"https:\/\/baraka.cc\/?p=1272"},"modified":"2014-01-04T22:53:26","modified_gmt":"2014-01-04T20:53:26","slug":"mississippi-masala","status":"publish","type":"post","link":"https:\/\/baraka.cc\/?p=1272","title":{"rendered":"M\u0130SS\u0130SS\u0130PP\u0130 MASALA"},"content":{"rendered":"<p class=\"MsoNormal\" style=\"margin-bottom: 0.0001pt; text-align: justify; line-height: 200%;\">\n<p class=\"MsoNormal\" style=\"margin-bottom: 0.0001pt; text-align: justify; line-height: 200%;\"><a href=\"https:\/\/www.baraka.cc\/images\/stories\/f129_1.jpg\" target=\"_blank\"><img decoding=\"async\" loading=\"lazy\" alt=\" \" src=\"https:\/\/www.baraka.cc\/images\/stories\/f129_1.jpg\" width=\"200\" height=\"297\" align=\"left\" border=\"2\" \/><\/a><\/p>\n<p class=\"MsoNormal\" style=\"margin-bottom: 0.0001pt; text-align: justify; line-height: 200%;\">\n<p class=\"MsoNormal\" style=\"text-align: justify; line-height: 200%;\"><span style=\"font-size: 11pt; line-height: 200%; font-family: Verdana;\">Her ay\u0131n ilk cumartesi ak\u015fam\u0131 \u201c\u0130zle-Tart\u0131\u015f\u201d konseptiyle sinema g\u00f6sterimleri organize eden Baraka K\u00fclt\u00fcr Merkezi\u2019nde, y\u0131l\u0131n ilk filmi \u201cMississipii Masala\u201d. 5 Ocak Cumartesi ak\u015fam\u0131 saat 19.00\u2019da, derne\u011fin K\u0131z\u0131lba\u015f\u2019taki lokalinde yer alacak olan etkinlik \u00fccretsiz ve halka a\u00e7\u0131kt\u0131r. <\/span><\/p>\n<p class=\"MsoNormal\" style=\"text-align: justify; line-height: 200%;\"><span style=\"font-size: 11pt; line-height: 200%; font-family: Verdana;\">ABD, \u0130ngiltere ortak yap\u0131m\u0131 olan \u201cMississipii Masala\u201d, bir a\u015fk ve dostluk hikayesi \u00fczerinden g\u00f6\u00e7menlik ve \u0131rk ay\u0131r\u0131mc\u0131l\u0131\u011f\u0131 konusunu i\u015flemekte. Y\u00f6netmenli\u011fini Mira Nair\u2019in yapt\u0131\u011f\u0131 filmin ba\u015f rollereini Denzel Washington ve Sarita Choudhury payla\u015f\u0131yor. <\/span><\/p>\n<p class=\"MsoNormal\" style=\"text-align: justify; line-height: 200%;\"><span style=\"font-size: 11pt; line-height: 200%; font-family: Verdana;\">Filmin konusu ise \u015f\u00f6yle: \u0130di Amin ba\u015fa ge\u00e7ince, Hintli Meena ve ailesi Uganda\u2019dan s\u00fcrg\u00fcn edilir. Mississippi\u2019ye ta\u015f\u0131nan aile, buraya zamanla uyum sa\u011flar ve y\u0131llar ge\u00e7er. Meena art\u0131k gen\u00e7 bir k\u0131zd\u0131r ve Afrikal\u0131 Demetrius\u2019la yak\u0131nla\u015f\u0131r. Ailelerinin ve \u00e7evrelerinin bask\u0131s\u0131na ra\u011fmen a\u015fklar\u0131n\u0131 s\u00fcrd\u00fcrmeye \u00e7al\u0131\u015facaklard\u0131r. Vanity Fair ve Muson D\u00fc\u011f\u00fcn\u00fc gibi unutulmaz filmlerin y\u00f6netmeni Mira Nair\u2019den yer yer politik, yer yer dramatik olan s\u00fcr\u00fckleyici bir a\u015fk hikayesi.<\/span><\/p>\n<p class=\"MsoNormal\" style=\"text-align: justify; line-height: 200%;\">\n<p class=\"MsoNormal\" style=\"text-align: justify; line-height: 200%;\"><span style=\"font-size: 11pt; line-height: 200%; font-family: Verdana;\">\u00c7e\u015fitli film festivallerine de imza atan ve kendi film \u00fcretimleri de olan Baraka K\u00fclt\u00fcr Merkezi, yakla\u015f\u0131k on y\u0131ld\u0131r \u201cSinemaya Seyirci Kalmay\u0131n\u201d slogan\u0131yla film g\u00f6sterimleri ve s\u00f6yle\u015filer d\u00fczenlemekte. Bu s\u00f6yle\u015filere, dernek \u00fcyesi olsun olmas\u0131n herkes kat\u0131labilmekte ve bir sonraki ay\u0131n filmini de kat\u0131l\u0131mc\u0131lar belirlemekte.<\/span><\/p>\n<p class=\"MsoNormal\" style=\"text-align: justify; line-height: 200%;\"><span style=\"font-size: 11pt; line-height: 200%; font-family: Verdana;\">5 Ocak Cumartesi ak\u015fam\u0131 saat 19.00\u2019da ba\u015flayacak olan etkinli\u011fe, d\u00fcnyada ve \u00fclkemizde g\u00f6\u00e7menlerin sorunlar\u0131na ve \u0131rk ay\u0131r\u0131mc\u0131l\u0131\u011f\u0131 konusuna \u00f6nem veren t\u00fcm halk\u0131m\u0131z davetlidir. <\/span><\/p>\n<p>&nbsp;<\/p>\n","protected":false},"excerpt":{"rendered":"<p>Her ay\u0131n ilk cumartesi ak\u015fam\u0131 \u201c\u0130zle-Tart\u0131\u015f\u201d konseptiyle sinema g\u00f6sterimleri organize eden Baraka K\u00fclt\u00fcr Merkezi\u2019nde, y\u0131l\u0131n ilk filmi \u201cMississipii Masala\u201d. 5 Ocak Cumartesi ak\u015fam\u0131 saat 19.00\u2019da,<\/p>\n","protected":false},"author":1,"featured_media":0,"comment_status":"open","ping_status":"open","sticky":false,"template":"","format":"standard","meta":{"jetpack_post_was_ever_published":false,"_jetpack_newsletter_access":"","_jetpack_newsletter_tier_id":0,"jetpack_publicize_message":"","jetpack_is_tweetstorm":false,"jetpack_publicize_feature_enabled":true,"jetpack_social_post_already_shared":false,"jetpack_social_options":{"image_generator_settings":{"template":"highway","enabled":false}}},"categories":[29],"tags":[],"jetpack_publicize_connections":[],"jetpack_featured_media_url":"","jetpack_shortlink":"https:\/\/wp.me\/p4eHWX-kw","jetpack_sharing_enabled":true,"_links":{"self":[{"href":"https:\/\/baraka.cc\/index.php?rest_route=\/wp\/v2\/posts\/1272"}],"collection":[{"href":"https:\/\/baraka.cc\/index.php?rest_route=\/wp\/v2\/posts"}],"about":[{"href":"https:\/\/baraka.cc\/index.php?rest_route=\/wp\/v2\/types\/post"}],"author":[{"embeddable":true,"href":"https:\/\/baraka.cc\/index.php?rest_route=\/wp\/v2\/users\/1"}],"replies":[{"embeddable":true,"href":"https:\/\/baraka.cc\/index.php?rest_route=%2Fwp%2Fv2%2Fcomments&post=1272"}],"version-history":[{"count":0,"href":"https:\/\/baraka.cc\/index.php?rest_route=\/wp\/v2\/posts\/1272\/revisions"}],"wp:attachment":[{"href":"https:\/\/baraka.cc\/index.php?rest_route=%2Fwp%2Fv2%2Fmedia&parent=1272"}],"wp:term":[{"taxonomy":"category","embeddable":true,"href":"https:\/\/baraka.cc\/index.php?rest_route=%2Fwp%2Fv2%2Fcategories&post=1272"},{"taxonomy":"post_tag","embeddable":true,"href":"https:\/\/baraka.cc\/index.php?rest_route=%2Fwp%2Fv2%2Ftags&post=1272"}],"curies":[{"name":"wp","href":"https:\/\/api.w.org\/{rel}","templated":true}]}}