{"id":1347,"date":"2014-01-04T23:14:29","date_gmt":"2014-01-04T21:14:29","guid":{"rendered":"https:\/\/baraka.cc\/?p=1347"},"modified":"2014-01-05T23:18:28","modified_gmt":"2014-01-05T21:18:28","slug":"golgeler-ve-suretler","status":"publish","type":"post","link":"https:\/\/baraka.cc\/?p=1347","title":{"rendered":"G\u00f6lgeler ve Suretler"},"content":{"rendered":"<p id=\"yui_3_13_0_ym1_1_1388956501870_2894\"><b id=\"yui_3_13_0_ym1_1_1388956501870_2893\"><span id=\"yui_3_13_0_ym1_1_1388956501870_2891\" style=\"font-size: medium;\"><a href=\"https:\/\/baraka.cc\/wp-content\/uploads\/2014\/01\/golgeler-ve-suretler.jpg\"><img decoding=\"async\" class=\" wp-image-1348 alignleft\" alt=\"golgeler ve suretler\" src=\"https:\/\/baraka.cc\/wp-content\/uploads\/2014\/01\/golgeler-ve-suretler.jpg\" width=\"200\" srcset=\"https:\/\/baraka.cc\/wp-content\/uploads\/2014\/01\/golgeler-ve-suretler.jpg 679w, https:\/\/baraka.cc\/wp-content\/uploads\/2014\/01\/golgeler-ve-suretler-212x300.jpg 212w\" sizes=\"(max-width: 679px) 100vw, 679px\" \/><\/a>Baraka \u201c\u0130zle-Tart\u0131\u015f\u201d etkinli\u011finde y\u0131l\u0131n ilk filmi olarak bir K\u0131br\u0131s filmi izleniyor. Y\u00f6netmenli\u011fini ve senaristli\u011fini K\u0131br\u0131sl\u0131 sinemac\u0131 Dervi\u015f Zaim\u2019in yapt\u0131\u011f\u0131 \u201cG\u00f6lgeler ve Suretler\u201d, 4 Ocak Cumartesi saat 19.00\u2019da derne\u011fin K\u0131z\u0131lba\u015f\u2019tali lokalinde izlenecek. G\u00f6sterime, filmde rol alan oyuncu Erol Refiko\u011flu ve kost\u00fcm tasar\u0131mc\u0131s\u0131 H\u00fcseyin \u00d6zinal da kat\u0131larak film sonras\u0131nda izleyicilerle s\u00f6yle\u015fi ger\u00e7ekle\u015ftirecekler.<\/span><\/b><\/p>\n<p id=\"yui_3_13_0_ym1_1_1388956501870_2683\"><span id=\"yui_3_13_0_ym1_1_1388956501870_2889\" style=\"font-size: medium;\">2010 yap\u0131m\u0131 \u201cG\u00f6lgeler ve Suretler\u201d, \u00fclkemizin yak\u0131n tarihinden bir kesit sunmakta. 1963 y\u0131l\u0131nda ya\u015fanan \u00e7at\u0131\u015fmalar esnas\u0131nda bir gen\u00e7 k\u0131z\u0131n \u015fehre ka\u00e7\u0131\u015f \u00f6yk\u00fcs\u00fcn\u00fc konu alan film, Ankara Uluslararas\u0131 Film Festivali\u2019nde ve Antalya Alt\u0131n Portakal Film Festivali\u2019nde \u00a0\u00e7e\u015fitli \u00f6d\u00fcllere lay\u0131k g\u00f6r\u00fcld\u00fc. G\u00f6lgeler ve Suretler, Ankara\u2019da \u201cEn \u0130yi Film\u201d, \u201cEn \u0130yi Y\u00f6netmen\u201d, \u201cEn \u0130yi Kad\u0131n Oyuncu\u201d, \u201cEn \u0130yi Yard\u0131mc\u0131 Erkek Oyuncu\u201d, \u201cEn \u0130yi Sanat Y\u00f6netmeni\u201d, \u201cEn \u0130yi Kurgu\u201d ve \u201cJuri \u00d6zel \u00d6d\u00fcl\u00fc\u201d almas\u0131n\u0131n yan\u0131 s\u0131ra Antalya\u2019da \u201cSinema Yazarlar\u0131 \u00d6d\u00fcl\u00fc\u201d ile \u201cEn \u0130yi Kurgu\u201d dal\u0131nda Alt\u0131n Portakal ald\u0131. Filmde, Hazar Erg\u00fc\u00e7l\u00fc, Osman Alka\u015f, Bu\u011fra G\u00fclsoy, Cihan Tar\u0131man, Ekrem Y\u00fccelten gibi \u00fclkemizin tan\u0131nm\u0131\u015f simalar\u0131 da rol almakta.<\/span><\/p>\n<p id=\"yui_3_13_0_ym1_1_1388956501870_3149\"><span id=\"yui_3_13_0_ym1_1_1388956501870_3147\" style=\"font-size: medium;\">4 Ocak Cumartesi ak\u015fam\u0131 saat 19.00\u2019da ba\u015flayacak olan etkinli\u011fe \u00fclkemizin yak\u0131n tarihine ilgi duyan t\u00fcm sinema severler davetlidir.<\/span><\/p>\n","protected":false},"excerpt":{"rendered":"<p>Baraka \u201c\u0130zle-Tart\u0131\u015f\u201d etkinli\u011finde y\u0131l\u0131n ilk filmi olarak bir K\u0131br\u0131s filmi izleniyor. Y\u00f6netmenli\u011fini ve senaristli\u011fini K\u0131br\u0131sl\u0131 sinemac\u0131 Dervi\u015f Zaim\u2019in yapt\u0131\u011f\u0131 \u201cG\u00f6lgeler ve Suretler\u201d, 4 Ocak Cumartesi<\/p>\n","protected":false},"author":1,"featured_media":1348,"comment_status":"open","ping_status":"open","sticky":false,"template":"","format":"standard","meta":{"jetpack_post_was_ever_published":false,"_jetpack_newsletter_access":"","_jetpack_newsletter_tier_id":0,"jetpack_publicize_message":"","jetpack_is_tweetstorm":false,"jetpack_publicize_feature_enabled":true,"jetpack_social_post_already_shared":false,"jetpack_social_options":{"image_generator_settings":{"template":"highway","enabled":false}}},"categories":[29],"tags":[],"jetpack_publicize_connections":[],"jetpack_featured_media_url":"https:\/\/baraka.cc\/wp-content\/uploads\/2014\/01\/golgeler-ve-suretler.jpg","jetpack_shortlink":"https:\/\/wp.me\/p4eHWX-lJ","jetpack_sharing_enabled":true,"_links":{"self":[{"href":"https:\/\/baraka.cc\/index.php?rest_route=\/wp\/v2\/posts\/1347"}],"collection":[{"href":"https:\/\/baraka.cc\/index.php?rest_route=\/wp\/v2\/posts"}],"about":[{"href":"https:\/\/baraka.cc\/index.php?rest_route=\/wp\/v2\/types\/post"}],"author":[{"embeddable":true,"href":"https:\/\/baraka.cc\/index.php?rest_route=\/wp\/v2\/users\/1"}],"replies":[{"embeddable":true,"href":"https:\/\/baraka.cc\/index.php?rest_route=%2Fwp%2Fv2%2Fcomments&post=1347"}],"version-history":[{"count":2,"href":"https:\/\/baraka.cc\/index.php?rest_route=\/wp\/v2\/posts\/1347\/revisions"}],"predecessor-version":[{"id":1350,"href":"https:\/\/baraka.cc\/index.php?rest_route=\/wp\/v2\/posts\/1347\/revisions\/1350"}],"wp:featuredmedia":[{"embeddable":true,"href":"https:\/\/baraka.cc\/index.php?rest_route=\/wp\/v2\/media\/1348"}],"wp:attachment":[{"href":"https:\/\/baraka.cc\/index.php?rest_route=%2Fwp%2Fv2%2Fmedia&parent=1347"}],"wp:term":[{"taxonomy":"category","embeddable":true,"href":"https:\/\/baraka.cc\/index.php?rest_route=%2Fwp%2Fv2%2Fcategories&post=1347"},{"taxonomy":"post_tag","embeddable":true,"href":"https:\/\/baraka.cc\/index.php?rest_route=%2Fwp%2Fv2%2Ftags&post=1347"}],"curies":[{"name":"wp","href":"https:\/\/api.w.org\/{rel}","templated":true}]}}