{"id":1361,"date":"2010-06-17T10:22:42","date_gmt":"2010-06-17T08:22:42","guid":{"rendered":"https:\/\/baraka.cc\/?p=1361"},"modified":"2014-01-06T10:23:06","modified_gmt":"2014-01-06T08:23:06","slug":"soyley-tekel-dyrenyy-iiinda-yeny-sinif-harekety","status":"publish","type":"post","link":"https:\/\/baraka.cc\/?p=1361","title":{"rendered":"S\u00d6YLE?Y: TEKEL DYRENY?Y I?I?INDA YENY SINIF HAREKETY"},"content":{"rendered":"<p class=\"MsoNormal\" style=\"margin: 0cm 0cm 0pt; line-height: 200%; text-align: justify;\">\n<p><strong><span style=\"font-family: 'Verdana','sans-serif';\"><span style=\"font-size: medium;\">\u00a0\u00a0\u00a0\u00a0 <\/span><\/span><\/strong><span style=\"font-family: 'Verdana','sans-serif';\"><span style=\"font-size: medium;\">\u00a0<\/span><\/span><\/p>\n<p class=\"MsoNormal\" style=\"margin: 0cm 0cm 0pt; line-height: 200%; text-align: justify;\"><span style=\"font-family: 'Verdana','sans-serif';\"><span style=\"font-size: medium;\"><a href=\"https:\/\/www.baraka.cc\/images\/stories\/panel7_1.jpg\" target=\"_blank\"><img decoding=\"async\" loading=\"lazy\" alt=\" \" src=\"https:\/\/www.baraka.cc\/images\/stories\/panel7_1.jpg\" width=\"200\" height=\"150\" align=\"left\" border=\"2\" \/><\/a>Baraka K\u00fclt\u00fcr Merkezi \u201cTekel Direni?i I?y?ynda Yeni Synyf Hareketi\u201d konulu bir s\u00f6yle?i d\u00fczenledi. S\u00f6yle?inin ana konu?macysy Baraka\u2019nyn davetlisi olarak Kybrys\u2019ta bulunan Nota Bene Yayynlary Edit\u00f6r\u00fc Yal\u00e7yn B\u00fcrkev&#8217;di. 17 Haziran 2010 Per?embe saat 16:00\u2019da KT\u00d6S Lokalinde ger\u00e7ekle?en s\u00f6yle?ide, Tekel \u00f6rne?inden yola \u00e7ykarak t\u00fcm d\u00fcnyada yaygynla?an yeni synyf hareketi masaya yatyryldy. Nota Bene Yayynlary\u2019nyn, ge\u00e7ti?imiz aylarda \u00e7ykan \u201cTekel Direni?i I?y?ynda Gelenekselden Yeniye Y?\u00e7i Synyfy Hareketi\u201d isimli kitabyna da yazar olarak katky koyan Yal\u00e7yn B\u00fcrkev, 78 g\u00fcn s\u00fcren direni?te de i?\u00e7iler ile yakyndan temas kurmu? bir ki?i. Ayryca yine Yal\u00e7yn B\u00fcrkev\u2019in de i\u00e7inde bulundu?u bir ekip tarafyndan hazyrlanmy? Tekel Direni?i ile ilgili bir belgesel film bulunuyor. <a href=\"https:\/\/www.baraka.cc\/images\/stories\/panel7_2.jpg\" target=\"_blank\"><img decoding=\"async\" loading=\"lazy\" alt=\" \" src=\"https:\/\/www.baraka.cc\/images\/stories\/panel7_2.jpg\" width=\"200\" height=\"150\" align=\"right\" border=\"2\" \/><\/a><\/span><\/span><\/p>\n<p class=\"MsoNormal\" style=\"margin: 0cm 0cm 0pt; line-height: 200%; text-align: justify;\">\n<p class=\"MsoNormal\" style=\"margin: 0cm 0cm 0pt; line-height: 200%; text-align: justify;\"><span style=\"font-family: 'Verdana','sans-serif';\"><span style=\"font-size: medium;\">\u00a0\u00a0\u00a0<\/span><\/span><span style=\"font-family: 'Verdana','sans-serif';\"><span style=\"font-size: medium;\">\u00a0<\/span><\/span><\/p>\n<p>&nbsp;<\/p>\n","protected":false},"excerpt":{"rendered":"<p>\u00a0\u00a0\u00a0\u00a0 \u00a0 Baraka K\u00fclt\u00fcr Merkezi \u201cTekel Direni?i I?y?ynda Yeni Synyf Hareketi\u201d konulu bir s\u00f6yle?i d\u00fczenledi. S\u00f6yle?inin ana konu?macysy Baraka\u2019nyn davetlisi olarak Kybrys\u2019ta bulunan Nota Bene<\/p>\n","protected":false},"author":1,"featured_media":0,"comment_status":"open","ping_status":"open","sticky":false,"template":"","format":"standard","meta":{"jetpack_post_was_ever_published":false,"_jetpack_newsletter_access":"","_jetpack_newsletter_tier_id":0,"jetpack_publicize_message":"","jetpack_is_tweetstorm":false,"jetpack_publicize_feature_enabled":true,"jetpack_social_post_already_shared":false,"jetpack_social_options":{"image_generator_settings":{"template":"highway","enabled":false}}},"categories":[56],"tags":[],"jetpack_publicize_connections":[],"jetpack_featured_media_url":"","jetpack_shortlink":"https:\/\/wp.me\/p4eHWX-lX","jetpack_sharing_enabled":true,"_links":{"self":[{"href":"https:\/\/baraka.cc\/index.php?rest_route=\/wp\/v2\/posts\/1361"}],"collection":[{"href":"https:\/\/baraka.cc\/index.php?rest_route=\/wp\/v2\/posts"}],"about":[{"href":"https:\/\/baraka.cc\/index.php?rest_route=\/wp\/v2\/types\/post"}],"author":[{"embeddable":true,"href":"https:\/\/baraka.cc\/index.php?rest_route=\/wp\/v2\/users\/1"}],"replies":[{"embeddable":true,"href":"https:\/\/baraka.cc\/index.php?rest_route=%2Fwp%2Fv2%2Fcomments&post=1361"}],"version-history":[{"count":0,"href":"https:\/\/baraka.cc\/index.php?rest_route=\/wp\/v2\/posts\/1361\/revisions"}],"wp:attachment":[{"href":"https:\/\/baraka.cc\/index.php?rest_route=%2Fwp%2Fv2%2Fmedia&parent=1361"}],"wp:term":[{"taxonomy":"category","embeddable":true,"href":"https:\/\/baraka.cc\/index.php?rest_route=%2Fwp%2Fv2%2Fcategories&post=1361"},{"taxonomy":"post_tag","embeddable":true,"href":"https:\/\/baraka.cc\/index.php?rest_route=%2Fwp%2Fv2%2Ftags&post=1361"}],"curies":[{"name":"wp","href":"https:\/\/api.w.org\/{rel}","templated":true}]}}