{"id":1372,"date":"2002-06-01T10:29:06","date_gmt":"2002-06-01T08:29:06","guid":{"rendered":"https:\/\/baraka.cc\/?p=1372"},"modified":"2014-01-06T10:30:45","modified_gmt":"2014-01-06T08:30:45","slug":"nazym-hikmeti-anma-etkinlii","status":"publish","type":"post","link":"https:\/\/baraka.cc\/?p=1372","title":{"rendered":"Nazym Hikmet&#8217;i Anma Etkinli?i"},"content":{"rendered":"<p><!--  \/* Font Definitions *\/  @font-face \t{font-family:Verdana; \tpanose-1:2 11 6 4 3 5 4 4 2 4; \tmso-font-charset:162; \tmso-generic-font-family:swiss; \tmso-font-pitch:variable; \tmso-font-signature:536871559 0 0 0 415 0;}  \/* Style Definitions *\/  p.MsoNormal, li.MsoNormal, div.MsoNormal \t{mso-style-parent:\"\"; \tmargin:0cm; \tmargin-bottom:.0001pt; \tmso-pagination:widow-orphan; \tfont-size:12.0pt; \tfont-family:\"Times New Roman\"; \tmso-fareast-font-family:\"Times New Roman\"; \tmso-no-proof:yes;} @page Section1 \t{size:595.3pt 841.9pt; \tmargin:70.85pt 70.85pt 70.85pt 70.85pt; \tmso-header-margin:35.4pt; \tmso-footer-margin:35.4pt; \tmso-paper-source:0;} div.Section1 \t{page:Section1;} --><\/p>\n<p class=\"MsoNormal\" style=\"line-height: 150%;\">\n<p class=\"MsoNormal\" style=\"line-height: 150%;\"><span style=\"font-size: 11pt; line-height: 150%; font-family: Verdana;\">1 Haziran 2002 tarihinde Baraka K\u00fclt\u00fcr Merkezi ve E.K.Y.M K\u00fclt\u00fcr Merkezi, d\u00fczenledikleri ortak bir gece ile Nazym Hikmet\u2019i \u00f6l\u00fcm\u00fcn\u00fcn 39\u2019ncu yylynda andylar. Baraka lokalinde ger\u00e7ekle?en etkinlikte Nazym ?iirleri okunmasy yanysyra, Nazym Hikmet\u2019in ?iirlerinden olu?an par\u00e7alar da saz ve gitar e?li?inde s\u00f6ylendi.<\/span><\/p>\n<p class=\"MsoNormal\" style=\"line-height: 150%;\"><a href=\"https:\/\/www.baraka.cc\/images\/stories\/an1.jpg\" target=\"_blank\"><img decoding=\"async\" loading=\"lazy\" alt=\" \" src=\"https:\/\/www.baraka.cc\/images\/stories\/an1.jpg\" width=\"200\" height=\"272\" border=\"2\" \/><\/a><\/p>\n","protected":false},"excerpt":{"rendered":"<p>1 Haziran 2002 tarihinde Baraka K\u00fclt\u00fcr Merkezi ve E.K.Y.M K\u00fclt\u00fcr Merkezi, d\u00fczenledikleri ortak bir gece ile Nazym Hikmet\u2019i \u00f6l\u00fcm\u00fcn\u00fcn 39\u2019ncu yylynda andylar. Baraka lokalinde ger\u00e7ekle?en<\/p>\n","protected":false},"author":1,"featured_media":0,"comment_status":"open","ping_status":"open","sticky":false,"template":"","format":"standard","meta":{"jetpack_post_was_ever_published":false,"_jetpack_newsletter_access":"","_jetpack_newsletter_tier_id":0,"jetpack_publicize_message":"","jetpack_is_tweetstorm":false,"jetpack_publicize_feature_enabled":true,"jetpack_social_post_already_shared":false,"jetpack_social_options":{"image_generator_settings":{"template":"highway","enabled":false}}},"categories":[57],"tags":[],"jetpack_publicize_connections":[],"jetpack_featured_media_url":"","jetpack_shortlink":"https:\/\/wp.me\/p4eHWX-m8","jetpack_sharing_enabled":true,"_links":{"self":[{"href":"https:\/\/baraka.cc\/index.php?rest_route=\/wp\/v2\/posts\/1372"}],"collection":[{"href":"https:\/\/baraka.cc\/index.php?rest_route=\/wp\/v2\/posts"}],"about":[{"href":"https:\/\/baraka.cc\/index.php?rest_route=\/wp\/v2\/types\/post"}],"author":[{"embeddable":true,"href":"https:\/\/baraka.cc\/index.php?rest_route=\/wp\/v2\/users\/1"}],"replies":[{"embeddable":true,"href":"https:\/\/baraka.cc\/index.php?rest_route=%2Fwp%2Fv2%2Fcomments&post=1372"}],"version-history":[{"count":0,"href":"https:\/\/baraka.cc\/index.php?rest_route=\/wp\/v2\/posts\/1372\/revisions"}],"wp:attachment":[{"href":"https:\/\/baraka.cc\/index.php?rest_route=%2Fwp%2Fv2%2Fmedia&parent=1372"}],"wp:term":[{"taxonomy":"category","embeddable":true,"href":"https:\/\/baraka.cc\/index.php?rest_route=%2Fwp%2Fv2%2Fcategories&post=1372"},{"taxonomy":"post_tag","embeddable":true,"href":"https:\/\/baraka.cc\/index.php?rest_route=%2Fwp%2Fv2%2Ftags&post=1372"}],"curies":[{"name":"wp","href":"https:\/\/api.w.org\/{rel}","templated":true}]}}