{"id":1380,"date":"2006-04-11T10:34:47","date_gmt":"2006-04-11T08:34:47","guid":{"rendered":"https:\/\/baraka.cc\/?p=1380"},"modified":"2014-01-06T10:35:28","modified_gmt":"2014-01-06T08:35:28","slug":"dervi-ali-kavazolu-ve-kostas-miaulisi-anma-etkinlii","status":"publish","type":"post","link":"https:\/\/baraka.cc\/?p=1380","title":{"rendered":"Dervi? Ali Kavazo?lu ve Kostas Mi?aulis&#8217;i Anma Etkinli?i"},"content":{"rendered":"<p><!--  \/* Font Definitions *\/  @font-face \t{font-family:Verdana; \tpanose-1:2 11 6 4 3 5 4 4 2 4; \tmso-font-charset:162; \tmso-generic-font-family:swiss; \tmso-font-pitch:variable; \tmso-font-signature:536871559 0 0 0 415 0;}  \/* Style Definitions *\/  p.MsoNormal, li.MsoNormal, div.MsoNormal \t{mso-style-parent:\"\"; \tmargin:0cm; \tmargin-bottom:.0001pt; \tmso-pagination:widow-orphan; \tfont-size:12.0pt; \tfont-family:\"Times New Roman\"; \tmso-fareast-font-family:\"Times New Roman\"; \tmso-no-proof:yes;} @page Section1 \t{size:595.3pt 841.9pt; \tmargin:70.85pt 70.85pt 70.85pt 70.85pt; \tmso-header-margin:35.4pt; \tmso-footer-margin:35.4pt; \tmso-paper-source:0;} div.Section1 \t{page:Section1;} --><\/p>\n<p>&nbsp;<\/p>\n<p class=\"MsoNormal\" style=\"line-height: 150%;\">Kybrysly T\u00fcrk ve Kybrysly Elen dostlu?unun sembollerinden <span style=\"font-size: 11pt; line-height: 150%; font-family: Verdana;\">Dervi? Ali Kavazo?lu ile Kostas Mi?aulis\u2019in birlikte \u00f6ld\u00fcr\u00fcl\u00fc?lerinin 41. yylynda BKP Gen\u00e7lik Kollary, BDH Gen\u00e7lik Komitesi, TKP Gen\u00e7lik Kollary, KSP Gen\u00e7lik Birimi, YKP Gen\u00e7lik ve Baraka K\u00fclt\u00fcr Merkezi; ortak bir anma etkinli?i d\u00fczenledik. <\/span><\/p>\n<p>&nbsp;<\/p>\n<p>&nbsp;<\/p>\n<p class=\"MsoNormal\" style=\"line-height: 150%;\"><span style=\"font-size: 11pt; line-height: 150%; font-family: Verdana;\"><span>\u00a0<\/span><\/span><span style=\"font-size: 11pt; line-height: 150%; font-family: Verdana;\">Dervi? Ali Kavazo?lu ile Kostas Mi?aulis\u2019in \u00f6ld\u00fcr\u00fcld\u00fckleri g\u00fcn olan 11 Nisan Saly ak?amy saat 19.30\u2019da KT\u00d6S Lokali\u2019nde o d\u00f6nemin sendikacylarynyn da konu?macy olduklary bir etkinlik ger\u00e7ekle?tirildi.<\/span><\/p>\n<p class=\"MsoNormal\" style=\"line-height: 150%;\">\n<p class=\"MsoNormal\" style=\"line-height: 150%;\">\n<p class=\"MsoNormal\" style=\"line-height: 150%;\"><a href=\"https:\/\/www.baraka.cc\/images\/stories\/an5_gazete.jpg\" target=\"_blank\"><img decoding=\"async\" loading=\"lazy\" alt=\" \" src=\"https:\/\/www.baraka.cc\/images\/stories\/an5_gazete.jpg\" width=\"200\" height=\"275\" border=\"2\" \/><\/a>\u00a0<a href=\"https:\/\/www.baraka.cc\/images\/stories\/an5_1.jpg\" target=\"_blank\"><img decoding=\"async\" loading=\"lazy\" alt=\" \" src=\"https:\/\/www.baraka.cc\/images\/stories\/an5_1.jpg\" width=\"200\" height=\"303\" border=\"2\" \/><\/a><\/p>\n<p class=\"MsoNormal\" style=\"line-height: 150%;\"><a href=\"https:\/\/www.baraka.cc\/images\/stories\/an5_2.jpg\" target=\"_blank\"><img decoding=\"async\" loading=\"lazy\" alt=\" \" src=\"https:\/\/www.baraka.cc\/images\/stories\/an5_2.jpg\" width=\"200\" height=\"134\" border=\"2\" \/><\/a><\/p>\n<p class=\"MsoNormal\" style=\"line-height: 150%;\">\n<p class=\"MsoNormal\" style=\"line-height: 150%;\"><em><span style=\"font-size: 11pt; line-height: 150%; font-family: Verdana;\">11 Nisan 2006, KT\u00d6S<\/span><\/em><\/p>\n<p class=\"MsoNormal\" style=\"line-height: 150%;\"><em><span style=\"font-size: 11pt; line-height: 150%; font-family: Verdana;\">Baraka K\u00fclt\u00fcr Merkezi adyna M\u00fcn\u00fcr Rahvancyo?lu\u2019nun yapty?y konu?ma<\/span><\/em><\/p>\n<p class=\"MsoNormal\" style=\"line-height: 150%;\">\n<p class=\"MsoNormal\" style=\"line-height: 150%;\"><span style=\"font-size: 11pt; line-height: 150%; font-family: Verdana;\">Arkada?lar,<\/span><\/p>\n<p class=\"MsoNormal\" style=\"line-height: 150%;\"><span style=\"font-size: 11pt; line-height: 150%; font-family: Verdana;\">1 Mayys 1958\u2019de, yyllardan sonra ilk kez Kybrysly T\u00fcrk ve Elen halklary ortak bir kortejle 1 Mayys\u2019y kutladylar. Lefko?a sokaklaryny dolduran binlerce ki?i, m\u00fccadele tarihinin sayfalarynda iz byrakan bir heyecan yaratty. Ama ayny zamanda egemenler ve emperyalistlerin huzurunu da bozdular. 1 Mayys 1958 \u00f6nemli bir tarihtir. Bu tarihte T\u00fcrk E?itim Kul\u00fcb\u00fc binasyny tahrip ve ya?ma eden g\u00fc\u00e7ler, Kybrysly ilerici, aydyn insanlary da tehdit ve basky ile i?\u00e7i synyfy hareketinden uzakla?tyrdylar. Ortak 1 Mayys\u2019yn onlary ne kadar \u00fcrk\u00fctt\u00fc?\u00fcn\u00fc b\u00f6ylece g\u00f6sterdiler. O tarihten \u00f6?renece?imiz \u00e7ok ?ey var.<\/span><\/p>\n<p class=\"MsoNormal\" style=\"line-height: 150%;\"><span style=\"font-size: 11pt; line-height: 150%; font-family: Verdana;\">Bizler bu g\u00fcn buraya \u00f6?renmeye geldik. \u00d6?renmek, de?i?tirmenin ilk adymydyr. Dinlemeden, konu?madan, diyalog kurmadan ve \u00f6?renmeden de?i?tiremeyiz. Y?te bu g\u00fcn buraya Kamil ve Aziz Dayylarymyzy dinleyip onlardan \u00f6?renmeye, 1 Mayys 1958\u2019in ko?ullaryny anlamaya geldik. Ve belki de 1 Mayys 2007\u2019de kuzeyde ve g\u00fcneyde iki ayry kortejde de?il tek bir alanda tek bir 1 Mayys kutlamak \u00fczere neler yapabilece?imizi bulmaya geldik.<\/span><\/p>\n<p class=\"MsoNormal\" style=\"line-height: 150%;\"><span style=\"font-size: 11pt; line-height: 150%; font-family: Verdana;\">Hepiniz ho?geldiniz. <\/span><\/p>\n<p class=\"MsoNormal\" style=\"line-height: 150%;\">\n<p class=\"MsoNormal\" style=\"line-height: 150%;\"><span style=\"font-size: 11pt; line-height: 150%; font-family: Verdana;\"><a href=\"https:\/\/www.baraka.cc\/images\/stories\/an5_davet.doc\" target=\"_blank\">Ortak Anma Etkinli?ine Davet<\/a><\/span><\/p>\n<p class=\"MsoNormal\" style=\"line-height: 150%;\">\n<p class=\"MsoNormal\" style=\"line-height: 150%;\">\n<p class=\"MsoNormal\" style=\"line-height: 150%;\">\n<p class=\"MsoNormal\" style=\"line-height: 150%;\">\n<p class=\"MsoNormal\" style=\"line-height: 150%;\">\n","protected":false},"excerpt":{"rendered":"<p>&nbsp; Kybrysly T\u00fcrk ve Kybrysly Elen dostlu?unun sembollerinden Dervi? Ali Kavazo?lu ile Kostas Mi?aulis\u2019in birlikte \u00f6ld\u00fcr\u00fcl\u00fc?lerinin 41. yylynda BKP Gen\u00e7lik Kollary, BDH Gen\u00e7lik Komitesi, TKP<\/p>\n","protected":false},"author":1,"featured_media":0,"comment_status":"open","ping_status":"open","sticky":false,"template":"","format":"standard","meta":{"jetpack_post_was_ever_published":false,"_jetpack_newsletter_access":"","_jetpack_newsletter_tier_id":0,"jetpack_publicize_message":"","jetpack_is_tweetstorm":false,"jetpack_publicize_feature_enabled":true,"jetpack_social_post_already_shared":false,"jetpack_social_options":{"image_generator_settings":{"template":"highway","enabled":false}}},"categories":[57],"tags":[],"jetpack_publicize_connections":[],"jetpack_featured_media_url":"","jetpack_shortlink":"https:\/\/wp.me\/p4eHWX-mg","jetpack_sharing_enabled":true,"_links":{"self":[{"href":"https:\/\/baraka.cc\/index.php?rest_route=\/wp\/v2\/posts\/1380"}],"collection":[{"href":"https:\/\/baraka.cc\/index.php?rest_route=\/wp\/v2\/posts"}],"about":[{"href":"https:\/\/baraka.cc\/index.php?rest_route=\/wp\/v2\/types\/post"}],"author":[{"embeddable":true,"href":"https:\/\/baraka.cc\/index.php?rest_route=\/wp\/v2\/users\/1"}],"replies":[{"embeddable":true,"href":"https:\/\/baraka.cc\/index.php?rest_route=%2Fwp%2Fv2%2Fcomments&post=1380"}],"version-history":[{"count":1,"href":"https:\/\/baraka.cc\/index.php?rest_route=\/wp\/v2\/posts\/1380\/revisions"}],"predecessor-version":[{"id":1381,"href":"https:\/\/baraka.cc\/index.php?rest_route=\/wp\/v2\/posts\/1380\/revisions\/1381"}],"wp:attachment":[{"href":"https:\/\/baraka.cc\/index.php?rest_route=%2Fwp%2Fv2%2Fmedia&parent=1380"}],"wp:term":[{"taxonomy":"category","embeddable":true,"href":"https:\/\/baraka.cc\/index.php?rest_route=%2Fwp%2Fv2%2Fcategories&post=1380"},{"taxonomy":"post_tag","embeddable":true,"href":"https:\/\/baraka.cc\/index.php?rest_route=%2Fwp%2Fv2%2Ftags&post=1380"}],"curies":[{"name":"wp","href":"https:\/\/api.w.org\/{rel}","templated":true}]}}