{"id":1382,"date":"2006-05-25T10:35:53","date_gmt":"2006-05-25T08:35:53","guid":{"rendered":"https:\/\/baraka.cc\/?p=1382"},"modified":"2014-01-06T10:38:45","modified_gmt":"2014-01-06T08:38:45","slug":"fazyl-onderi-anma-etkinlii","status":"publish","type":"post","link":"https:\/\/baraka.cc\/?p=1382","title":{"rendered":"Fazyl \u00d6nder&#8217;i Anma Etkinli?i"},"content":{"rendered":"<p><!--  \/* Font Definitions *\/  @font-face \t{font-family:Verdana; \tpanose-1:2 11 6 4 3 5 4 4 2 4; \tmso-font-charset:162; \tmso-generic-font-family:swiss; \tmso-font-pitch:variable; \tmso-font-signature:536871559 0 0 0 415 0;}  \/* Style Definitions *\/  p.MsoNormal, li.MsoNormal, div.MsoNormal \t{mso-style-parent:\"\"; \tmargin:0cm; \tmargin-bottom:.0001pt; \tmso-pagination:widow-orphan; \tfont-size:12.0pt; \tfont-family:\"Times New Roman\"; \tmso-fareast-font-family:\"Times New Roman\"; \tmso-no-proof:yes;} a:link, span.MsoHyperlink \t{color:blue; \ttext-decoration:underline; \ttext-underline:single;} a:visited, span.MsoHyperlinkFollowed \t{color:purple; \ttext-decoration:underline; \ttext-underline:single;} @page Section1 \t{size:595.3pt 841.9pt; \tmargin:70.85pt 70.85pt 70.85pt 70.85pt; \tmso-header-margin:35.4pt; \tmso-footer-margin:35.4pt; \tmso-paper-source:0;} div.Section1 \t{page:Section1;} --><\/p>\n<p>&nbsp;<\/p>\n<p class=\"MsoNormal\" style=\"line-height: 150%;\">48 yyl \u00f6nce 1958\u2019de TMT tarafyndan \u00e7ar?y i\u00e7inde vurularak ve by\u00e7aklanarak \u00f6ld\u00fcr\u00fclen Fazyl \u00d6nder, \u00f6l\u00fcm\u00fcnden sonra ilk kez anyldy.<\/p>\n<p>&nbsp;<\/p>\n<p>&nbsp;<\/p>\n<p class=\"MsoNormal\" style=\"line-height: 150%;\"><span style=\"font-size: 11pt; line-height: 150%; font-family: Verdana;\">\u00d6l\u00fcm\u00fcn\u00fcn 48. yyly nedeniyle bir etkinlik tertipleyen Baraka K\u00fclt\u00fcr Merkezi, TKP, BKP, KSP, BDH gen\u00e7lik \u00f6rg\u00fctleri, Fazyl \u00d6nder\u2019i katledildi?i yerde andy. Etkinlik Saray\u00f6n\u00fc\u2019nde ba?lady. Ellerindeki pankartlarla Fazyl \u00d6nder\u2019in \u00f6ld\u00fcr\u00fcld\u00fc?\u00fc yere do?ru \u201cKahrolsun Fa?izm\u201d, \u201cYa?asyn Halklaryn Karde?li?i\u201d sloganlary ve mar?larla y\u00fcr\u00fcyen eylemciler, 48 yyl \u00f6nce Fazyl \u00d6nder\u2019in \u00f6ld\u00fcr\u00fcld\u00fc?\u00fc yerde bir dakikalyk saygy duru?unda bulundular. Kamil Tuncel\u2019in kysa konu?masyndan sonra mumlar yakyldy ve \u00f6ld\u00fcr\u00fcld\u00fc?\u00fc yere karanfiller byrakyldy. <\/span><\/p>\n<p class=\"MsoNormal\" style=\"line-height: 150%;\"><span style=\"font-size: 11pt; line-height: 150%; font-family: Verdana;\">Baraka m\u00fczik toplulu?u Sol Anahtary burada <a href=\"https:\/\/www.baraka.cc\/index.php?option=com_content&amp;task=view&amp;id=72&amp;Itemid=112\">kysa bir konser<\/a> verdi.<span>\u00a0 <\/span>Halen g\u00fcneyde ya?ayan Fazyl \u00d6nder\u2019in m\u00fccadele arkada?laryndan Ybrahim Aziz\u2019in g\u00f6nderdi?i kyrmyzy karanfillerden olu?an \u00e7elenk de eyleme ayry bir \u00f6nem katty. Fazyl \u00d6nder\u2019i anma t\u00f6renine kyzy Ay?e Zeytincio?lu ve torunu Fazyl Zeytincio?lu da katyldy. <\/span><\/p>\n<p class=\"MsoNormal\" style=\"line-height: 150%;\">\n<p class=\"MsoNormal\" style=\"line-height: 150%;\"><span style=\"font-size: 11pt; line-height: 150%; font-family: Verdana;\"><a href=\"https:\/\/www.baraka.cc\/index.php?option=com_content&amp;task=view&amp;id=229&amp;Itemid=273\" target=\"_blank\">Ortak Bildiri<\/a><\/span><\/p>\n<p class=\"MsoNormal\" style=\"line-height: 150%;\">\n<p class=\"MsoNormal\" style=\"line-height: 150%;\"><span style=\"font-size: 11pt; line-height: 150%; font-family: Verdana;\"><a href=\"https:\/\/www.baraka.cc\/images\/stories\/an6_1.jpg\" target=\"_blank\"><img decoding=\"async\" loading=\"lazy\" alt=\" \" src=\"https:\/\/www.baraka.cc\/images\/stories\/an6_1.jpg\" width=\"200\" height=\"150\" border=\"2\" \/><\/a>\u00a0<a href=\"https:\/\/www.baraka.cc\/images\/stories\/an6_2.jpg\" target=\"_blank\"><img decoding=\"async\" loading=\"lazy\" alt=\" \" src=\"https:\/\/www.baraka.cc\/images\/stories\/an6_2.jpg\" width=\"200\" height=\"150\" border=\"2\" \/><\/a><\/span><\/p>\n<p class=\"MsoNormal\" style=\"line-height: 150%;\"><span style=\"font-size: 11pt; line-height: 150%; font-family: Verdana;\"><a href=\"https:\/\/www.baraka.cc\/images\/stories\/an6_3.jpg\" target=\"_blank\"><img decoding=\"async\" loading=\"lazy\" alt=\" \" src=\"https:\/\/www.baraka.cc\/images\/stories\/an6_3.jpg\" width=\"200\" height=\"150\" border=\"2\" \/><\/a>\u00a0<a href=\"https:\/\/www.baraka.cc\/images\/stories\/an6_4.jpg\" target=\"_blank\"><img decoding=\"async\" loading=\"lazy\" alt=\" \" src=\"https:\/\/www.baraka.cc\/images\/stories\/an6_4.jpg\" width=\"150\" height=\"200\" border=\"2\" \/><\/a><\/span><\/p>\n<p class=\"MsoNormal\" style=\"line-height: 150%;\"><a href=\"https:\/\/www.baraka.cc\/images\/stories\/an6_5.jpg\" target=\"_blank\"><img decoding=\"async\" loading=\"lazy\" alt=\" \" src=\"https:\/\/www.baraka.cc\/images\/stories\/an6_5.jpg\" width=\"150\" height=\"200\" border=\"2\" \/><\/a>\u00a0<a href=\"https:\/\/www.baraka.cc\/images\/stories\/an6_6.jpg\" target=\"_blank\"><img decoding=\"async\" loading=\"lazy\" alt=\" \" src=\"https:\/\/www.baraka.cc\/images\/stories\/an6_6.jpg\" width=\"200\" height=\"150\" border=\"2\" \/><\/a><\/p>\n<p class=\"MsoNormal\" style=\"line-height: 150%;\"><a href=\"https:\/\/www.baraka.cc\/images\/stories\/an6_7.jpg\" target=\"_blank\"><img decoding=\"async\" loading=\"lazy\" alt=\" \" src=\"https:\/\/www.baraka.cc\/images\/stories\/an6_7.jpg\" width=\"200\" height=\"150\" border=\"2\" \/><\/a>\u00a0<a href=\"https:\/\/www.baraka.cc\/images\/stories\/an6_8.jpg\" target=\"_blank\"><img decoding=\"async\" loading=\"lazy\" alt=\" \" src=\"https:\/\/www.baraka.cc\/images\/stories\/an6_8.jpg\" width=\"200\" height=\"150\" border=\"2\" \/><\/a><\/p>\n","protected":false},"excerpt":{"rendered":"<p>&nbsp; 48 yyl \u00f6nce 1958\u2019de TMT tarafyndan \u00e7ar?y i\u00e7inde vurularak ve by\u00e7aklanarak \u00f6ld\u00fcr\u00fclen Fazyl \u00d6nder, \u00f6l\u00fcm\u00fcnden sonra ilk kez anyldy. &nbsp; &nbsp; \u00d6l\u00fcm\u00fcn\u00fcn 48. yyly<\/p>\n","protected":false},"author":1,"featured_media":0,"comment_status":"open","ping_status":"open","sticky":false,"template":"","format":"standard","meta":{"jetpack_post_was_ever_published":false,"_jetpack_newsletter_access":"","_jetpack_newsletter_tier_id":0,"jetpack_publicize_message":"","jetpack_is_tweetstorm":false,"jetpack_publicize_feature_enabled":true,"jetpack_social_post_already_shared":false,"jetpack_social_options":{"image_generator_settings":{"template":"highway","enabled":false}}},"categories":[57],"tags":[],"jetpack_publicize_connections":[],"jetpack_featured_media_url":"","jetpack_shortlink":"https:\/\/wp.me\/p4eHWX-mi","jetpack_sharing_enabled":true,"_links":{"self":[{"href":"https:\/\/baraka.cc\/index.php?rest_route=\/wp\/v2\/posts\/1382"}],"collection":[{"href":"https:\/\/baraka.cc\/index.php?rest_route=\/wp\/v2\/posts"}],"about":[{"href":"https:\/\/baraka.cc\/index.php?rest_route=\/wp\/v2\/types\/post"}],"author":[{"embeddable":true,"href":"https:\/\/baraka.cc\/index.php?rest_route=\/wp\/v2\/users\/1"}],"replies":[{"embeddable":true,"href":"https:\/\/baraka.cc\/index.php?rest_route=%2Fwp%2Fv2%2Fcomments&post=1382"}],"version-history":[{"count":1,"href":"https:\/\/baraka.cc\/index.php?rest_route=\/wp\/v2\/posts\/1382\/revisions"}],"predecessor-version":[{"id":1383,"href":"https:\/\/baraka.cc\/index.php?rest_route=\/wp\/v2\/posts\/1382\/revisions\/1383"}],"wp:attachment":[{"href":"https:\/\/baraka.cc\/index.php?rest_route=%2Fwp%2Fv2%2Fmedia&parent=1382"}],"wp:term":[{"taxonomy":"category","embeddable":true,"href":"https:\/\/baraka.cc\/index.php?rest_route=%2Fwp%2Fv2%2Fcategories&post=1382"},{"taxonomy":"post_tag","embeddable":true,"href":"https:\/\/baraka.cc\/index.php?rest_route=%2Fwp%2Fv2%2Ftags&post=1382"}],"curies":[{"name":"wp","href":"https:\/\/api.w.org\/{rel}","templated":true}]}}